{"id":188,"date":"2022-07-20T14:28:45","date_gmt":"2022-07-20T14:28:45","guid":{"rendered":"http:\/\/www.automakersnews.cz\/?p=188"},"modified":"2022-07-20T14:28:45","modified_gmt":"2022-07-20T14:28:45","slug":"volkswagen-svolava-do-servisu-multivan-t7","status":"publish","type":"post","link":"https:\/\/www.automakersnews.cz\/index.php\/2022\/07\/20\/volkswagen-svolava-do-servisu-multivan-t7\/","title":{"rendered":"Volkswagen svol\u00e1v\u00e1 do servisu Multivan T7"},"content":{"rendered":"<p><strong>VW svol\u00e1v\u00e1 Multivan T7 kv\u016fli probl\u00e9m\u016fm s hlavov\u00fdmi airbagy. Vadn\u00e9 upevn\u011bn\u00ed m\u016f\u017ee zv\u00fd\u0161it riziko zran\u011bn\u00ed a kv\u016fli \u0161patn\u011b veden\u00e9mu kabelov\u00e9mu svazku hroz\u00ed z\u00e1vady a nebezpe\u010d\u00ed po\u017e\u00e1ru.<\/strong><!--more--><\/p>\n<p>Volkswagen zah\u00e1jil svol\u00e1vac\u00ed akci pro model\u00a0<a href=\"https:\/\/svolavacky.cz\/model\/t7\/\">Multivan T7<\/a>. Hlavov\u00e9 airbagy mohou b\u00fdt nespr\u00e1vn\u011b p\u0159ipevn\u011bny a zvy\u0161ovat riziko zran\u011bn\u00ed v p\u0159\u00edpad\u011b nehody.<\/p>\n<p>Nav\u00edc je kabelov\u00fd svazek v oblasti hlavov\u00fdch airbag\u016f veden nespr\u00e1vn\u011b, co\u017e se m\u016f\u017ee projevit mnoha zp\u016fsoby, nap\u0159\u00edklad \u00fapln\u00fdm zastaven\u00edm vozidla. Nelze vylou\u010dit ani vznik po\u017e\u00e1ru.<\/p>\n<p>Podle n\u011bmeck\u00e9ho \u00da\u0159adu pro motorov\u00e1 vozidla (KBA) se svol\u00e1vac\u00ed akce t\u00fdk\u00e1\u00a0<strong>7 896 vozidel<\/strong>\u00a0vyroben\u00fdch od z\u00e1\u0159\u00ed 2021 do kv\u011btna 2022. 4 182 z nich je registrov\u00e1no v N\u011bmecku.<\/p>\n","protected":false},"excerpt":{"rendered":"<div class=\"mh-excerpt\"><p>VW svol\u00e1v\u00e1 Multivan T7 kv\u016fli probl\u00e9m\u016fm s hlavov\u00fdmi airbagy. Vadn\u00e9 upevn\u011bn\u00ed m\u016f\u017ee zv\u00fd\u0161it riziko zran\u011bn\u00ed a kv\u016fli \u0161patn\u011b veden\u00e9mu kabelov\u00e9mu svazku hroz\u00ed z\u00e1vady a nebezpe\u010d\u00ed <a class=\"mh-excerpt-more\" href=\"https:\/\/www.automakersnews.cz\/index.php\/2022\/07\/20\/volkswagen-svolava-do-servisu-multivan-t7\/\" title=\"Volkswagen svol\u00e1v\u00e1 do servisu Multivan T7\">[&#8230;]<\/a><\/p>\n<\/div>","protected":false},"author":1,"featured_media":189,"comment_status":"open","ping_status":"open","sticky":false,"template":"","format":"standard","meta":{"footnotes":""},"categories":[17],"tags":[],"class_list":["post-188","post","type-post","status-publish","format-standard","has-post-thumbnail","hentry","category-servis"],"_links":{"self":[{"href":"https:\/\/www.automakersnews.cz\/index.php\/wp-json\/wp\/v2\/posts\/188","targetHints":{"allow":["GET"]}}],"collection":[{"href":"https:\/\/www.automakersnews.cz\/index.php\/wp-json\/wp\/v2\/posts"}],"about":[{"href":"https:\/\/www.automakersnews.cz\/index.php\/wp-json\/wp\/v2\/types\/post"}],"author":[{"embeddable":true,"href":"https:\/\/www.automakersnews.cz\/index.php\/wp-json\/wp\/v2\/users\/1"}],"replies":[{"embeddable":true,"href":"https:\/\/www.automakersnews.cz\/index.php\/wp-json\/wp\/v2\/comments?post=188"}],"version-history":[{"count":0,"href":"https:\/\/www.automakersnews.cz\/index.php\/wp-json\/wp\/v2\/posts\/188\/revisions"}],"wp:featuredmedia":[{"embeddable":true,"href":"https:\/\/www.automakersnews.cz\/index.php\/wp-json\/wp\/v2\/media\/189"}],"wp:attachment":[{"href":"https:\/\/www.automakersnews.cz\/index.php\/wp-json\/wp\/v2\/media?parent=188"}],"wp:term":[{"taxonomy":"category","embeddable":true,"href":"https:\/\/www.automakersnews.cz\/index.php\/wp-json\/wp\/v2\/categories?post=188"},{"taxonomy":"post_tag","embeddable":true,"href":"https:\/\/www.automakersnews.cz\/index.php\/wp-json\/wp\/v2\/tags?post=188"}],"curies":[{"name":"wp","href":"https:\/\/api.w.org\/{rel}","templated":true}]}}