{"id":19146,"date":"2023-02-03T13:01:56","date_gmt":"2023-02-03T13:01:56","guid":{"rendered":"https:\/\/www.automakersnews.cz\/?p=19146"},"modified":"2023-02-03T13:02:17","modified_gmt":"2023-02-03T13:02:17","slug":"gcp-presune-manazery-v-predstavenstvu","status":"publish","type":"post","link":"https:\/\/www.automakersnews.cz\/index.php\/2023\/02\/03\/gcp-presune-manazery-v-predstavenstvu\/","title":{"rendered":"G\u010cP p\u0159esune mana\u017eery v p\u0159edstavenstvu"},"content":{"rendered":"<p><strong>Generali \u010cesk\u00e9 poji\u0161\u0165ovna chyst\u00e1 k leto\u0161n\u00edmu b\u0159eznu person\u00e1ln\u00ed zm\u011bny v p\u0159edstavenstvu. Slovensk\u00e9 top mana\u017eery spole\u010dnosti \u010dekaj\u00ed p\u0159esuny.<br \/>\n<\/strong><!--more--><\/p>\n<p><strong>Pavel Pito\u0148\u00e1k<\/strong>, \u010dlen p\u0159edstavenstva a obchodn\u00ed \u0159editel pro \u010ceskou republiku, bude zast\u00e1vat od b\u0159ezna pozici vedouc\u00edho pobo\u010dky Generali na Slovensku a sou\u010dasn\u011b obchodn\u00edho \u0159editele pro Slovensko. Z\u00e1rove\u0148 nad\u00e1le v\u00e9st \u00fatvary bankopoji\u0161t\u011bn\u00ed a autopoji\u0161t\u011bn\u00ed a cestovn\u00edho poji\u0161t\u011bn\u00ed v \u010cesk\u00e9 republice. Pavel Pito\u0148\u00e1k je \u00fasp\u011b\u0161n\u00fdm mana\u017eerem s dlouholet\u00fdmi zku\u0161enostmi z pojistn\u00e9ho sektoru jak v \u010cesk\u00e9 republice, tak na Slovensku. M\u00e1 na kont\u011b skv\u011bl\u00e9 obchodn\u00ed v\u00fdsledky dosa\u017een\u00e9 na \u010desk\u00e9m trhu, kde \u0159\u00eddil jednu z nejv\u011bt\u0161\u00edch transformac\u00ed distribu\u010dn\u00edch s\u00edt\u00ed.<\/p>\n<figure id=\"attachment_837\" class=\"wp-caption alignnone\" aria-describedby=\"caption-attachment-837\"><img loading=\"lazy\" decoding=\"async\" class=\"size-medium wp-image-837\" src=\"http:\/\/www.czechbankingnews.cz\/wp-content\/uploads\/2023\/02\/Pavol_Pitonak-200x300.jpg\" sizes=\"auto, (max-width: 200px) 100vw, 200px\" srcset=\"https:\/\/www.czechbankingnews.cz\/wp-content\/uploads\/2023\/02\/Pavol_Pitonak-200x300.jpg 200w, https:\/\/www.czechbankingnews.cz\/wp-content\/uploads\/2023\/02\/Pavol_Pitonak-683x1024.jpg 683w, https:\/\/www.czechbankingnews.cz\/wp-content\/uploads\/2023\/02\/Pavol_Pitonak-768x1152.jpg 768w, https:\/\/www.czechbankingnews.cz\/wp-content\/uploads\/2023\/02\/Pavol_Pitonak.jpg 864w\" alt=\"\" width=\"200\" height=\"300\" \/><figcaption id=\"caption-attachment-837\" class=\"wp-caption-text\">Pavol Pito\u0148\u00e1k<\/figcaption><\/figure>\n<p>Pavel Pito\u0148\u00e1k p\u0159evezme svou novou roli po Juraji Jur\u010d\u00edkovi, kter\u00fd je nyn\u00ed \u010dlenem p\u0159edstavenstva a z\u00e1rove\u0148 vedouc\u00edm pobo\u010dky Generali na Slovensku. Juraj i nad\u00e1le z\u016fst\u00e1v\u00e1 sou\u010d\u00e1st\u00ed Generali, v n\u00ed\u017e v\u00edce ne\u017e 25 let zast\u00e1val r\u016fzn\u00e9 pozice jak na Slovensku, tak i v zahrani\u010d\u00ed.<\/p>\n<figure id=\"attachment_838\" class=\"wp-caption alignnone\" aria-describedby=\"caption-attachment-838\"><img loading=\"lazy\" decoding=\"async\" class=\"size-medium wp-image-838\" src=\"http:\/\/www.czechbankingnews.cz\/wp-content\/uploads\/2023\/02\/Juraj_Jurcik-210x300.jpg\" sizes=\"auto, (max-width: 210px) 100vw, 210px\" srcset=\"https:\/\/www.czechbankingnews.cz\/wp-content\/uploads\/2023\/02\/Juraj_Jurcik-210x300.jpg 210w, https:\/\/www.czechbankingnews.cz\/wp-content\/uploads\/2023\/02\/Juraj_Jurcik-716x1024.jpg 716w, https:\/\/www.czechbankingnews.cz\/wp-content\/uploads\/2023\/02\/Juraj_Jurcik-768x1098.jpg 768w, https:\/\/www.czechbankingnews.cz\/wp-content\/uploads\/2023\/02\/Juraj_Jurcik.jpg 1023w\" alt=\"\" width=\"210\" height=\"300\" \/><figcaption id=\"caption-attachment-838\" class=\"wp-caption-text\">Juraj Jur\u010d\u00edk<\/figcaption><\/figure>\n<p>Nov\u00fdm \u010dlenem p\u0159edstavenstva a obchodn\u00edm \u0159editelem pro retail v\u00a0\u010cesk\u00e9 republice se stane <strong>Mari\u00e1n Zelko<\/strong>, kter\u00fd v\u00edce ne\u017e t\u0159i roky \u00fasp\u011b\u0161n\u011b \u0159\u00eddil \u00datvar z\u00e1kaznick\u00e9ho rozvoje a marketingu. Pro Generali pracuje v\u00edce ne\u017e 11 let, p\u0159ed p\u0159\u00edchodem do \u010cesk\u00e9 republiky byl zodpov\u011bdn\u00fd za extern\u00ed distribuci, inova\u010dn\u00ed a strategick\u00fd t\u00fdm na Slovensku.<\/p>\n<figure id=\"attachment_839\" class=\"wp-caption alignnone\" aria-describedby=\"caption-attachment-839\"><img loading=\"lazy\" decoding=\"async\" class=\"size-medium wp-image-839\" src=\"http:\/\/www.czechbankingnews.cz\/wp-content\/uploads\/2023\/02\/Marian_Zelko-207x300.jpg\" sizes=\"auto, (max-width: 207px) 100vw, 207px\" srcset=\"https:\/\/www.czechbankingnews.cz\/wp-content\/uploads\/2023\/02\/Marian_Zelko-207x300.jpg 207w, https:\/\/www.czechbankingnews.cz\/wp-content\/uploads\/2023\/02\/Marian_Zelko-707x1024.jpg 707w, https:\/\/www.czechbankingnews.cz\/wp-content\/uploads\/2023\/02\/Marian_Zelko-768x1113.jpg 768w, https:\/\/www.czechbankingnews.cz\/wp-content\/uploads\/2023\/02\/Marian_Zelko-1060x1536.jpg 1060w, https:\/\/www.czechbankingnews.cz\/wp-content\/uploads\/2023\/02\/Marian_Zelko.jpg 1337w\" alt=\"\" width=\"207\" height=\"300\" \/><figcaption id=\"caption-attachment-839\" class=\"wp-caption-text\">Mari\u00e1n Zelko<\/figcaption><\/figure>\n<p>\u00datvar Z\u00e1kaznick\u00e9ho rozvoje a marketingu p\u0159evezme \u010dlenka p\u0159edstavenstva <strong>Katar\u00edna Bobotov\u00e1<\/strong>, kter\u00e1 bude nov\u011b zast\u00e1vat pozici \u0159editelky transformace, marketingu a z\u00e1kaznick\u00e9ho rozvoje. Kate\u0159ina Bobotov\u00e1 pracuje pro Generali od roku 2016, p\u0159i\u010dem\u017e jak na Slovensku, tak v \u010cesk\u00e9 republice odpov\u00eddala za HR, strategii a \u0159\u00eddila procesy transformace spole\u010dnosti.<\/p>\n<figure id=\"attachment_840\" class=\"wp-caption alignnone\" aria-describedby=\"caption-attachment-840\"><img loading=\"lazy\" decoding=\"async\" class=\"size-medium wp-image-840\" src=\"http:\/\/www.czechbankingnews.cz\/wp-content\/uploads\/2023\/02\/Katarina_Bobotova-201x300.jpeg\" sizes=\"auto, (max-width: 201px) 100vw, 201px\" srcset=\"https:\/\/www.czechbankingnews.cz\/wp-content\/uploads\/2023\/02\/Katarina_Bobotova-201x300.jpeg 201w, https:\/\/www.czechbankingnews.cz\/wp-content\/uploads\/2023\/02\/Katarina_Bobotova.jpeg 648w\" alt=\"\" width=\"201\" height=\"300\" \/><figcaption id=\"caption-attachment-840\" class=\"wp-caption-text\">Katar\u00edna Bobotov\u00e1<\/figcaption><\/figure>\n<p><em>\u201eRok 2022 byl n\u00e1ro\u010dn\u00fd z n\u011bkolika hledisek. O to v\u00edc si v\u00e1\u017e\u00edm, \u017ee jsme v obou zem\u00edch obh\u00e1jili pozici \u00fasp\u011b\u0161n\u00e9ho a siln\u00e9ho hr\u00e1\u010de, kter\u00e9mu se velmi dob\u0159e da\u0159ilo. Za t\u00edmto \u00fasp\u011bchem je n\u00e1\u0161 siln\u00fd \u010deskoslovensk\u00fd t\u00fdm. D\u011bkuji Jurajovi, kter\u00fd byl sou\u010d\u00e1st\u00ed slovensk\u00e9 Generali od jej\u00edho za\u010d\u00e1tku a v\u00fdznamn\u011b p\u0159isp\u011bl k jej\u00edm \u00fasp\u011bch\u016fm. Aktu\u00e1ln\u00ed zm\u011bny v na\u0161em p\u0159edstavenstvu poukazuj\u00ed na v\u00fdznam propojen\u00ed slovensk\u00fdch a \u010desk\u00fdch aktivit. M\u00fdm kolegyn\u00edm a koleg\u016fm z p\u0159edstavenstva p\u0159eji v jejich nov\u00fdch rol\u00edch mnoho \u00fasp\u011bch\u016f a t\u011b\u0161\u00edm se na dal\u0161\u00ed skv\u011blou spolupr\u00e1ci. Jsem p\u0159esv\u011bd\u010den, \u017ee nov\u00e9 uspo\u0159\u00e1d\u00e1n\u00ed n\u00e1m pom\u016f\u017ee v napl\u0148ov\u00e1n\u00ed na\u0161\u00ed strategie celo\u017eivotn\u00edho partnera klient\u016f,\u201c<\/em> \u0159ekl Roman Jur\u00e1\u0161 p\u0159edseda p\u0159edstavenstva, gener\u00e1ln\u00ed \u0159editel Generali \u010cesk\u00e9 poji\u0161\u0165ovny a country mana\u017eer Skupiny Generali pro \u010ceskou republiku a Slovensko.<\/p>\n<p>Shora uveden\u00e9 zm\u011bny jsou je\u0161t\u011b p\u0159edm\u011btem nezbytn\u00fdch \u0159\u00edzen\u00ed p\u0159ed dohledov\u00fdmi org\u00e1ny.<\/p>\n<p><strong>Zdroj: Czechbanking.cz<\/strong><\/p>\n","protected":false},"excerpt":{"rendered":"<div class=\"mh-excerpt\"><p>Generali \u010cesk\u00e9 poji\u0161\u0165ovna chyst\u00e1 k leto\u0161n\u00edmu b\u0159eznu person\u00e1ln\u00ed zm\u011bny v p\u0159edstavenstvu. Slovensk\u00e9 top mana\u017eery spole\u010dnosti \u010dekaj\u00ed p\u0159esuny.<\/p>\n<\/div>","protected":false},"author":1,"featured_media":19147,"comment_status":"open","ping_status":"open","sticky":false,"template":"","format":"standard","meta":{"footnotes":""},"categories":[24,3,5],"tags":[],"class_list":["post-19146","post","type-post","status-publish","format-standard","has-post-thumbnail","hentry","category-management","category-personalie","category-pojisteni"],"_links":{"self":[{"href":"https:\/\/www.automakersnews.cz\/index.php\/wp-json\/wp\/v2\/posts\/19146","targetHints":{"allow":["GET"]}}],"collection":[{"href":"https:\/\/www.automakersnews.cz\/index.php\/wp-json\/wp\/v2\/posts"}],"about":[{"href":"https:\/\/www.automakersnews.cz\/index.php\/wp-json\/wp\/v2\/types\/post"}],"author":[{"embeddable":true,"href":"https:\/\/www.automakersnews.cz\/index.php\/wp-json\/wp\/v2\/users\/1"}],"replies":[{"embeddable":true,"href":"https:\/\/www.automakersnews.cz\/index.php\/wp-json\/wp\/v2\/comments?post=19146"}],"version-history":[{"count":0,"href":"https:\/\/www.automakersnews.cz\/index.php\/wp-json\/wp\/v2\/posts\/19146\/revisions"}],"wp:featuredmedia":[{"embeddable":true,"href":"https:\/\/www.automakersnews.cz\/index.php\/wp-json\/wp\/v2\/media\/19147"}],"wp:attachment":[{"href":"https:\/\/www.automakersnews.cz\/index.php\/wp-json\/wp\/v2\/media?parent=19146"}],"wp:term":[{"taxonomy":"category","embeddable":true,"href":"https:\/\/www.automakersnews.cz\/index.php\/wp-json\/wp\/v2\/categories?post=19146"},{"taxonomy":"post_tag","embeddable":true,"href":"https:\/\/www.automakersnews.cz\/index.php\/wp-json\/wp\/v2\/tags?post=19146"}],"curies":[{"name":"wp","href":"https:\/\/api.w.org\/{rel}","templated":true}]}}