{"id":19618,"date":"2023-02-05T21:41:28","date_gmt":"2023-02-05T21:41:28","guid":{"rendered":"https:\/\/www.automakersnews.cz\/?p=19618"},"modified":"2023-02-05T21:41:28","modified_gmt":"2023-02-05T21:41:28","slug":"tatra-loni-vyrobila-vice-aut-nez-predloni","status":"publish","type":"post","link":"https:\/\/www.automakersnews.cz\/index.php\/2023\/02\/05\/tatra-loni-vyrobila-vice-aut-nez-predloni\/","title":{"rendered":"Tatra loni vyrobila v\u00edce aut ne\u017e p\u0159edloni"},"content":{"rendered":"<p><strong>Tat\u0159e Trucks se v roce 2022 da\u0159ilo, co\u017e se prom\u00edtlo do po\u010dtu 1326 vyroben\u00fdch a prodan\u00fdch voz\u016f a p\u0159ekon\u00e1n\u00ed p\u0159edpokl\u00e1dan\u00fdch tr\u017eeb. Automobilka tak\u00e9 v minul\u00e9m roce pokra\u010dovala v pln\u011bn\u00ed kl\u00ed\u010dov\u00fdch kontrakt\u016f a zah\u00e1jila v\u00fdvoj nov\u00fdch generac\u00ed aut sv\u00fdch st\u011b\u017eejn\u00edch modelov\u00fdch \u0159ad i syst\u00e9m\u016f alternativn\u00edch pohon\u016f. <\/strong><!--more--><\/p>\n<p>Za rok 2022 kop\u0159ivnick\u00e1 automobilka Tatra Trucks dos\u00e1hla tr\u017eeb ve v\u00fd\u0161i 7,12 miliardy korun, co\u017e je o 10 procent v\u00edce, ne\u017e pl\u00e1novala. Z\u00e1kazn\u00edk\u016fm v r\u016fzn\u00fdch segmentech dodala 1326 automobil\u016f, co\u017e je v\u00edce ne\u017e v letech p\u0159edchoz\u00edch a tento po\u010det je potvrzen\u00edm trendu postupn\u00e9ho zv\u011bt\u0161ov\u00e1n\u00ed objemu produkce. Pro tento rok Tatra Trucks pl\u00e1nuje dal\u0161\u00ed nav\u00fd\u0161en\u00ed v\u00fdroby, pokud se z\u00e1m\u011br zda\u0159\u00ed, dostane se automobilka na rekordn\u00ed \u010d\u00edsla v novodob\u00e9 historii.<\/p>\n<p>Tatra Trucks dlouhodob\u011b rozv\u00edj\u00ed svou produkci pro v\u0161echna odv\u011btv\u00ed, kde se uplat\u0148uj\u00ed pln\u011bpohonn\u00e9 st\u0159edn\u00ed a t\u011b\u017ek\u00e9 n\u00e1kladn\u00ed automobily, p\u0159i\u010dem\u017e se sna\u017e\u00ed udr\u017eovat rovnov\u00e1hu objemu v\u00fdroby pro civiln\u00ed a obrann\u00fd sektor. Nejv\u011bt\u0161\u00ed \u010d\u00e1st z celkem 1326 dodan\u00fdch n\u00e1kladn\u00edch automobil\u016f za minul\u00fd rok putovala na tuzemsk\u00fd trh. Necelou polovinu z celkov\u00e9 produkce tvo\u0159ila vozidla pro civiln\u00ed segmenty, jako jsou stavebnictv\u00ed, t\u011b\u017eebn\u00ed pr\u016fmysl, komun\u00e1ln\u00ed slu\u017eby, zem\u011bd\u011blstv\u00ed atd., a tak\u00e9 pro z\u00e1kazn\u00edky v oblasti hasi\u010dsk\u00fdch a z\u00e1chrann\u00fdch slo\u017eek. V minul\u00e9m roce m\u00edrn\u011b p\u0159ev\u00e1\u017eila produkce n\u00e1kladn\u00edch voz\u016f pro obrann\u00fd segment, p\u0159edev\u0161\u00edm vzhledem k mezin\u00e1rodn\u00ed bezpe\u010dnostn\u00ed situaci a pot\u0159eb\u00e1m \u010desk\u00e9 arm\u00e1dy.<\/p>\n<p>\u201ePosledn\u00ed roky byly pro na\u0161i spole\u010dnost \u00fasp\u011b\u0161n\u00e9 a chceme v tom pokra\u010dovat i v roce 2023. V minul\u00e9m roce jsme pracovali na \u0159ad\u011b zak\u00e1zek, k nejv\u011bt\u0161\u00edm pat\u0159ily ty, je\u017e spadaj\u00ed do obrann\u00e9ho a z\u00e1chran\u00e1\u0159sk\u00e9ho sektoru. \u0160lo hlavn\u011b o logistick\u00e1 vozidla na p\u0159epravu n\u00e1klad\u016f a osob pro \u010deskou a belgickou arm\u00e1du, ale tak\u00e9 nap\u0159\u00edklad hasi\u010dsk\u00e9 speci\u00e1ly pro n\u011bmeck\u00fd trh,\u201c up\u0159esnil Pavel Lazar, gener\u00e1ln\u00ed \u0159editel a p\u0159edseda p\u0159edstavenstva spole\u010dnosti Tatra Trucks.<\/p>\n<p>Tatra Trucks v minul\u00e9m roce za\u010dala ve spolupr\u00e1ci se spole\u010dnost\u00ed DAF Trucks a dal\u0161\u00edm kop\u0159ivnick\u00fdm podnikem Tatra Defence Vehicle (TDV) dod\u00e1vat automobily v r\u00e1mci objedn\u00e1vky na t\u00e9m\u011b\u0159 900 logistick\u00fdch vozidel pro belgickou arm\u00e1du. Tento kontrakt t\u0159i partnersk\u00e9 firmy z\u00edskaly v r\u00e1mci v\u00fdb\u011brov\u00e9ho \u0159\u00edzen\u00ed o rok d\u0159\u00edve. Belgick\u00e1 zak\u00e1zka p\u0159edstavuje pro Tatra Trucks i TDV pr\u016flomov\u00fd projekt, je to toti\u017e poprv\u00e9, kdy se v tak velk\u00e9m m\u011b\u0159\u00edtku prosadily na \u00fazem\u00ed z\u00e1padoevropsk\u00fdch \u010dlen\u016f NATO, kde je siln\u00e1 konkurence m\u00edstn\u00edch v\u00fdrobc\u016f.<\/p>\n<p>V druh\u00e9 polovin\u011b roku 2022 byly tak\u00e9 velmi d\u016fle\u017eit\u00e9 objedn\u00e1vky na t\u00e9m\u011b\u0159 t\u0159i stovky p\u0159epravn\u00edch automobil\u016f Tatra pro \u010deskou arm\u00e1du, kter\u00e9 Ministerstvo obrany \u010cR objednalo prost\u0159ednictv\u00edm urgentn\u00edho zp\u016fsobu zad\u00e1n\u00ed v souvislosti se zhor\u0161enou bezpe\u010dnost\u00ed situac\u00ed. \u201eDok\u00e1zali jsme na po\u017eadavky ministerstva velmi pru\u017en\u011b zareagovat a do konce roku 2022 jsme dodali na dv\u011b st\u011b n\u00e1kladn\u00edch automobil\u016f v souladu se smlouvami ze srpna a z\u00e1\u0159\u00ed. Pln\u011bn\u00ed smluv pokra\u010duje i letos, arm\u00e1d\u011b dod\u00e1me dal\u0161\u00ed des\u00edtky tatrovek, stejn\u011b tak i p\u0159\u00ed\u0161t\u00ed rok,\u201c vysv\u011btlil Petr Hendrych, obchodn\u00ed \u0159editel a m\u00edstop\u0159edseda p\u0159edstavenstva Tatra Trucks.<\/p>\n<p>Velmi v\u00fdznamn\u00e9 z hlediska pronik\u00e1n\u00ed na z\u00e1padoevropsk\u00e9 trhy jsou i zak\u00e1zky na hasi\u010dsk\u00e9 speci\u00e1ly ur\u010den\u00e9 pro N\u011bmecko. V minul\u00e9m roce automobilka splnila dod\u00e1vku 46 hasi\u010dsk\u00fdch vozidel Tatra s n\u00e1stavbami od \u010desk\u00e9ho v\u00fdrobce THT Poli\u010dka pro hasi\u010dsk\u00e9 jednotky spolkov\u00e9 zem\u011b Braniborsko. Loni tak\u00e9 zah\u00e1jila ve spolupr\u00e1ci s firmou Rosenbauer v\u00fdrobu 77 hasi\u010dsk\u00fdch automobil\u016f Tatra pro n\u011bmeck\u00fd Bundeswehr. Dod\u00e1vky t\u011bchto vozidel budou pokra\u010dovat i letos. Loni firma vyrobila tak\u00e9 prvn\u00ed vozidla Tatra ur\u010den\u00e1 pro nov\u00e9 mobiln\u00ed 3D radary typu MADR \u010desk\u00e9 arm\u00e1dy a d\u00e1le pro speci\u00e1ln\u00ed syst\u00e9my elektronick\u00e9ho ru\u0161en\u00ed STARKOM nebo podvozky 6&#215;6 ur\u010den\u00e9 pro obrn\u011bn\u00e1 vozidla TITUS, kter\u00e9 si \u010desk\u00e1 arm\u00e1da rovn\u011b\u017e objednala.<\/p>\n<p>Lo\u0148sk\u00fd rok se nesl i ve znamen\u00ed d\u016fle\u017eit\u00fdch ud\u00e1lost\u00ed. Tatra Trucks nap\u0159\u00edklad vyrobila jubilejn\u00ed n\u00e1kladn\u00ed v\u016fz s po\u0159adov\u00fdm \u010d\u00edslem 10 000 od p\u0159evzet\u00ed automobilky sou\u010dasn\u00fdmi \u010desk\u00fdmi vlastn\u00edky v roce 2013. Jeho dokon\u010den\u00ed doprovodil slavnostn\u00ed akt za \u00fa\u010dasti pozvan\u00fdch osobnost\u00ed a velk\u00e9ho z\u00e1jmu m\u00e9di\u00ed. Automobilka tak\u00e9 v z\u00e1\u0159\u00ed otev\u0159ela nov\u00e9 servisn\u00ed a \u0161kolic\u00ed centrum v Kop\u0159ivnici, kter\u00e9 v\u00fdrazn\u011b napomohlo zkvalitn\u011bn\u00ed slu\u017eeb pro z\u00e1kazn\u00edky i obchodn\u00ed partnery Tatra Trucks.<\/p>\n<p>Kop\u0159ivnick\u00e1 spole\u010dnost ale tak\u00e9 samoz\u0159ejm\u011b mysl\u00ed na budoucnost. V minul\u00e9m roce se kup\u0159\u00edkladu rozb\u011bhl projekt v\u00fdvoje n\u00e1kladn\u00edho automobilu s vod\u00edkov\u00fdmi palivov\u00fdmi \u010dl\u00e1nky. \u201eNa projektu spolupracujeme s n\u011bkolika na\u0161imi partnery, p\u0159i\u010dem\u017e v minul\u00e9m roce jsme p\u0159ipravili koncepci vozu a letos pracujeme na stavb\u011b prototypu. Ten by m\u011bl b\u00fdt p\u0159ipraven na instalaci palivov\u00fdch \u010dl\u00e1nk\u016f v polovin\u011b leto\u0161n\u00edho roku,\u201c sd\u011blil Radom\u00edr Smolka, \u0159editel v\u00fdzkumu a v\u00fdvoje spole\u010dnosti Tatra Trucks.<\/p>\n<p>\u201ePracujeme tak\u00e9 na hybridn\u00edm voze s motorem Tatra a gener\u00e1torem nebo na bateriov\u00e9m vozidle se spalovac\u00edm motorem v roli range extenderu a ve spolupr\u00e1ci s \u010cVUT tak\u00e9 na motoru Tatra spaluj\u00edc\u00edm vod\u00edk,\u201c doplnil Radom\u00edr Smolka. Tatra Trucks pokra\u010duje rovn\u011b\u017e ve v\u00fdvoji nov\u00fdch generac\u00ed sv\u00fdch standardn\u00edch model\u016f. V lo\u0148sk\u00e9m roce nap\u0159\u00edklad ji\u017e za\u010daly zkou\u0161ky prototyp\u016f nov\u00e9 generace modelov\u00e9 \u0159ady Tatra Force. Konstrukt\u00e9\u0159i automobilky tak\u00e9 od lo\u0148sk\u00e9ho roku pracuj\u00ed na nov\u00e9 generaci modelov\u00e9 \u0159ady Tatra Phoenix. Ob\u011b novinky by se mohly dostat do s\u00e9riov\u00e9 v\u00fdroby v roce 2024 \u010di 2025.<\/p>\n<p>Vzhledem ke zvy\u0161uj\u00edc\u00edmu se po\u010dtu projekt\u016f a objemu v\u00fdroby Tatra Trucks loni hledala nov\u00e9 zam\u011bstnance, a i na tomto poli byla \u00fasp\u011b\u0161n\u00e1. \u201eSpole\u010dn\u011b s partnersk\u00fdmi spole\u010dnostmi z holdingu Czechoslovak Group a Promet Group jsme spustili n\u00e1borovou kampa\u0148 Tatra hled\u00e1 500 zam\u011bstnanc\u016f. V jej\u00edm pr\u016fb\u011bhu se poda\u0159ilo z\u00edskat v\u00edce ne\u017e 570 nov\u00fdch zam\u011bstnanc\u016f pro Tatru i dal\u0161\u00ed spolupracuj\u00edc\u00ed firmy v kop\u0159ivnick\u00e9m pr\u016fmyslov\u00e9m are\u00e1lu,\u201c \u0159ekla person\u00e1ln\u00ed \u0159editelka Nat\u00e1lie Linhartov\u00e1. Minul\u00fd rok ale tak\u00e9 p\u0159inesl komplikace a t\u011b\u017ekosti zap\u0159\u00ed\u010din\u011bn\u00e9 vn\u011bj\u0161\u00edmi faktory. Jednak to byly dozvuky pandemick\u00e9 krize u n\u011bkter\u00fdch subdodavatel\u016f, ale p\u0159edev\u0161\u00edm zhor\u0161en\u00ed bezpe\u010dnostn\u00ed situace v souvislosti s konfliktem na Ukrajin\u011b. Ten m\u011bl negativn\u00ed vliv na stabilitu n\u011bkter\u00fdch dod\u00e1vek od obchodn\u00edch partner\u016f a dodavatel\u016f komponent, p\u0159edev\u0161\u00edm se v\u0161ak prom\u00edtl do n\u00e1r\u016fstu cen energi\u00ed, materi\u00e1l\u016f a tak\u00e9 jednotliv\u00fdch vstupn\u00edch polo\u017eek v\u00fdrobn\u00edch proces\u016f.<\/p>\n<p>Vedle rozv\u00edjen\u00ed sv\u00fdch podnikatelsk\u00fdch aktivit se Tatra Trucks loni soust\u0159edila i na start projektu ESG (Environmental, Social, Governance), tedy na modern\u00ed zp\u016fsob fungov\u00e1n\u00ed a veden\u00ed firmy v r\u00e1mci udr\u017eitelnosti a odpov\u011bdnosti v\u016f\u010di \u017eivotn\u00edmu prost\u0159ed\u00ed a spole\u010dnosti. \u201eOcen\u011bn\u00edm tohoto projektu je za\u0159azen\u00ed Tatry mezi TOP 10 \u010desk\u00fdch firem v r\u00e1mci ESG Ratingu, kter\u00fd sestavila Asociace spole\u010densk\u00e9 odpov\u011bdnosti. Na\u0161e spole\u010dnost v listopadu z\u00edskala je\u0161t\u011b dal\u0161\u00ed dv\u011b spole\u010densk\u00e1 ocen\u011bn\u00ed. Ta rovn\u011b\u017e odr\u00e1\u017eej\u00ed na\u0161i spole\u010denskou anga\u017eovanost i z\u00e1jem o na\u0161e okol\u00ed a stejn\u011b tak p\u00e9\u010di o historick\u00e9 d\u011bdictv\u00ed spojen\u00e9 s na\u0161\u00ed v\u00edce ne\u017e 170letou existenc\u00ed,\u201c informoval marketingov\u00fd \u0159editel automobilky Kamil Ko\u0161\u0165\u00e1l. Konkr\u00e9tn\u011b \u0161lo o Cenu gener\u00e1ln\u00ed \u0159editelky N\u00e1rodn\u00edho pam\u00e1tkov\u00e9ho \u00fastavu za z\u00e1chranu motorov\u00e9ho \u017eelezni\u010dn\u00edho vozu Slovensk\u00e1 strela a Cenu hejtmana Moravskoslezsk\u00e9ho kraje za \u010dinnost automobilky ve prosp\u011bch obyvatel kraje a projekty zlep\u0161uj\u00edc\u00ed \u017eivot v regionu nad r\u00e1mec b\u011b\u017en\u00fdch povinnost\u00ed podnikatelsk\u00fdch subjekt\u016f.<\/p>\n<figure id=\"attachment_3320\" aria-describedby=\"caption-attachment-3320\" style=\"width: 627px\" class=\"wp-caption alignnone\"><img loading=\"lazy\" decoding=\"async\" class=\"size-full wp-image-3320\" src=\"http:\/\/www.automakersnews.cz\/wp-content\/uploads\/2022\/11\/Tatra.jpg\" alt=\"\" width=\"627\" height=\"417\" srcset=\"https:\/\/www.automakersnews.cz\/wp-content\/uploads\/2022\/11\/Tatra.jpg 627w, https:\/\/www.automakersnews.cz\/wp-content\/uploads\/2022\/11\/Tatra-300x200.jpg 300w\" sizes=\"auto, (max-width: 627px) 100vw, 627px\" \/><figcaption id=\"caption-attachment-3320\" class=\"wp-caption-text\">Tatra bude pou\u017e\u00edvat LiDAR pro detekci objekt\u016f v bl\u00edzkosti vozidla<\/figcaption><\/figure>\n","protected":false},"excerpt":{"rendered":"<div class=\"mh-excerpt\"><p>Tat\u0159e Trucks se v roce 2022 da\u0159ilo, co\u017e se prom\u00edtlo do po\u010dtu 1326 vyroben\u00fdch a prodan\u00fdch voz\u016f a p\u0159ekon\u00e1n\u00ed p\u0159edpokl\u00e1dan\u00fdch tr\u017eeb. Automobilka tak\u00e9 v minul\u00e9m <a class=\"mh-excerpt-more\" href=\"https:\/\/www.automakersnews.cz\/index.php\/2023\/02\/05\/tatra-loni-vyrobila-vice-aut-nez-predloni\/\" title=\"Tatra loni vyrobila v\u00edce aut ne\u017e p\u0159edloni\">[&#8230;]<\/a><\/p>\n<\/div>","protected":false},"author":4,"featured_media":82,"comment_status":"open","ping_status":"open","sticky":false,"template":"","format":"standard","meta":{"footnotes":""},"categories":[33],"tags":[],"class_list":["post-19618","post","type-post","status-publish","format-standard","has-post-thumbnail","hentry","category-vyrobci"],"_links":{"self":[{"href":"https:\/\/www.automakersnews.cz\/index.php\/wp-json\/wp\/v2\/posts\/19618","targetHints":{"allow":["GET"]}}],"collection":[{"href":"https:\/\/www.automakersnews.cz\/index.php\/wp-json\/wp\/v2\/posts"}],"about":[{"href":"https:\/\/www.automakersnews.cz\/index.php\/wp-json\/wp\/v2\/types\/post"}],"author":[{"embeddable":true,"href":"https:\/\/www.automakersnews.cz\/index.php\/wp-json\/wp\/v2\/users\/4"}],"replies":[{"embeddable":true,"href":"https:\/\/www.automakersnews.cz\/index.php\/wp-json\/wp\/v2\/comments?post=19618"}],"version-history":[{"count":0,"href":"https:\/\/www.automakersnews.cz\/index.php\/wp-json\/wp\/v2\/posts\/19618\/revisions"}],"wp:featuredmedia":[{"embeddable":true,"href":"https:\/\/www.automakersnews.cz\/index.php\/wp-json\/wp\/v2\/media\/82"}],"wp:attachment":[{"href":"https:\/\/www.automakersnews.cz\/index.php\/wp-json\/wp\/v2\/media?parent=19618"}],"wp:term":[{"taxonomy":"category","embeddable":true,"href":"https:\/\/www.automakersnews.cz\/index.php\/wp-json\/wp\/v2\/categories?post=19618"},{"taxonomy":"post_tag","embeddable":true,"href":"https:\/\/www.automakersnews.cz\/index.php\/wp-json\/wp\/v2\/tags?post=19618"}],"curies":[{"name":"wp","href":"https:\/\/api.w.org\/{rel}","templated":true}]}}