{"id":19620,"date":"2023-02-05T21:38:49","date_gmt":"2023-02-05T21:38:49","guid":{"rendered":"https:\/\/www.automakersnews.cz\/?p=19620"},"modified":"2023-02-05T21:38:49","modified_gmt":"2023-02-05T21:38:49","slug":"seat-a-cupra-bodovaly-ve-fleet-derby","status":"publish","type":"post","link":"https:\/\/www.automakersnews.cz\/index.php\/2023\/02\/05\/seat-a-cupra-bodovaly-ve-fleet-derby\/","title":{"rendered":"SEAT a CUPRA bodovaly ve FLEET DERBY"},"content":{"rendered":"<p><strong>Zat\u00edmco v roce 2021 se prodalo 643 voz\u016f CUPRA, loni to bylo ji\u017e 2313 aut, co\u017e znamen\u00e1 n\u00e1r\u016fst prodeje o t\u00e9m\u011b\u0159 260 %. Za sv\u00e9 v\u00fdkony si tak z vyhl\u00e1\u0161en\u00ed v\u00fdsledk\u016f ankety FLEET DERBY 2023 odnesl ocen\u011bn\u00ed Firemn\u00ed prodeje roku 2022 Petr Schmidt, kter\u00fd m\u00e1 na startosti fleetov\u00e9 prodeje zna\u010dek CUPRA a SEAT.<\/strong><!--more--><\/p>\n<p>Dal\u0161\u00edm \u00fasp\u011bchem v anket\u011b FLEET DERBY 2023 je t\u0159et\u00ed m\u00edsto ve t\u0159\u00edd\u011b Referentsk\u00e9 vozy pro SEAT Leon Sportstourer.<\/p>\n<p>\u201eOcen\u011bn\u00ed Firemn\u00ed prodeje roku 2022 si velmi v\u00e1\u017e\u00edm a pat\u0159\u00ed nejen mn\u011b, ale cel\u00e9mu na\u0161emu t\u00fdmu a prodejn\u00ed s\u00edti obou zna\u010dek SEAT a CUPRA,\u201c\u00a0\u0159\u00edk\u00e1 Petr Schmidt, Corporate Sales Manager SEAT &amp; CUPRA ve spole\u010dnosti Porsche \u010cesk\u00e1 republika.<\/p>\n<p>\u201eV lo\u0148sk\u00e9m roce se n\u00e1m navzdory omezen\u00fdm v\u00fdrobn\u00edm kapacit\u00e1m kv\u016fli nedostatku polovodi\u010d\u016f a dal\u0161\u00edch d\u00edl\u016f poda\u0159ilo realizovat \u0159adu \u00fasp\u011b\u0161n\u00fdch fleetov\u00fdch obchod\u016f a ve stejn\u00e9 obchodn\u00ed strategii, kter\u00e1 je zalo\u017eena na \u00fazk\u00e9 spolupr\u00e1ci s\u00a0na\u0161imi st\u00e1l\u00fdmi z\u00e1kazn\u00edky a na aktivn\u00edm oslovov\u00e1n\u00ed nov\u00fdch z\u00e1kazn\u00edk\u016f, budeme postupovat i v\u00a0leto\u0161n\u00edm roce. Krom\u011b toho tak\u00e9 pokra\u010dujeme v\u00a0prohlubov\u00e1n\u00ed spolupr\u00e1ce s\u00a0v\u011bt\u0161inou renomovan\u00fdch leasingov\u00fdch spole\u010dnost\u00ed na \u010desk\u00e9m trhu.\u201c<\/p>\n<p>Mezi nejv\u011bt\u0161\u00ed fleetov\u00e9 z\u00e1kazn\u00edky zna\u010dek SEAT a CUPRA pat\u0159ily v roce 2022 mezin\u00e1rodn\u00ed autop\u016fj\u010dovny, nap\u0159\u00edklad SIXT, Europcar, Hertz a dal\u0161\u00ed. Vozov\u00e9 parky autop\u016fj\u010doven pos\u00edlil p\u0159edev\u0161\u00edm Formentor, kter\u00fd byl loni nej\u00fasp\u011b\u0161n\u011bj\u0161\u00edm flotilov\u00fdm modelem zna\u010dky CUPRA. Sedmdes\u00e1t voz\u016f Formentor odebral SIXT, dal\u0161\u00edch \u010dty\u0159icet p\u0159evzal Europcar.<\/p>\n<p>Ob\u011b spole\u010dnosti tak\u00e9 po\u010d\u00edtaj\u00ed s\u00a0dod\u00e1n\u00edm celkem \u0161edes\u00e1ti voz\u016f CUPRA Leon. \u00dasp\u011b\u0161n\u00fdm tendrem byla rovn\u011b\u017e dod\u00e1vka vozidel pro Zdravotnickou z\u00e1chrannou slu\u017ebu Plze\u0148sk\u00e9ho kraje, kde se do slu\u017eby za\u0159adily vozy SEAT Tarraco, zat\u00edmco St\u00e1tn\u00ed fond dopravn\u00ed infastruktury se rozhodl pro model SEAT Ateca. Dal\u0161\u00edmi v\u00fdznamn\u00fdmi fleetov\u00fdmi klienty zna\u010dek SEAT a CUPRA v\u00a0lo\u0148sk\u00e9m roce byly mimo jin\u00e9 spole\u010dnosti \u010cEZ, Schenker, W\u00fcrth a Marelli Automotive Lighting.<\/p>\n<p><img loading=\"lazy\" decoding=\"async\" class=\"alignnone wp-image-19623\" src=\"http:\/\/www.automakersnews.cz\/wp-content\/uploads\/2023\/02\/flee-a-cupra-2small-2-300x225.jpg\" alt=\"\" width=\"817\" height=\"613\" srcset=\"https:\/\/www.automakersnews.cz\/wp-content\/uploads\/2023\/02\/flee-a-cupra-2small-2-300x225.jpg 300w, https:\/\/www.automakersnews.cz\/wp-content\/uploads\/2023\/02\/flee-a-cupra-2small-2-1024x768.jpg 1024w, https:\/\/www.automakersnews.cz\/wp-content\/uploads\/2023\/02\/flee-a-cupra-2small-2-768x576.jpg 768w, https:\/\/www.automakersnews.cz\/wp-content\/uploads\/2023\/02\/flee-a-cupra-2small-2-678x509.jpg 678w, https:\/\/www.automakersnews.cz\/wp-content\/uploads\/2023\/02\/flee-a-cupra-2small-2-326x245.jpg 326w, https:\/\/www.automakersnews.cz\/wp-content\/uploads\/2023\/02\/flee-a-cupra-2small-2-80x60.jpg 80w, https:\/\/www.automakersnews.cz\/wp-content\/uploads\/2023\/02\/flee-a-cupra-2small-2.jpg 1133w\" sizes=\"auto, (max-width: 817px) 100vw, 817px\" \/><\/p>\n<p>Nez\u00e1visl\u00e1 odborn\u00e1 anketa FLEET DERBY vyb\u00edr\u00e1 nejlep\u0161\u00ed automobily pro vozov\u00e9 parky firem a podnikatel\u016f. V sud\u00fdch ro\u010dn\u00edc\u00edch jsou p\u0159edm\u011btem hlasov\u00e1n\u00ed tak\u00e9 dal\u0161\u00ed produkty a slu\u017eby na flotilov\u00e9m trhu. Hlasov\u00e1n\u00ed flotilov\u00fdch mana\u017eer\u016f v jednotliv\u00fdch kategori\u00edch prob\u00edh\u00e1 prost\u0159ednictv\u00edm internetu.<\/p>\n<p>Nominovan\u00e9 automobily jsou rozd\u011bleny do \u0161esti t\u0159\u00edd \u2013 mana\u017eersk\u00e9 vozy, SUV a crossovery, referentsk\u00e9 vozy, elektromobily, ekologick\u00e9 vozy (hybridn\u00ed pohony, LPG, CNG) a u\u017eitkov\u00e9 vozy do 3,5 tuny.<\/p>\n<p>Odborn\u00e1 porota vol\u00ed celkov\u00e9 v\u00edt\u011bze, kte\u0159\u00ed se stanou dr\u017eiteli titulu Flotilov\u00e9 auto roku a Flotilov\u00e9 elektroauto roku. Mezi posuzovan\u00e1 krit\u00e9ria pat\u0159\u00ed p\u0159edev\u0161\u00edm celkov\u00e9 n\u00e1klady (TCO), pom\u011br cena\/v\u00fdkon, technic\u00e1 vysp\u011blost konstrukce, z\u016fstatkov\u00e1 hodnota, ale tak\u00e9 spot\u0159eba, emise, reprezentativn\u00ed charakter nebo j\u00edzdn\u00ed vlastnosti a bezpe\u010dnost. Anketu FLEET DERBY organizuje magaz\u00edn Business Car.<\/p>\n<p><img loading=\"lazy\" decoding=\"async\" class=\"alignnone wp-image-19622\" src=\"http:\/\/www.automakersnews.cz\/wp-content\/uploads\/2023\/02\/flee-a-cupra-3-small-3-300x225.jpg\" alt=\"\" width=\"879\" height=\"659\" srcset=\"https:\/\/www.automakersnews.cz\/wp-content\/uploads\/2023\/02\/flee-a-cupra-3-small-3-300x225.jpg 300w, https:\/\/www.automakersnews.cz\/wp-content\/uploads\/2023\/02\/flee-a-cupra-3-small-3-1024x768.jpg 1024w, https:\/\/www.automakersnews.cz\/wp-content\/uploads\/2023\/02\/flee-a-cupra-3-small-3-768x576.jpg 768w, https:\/\/www.automakersnews.cz\/wp-content\/uploads\/2023\/02\/flee-a-cupra-3-small-3-678x509.jpg 678w, https:\/\/www.automakersnews.cz\/wp-content\/uploads\/2023\/02\/flee-a-cupra-3-small-3-326x245.jpg 326w, https:\/\/www.automakersnews.cz\/wp-content\/uploads\/2023\/02\/flee-a-cupra-3-small-3-80x60.jpg 80w, https:\/\/www.automakersnews.cz\/wp-content\/uploads\/2023\/02\/flee-a-cupra-3-small-3.jpg 1133w\" sizes=\"auto, (max-width: 879px) 100vw, 879px\" \/><\/p>\n","protected":false},"excerpt":{"rendered":"<div class=\"mh-excerpt\"><p>Zat\u00edmco v roce 2021 se prodalo 643 voz\u016f CUPRA, loni to bylo ji\u017e 2313 aut, co\u017e znamen\u00e1 n\u00e1r\u016fst prodeje o t\u00e9m\u011b\u0159 260 %. Za sv\u00e9 <a class=\"mh-excerpt-more\" href=\"https:\/\/www.automakersnews.cz\/index.php\/2023\/02\/05\/seat-a-cupra-bodovaly-ve-fleet-derby\/\" title=\"SEAT a CUPRA bodovaly ve FLEET DERBY\">[&#8230;]<\/a><\/p>\n<\/div>","protected":false},"author":4,"featured_media":19621,"comment_status":"open","ping_status":"open","sticky":false,"template":"","format":"standard","meta":{"footnotes":""},"categories":[7,25],"tags":[],"class_list":["post-19620","post","type-post","status-publish","format-standard","has-post-thumbnail","hentry","category-ankety","category-fleety"],"_links":{"self":[{"href":"https:\/\/www.automakersnews.cz\/index.php\/wp-json\/wp\/v2\/posts\/19620","targetHints":{"allow":["GET"]}}],"collection":[{"href":"https:\/\/www.automakersnews.cz\/index.php\/wp-json\/wp\/v2\/posts"}],"about":[{"href":"https:\/\/www.automakersnews.cz\/index.php\/wp-json\/wp\/v2\/types\/post"}],"author":[{"embeddable":true,"href":"https:\/\/www.automakersnews.cz\/index.php\/wp-json\/wp\/v2\/users\/4"}],"replies":[{"embeddable":true,"href":"https:\/\/www.automakersnews.cz\/index.php\/wp-json\/wp\/v2\/comments?post=19620"}],"version-history":[{"count":0,"href":"https:\/\/www.automakersnews.cz\/index.php\/wp-json\/wp\/v2\/posts\/19620\/revisions"}],"wp:featuredmedia":[{"embeddable":true,"href":"https:\/\/www.automakersnews.cz\/index.php\/wp-json\/wp\/v2\/media\/19621"}],"wp:attachment":[{"href":"https:\/\/www.automakersnews.cz\/index.php\/wp-json\/wp\/v2\/media?parent=19620"}],"wp:term":[{"taxonomy":"category","embeddable":true,"href":"https:\/\/www.automakersnews.cz\/index.php\/wp-json\/wp\/v2\/categories?post=19620"},{"taxonomy":"post_tag","embeddable":true,"href":"https:\/\/www.automakersnews.cz\/index.php\/wp-json\/wp\/v2\/tags?post=19620"}],"curies":[{"name":"wp","href":"https:\/\/api.w.org\/{rel}","templated":true}]}}