{"id":19625,"date":"2023-02-07T06:48:54","date_gmt":"2023-02-07T06:48:54","guid":{"rendered":"https:\/\/www.automakersnews.cz\/?p=19625"},"modified":"2023-02-07T06:48:54","modified_gmt":"2023-02-07T06:48:54","slug":"bmw-chysta-vyrobu-elektromobilu-v-mexiku","status":"publish","type":"post","link":"https:\/\/www.automakersnews.cz\/index.php\/2023\/02\/07\/bmw-chysta-vyrobu-elektromobilu-v-mexiku\/","title":{"rendered":"BMW chyst\u00e1 v\u00fdrobu elektromobil\u016f v Mexiku"},"content":{"rendered":"<div id=\"article-text\" class=\"serif\">\n<p><strong>BMW Group zrychluje sv\u016fj p\u0159echod na elektromobilitu, firma hodl\u00e1 50% pod\u00edlu na sv\u00e9 glob\u00e1ln\u00ed produkci pro \u010dist\u011b elektrick\u00e9 modely dos\u00e1hnout d\u0159\u00edve ne\u017e v roce 2030. <\/strong><\/p>\n<\/div>\n<p><!--more--><\/p>\n<p>Spole\u010dnost pl\u00e1nuje do konce roku 2030 prod\u00e1vat v\u00edce ne\u017e 50 procent \u010dist\u011b elektrick\u00fdch voz\u016f a za t\u00edmto \u00fa\u010delem investuje do roz\u0161\u00ed\u0159en\u00ed sv\u00e9 mezin\u00e1rodn\u00ed v\u00fdrobn\u00ed s\u00edt\u011b. Tov\u00e1rna v\u00a0mexick\u00e9m San Luis Potos\u00ed bude v budoucnu vyr\u00e1b\u011bt \u010dist\u011b elektrick\u00e9 modely NEUE KLASSE, z\u00a0tohoto d\u016fvodu zde vznik\u00e1 tak\u00e9 vlastn\u00ed tov\u00e1rna na vysokonap\u011b\u0165ov\u00e9 baterie.<\/p>\n<p>\u201eSystematicky transformujeme na\u0161i v\u00fdrobn\u00ed s\u00ed\u0165 na elektromobilitu. V Mexiku investujeme do na\u0161eho z\u00e1vodu 800 milion\u016f eur a vytvo\u0159\u00edme zde p\u0159ibli\u017en\u011b 1000 nov\u00fdch pracovn\u00edch m\u00edst,\u201c vysv\u011btlil Milan Nedeljkovi\u0107, \u010dlen p\u0159edstavenstva BMW AG odpov\u011bdn\u00fd za v\u00fdrobu, v San Luis Potos\u00ed na akci, kter\u00e9 se z\u00fa\u010dastnili mexick\u00fd prezident Andr\u00e9s Manuel L\u00f3pez Obrador a guvern\u00e9r San Luis Potos\u00ed Ricardo Gallardo Cardona.<\/p>\n<p>Nedeljkovi\u0107 pokra\u010doval: \u201ePrvn\u00ed vozy NEUE KLASSE sjedou z v\u00fdrobn\u00ed linky v\u00a0na\u0161\u00ed tov\u00e1rn\u011b v ma\u010farsk\u00e9m Debrec\u00ednu v roce 2025, n\u00e1sledovat bude hlavn\u00ed z\u00e1vod v Mnichov\u011b. Dal\u0161\u00edch objem\u016f dos\u00e1hneme integrac\u00ed v\u00fdroby modelu NEUE KLASSE do tov\u00e1rny San Luis Potos\u00ed od roku 2027.\u201c<\/p>\n<p>Spole\u010dnost teprve ned\u00e1vno ozn\u00e1mila investici ve v\u00fd\u0161i 1,7 miliardy americk\u00fdch dolar\u016f do roz\u0161\u00ed\u0159en\u00ed sv\u00e9ho v\u00fdrobn\u00edho z\u00e1vodu ve Spartanburgu v USA.<\/p>\n<p>Tato \u010d\u00e1stka zahrnuje jednu miliardu dolar\u016f na p\u0159\u00edpravu v\u00fdroby elektromobil\u016f v\u00a0americk\u00e9 tov\u00e1rn\u011b a 700 milion\u016f dolar\u016f na v\u00fdstavbu nov\u00e9ho mont\u00e1\u017en\u00edho centra pro vysokonap\u011b\u0165ov\u00e9 baterie v nedalek\u00e9m Woodruffu. Do roku 2030 chce BMW Group v USA vyr\u00e1b\u011bt nejm\u00e9n\u011b \u0161est \u010dist\u011b elektrick\u00fdch model\u016f.<\/p>\n<p><img loading=\"lazy\" decoding=\"async\" class=\"alignnone wp-image-19728\" src=\"http:\/\/www.automakersnews.cz\/wp-content\/uploads\/2023\/02\/BMW-Mexiko-300x168.jpg\" alt=\"\" width=\"814\" height=\"456\" srcset=\"https:\/\/www.automakersnews.cz\/wp-content\/uploads\/2023\/02\/BMW-Mexiko-300x168.jpg 300w, https:\/\/www.automakersnews.cz\/wp-content\/uploads\/2023\/02\/BMW-Mexiko.jpg 600w\" sizes=\"auto, (max-width: 814px) 100vw, 814px\" \/><\/p>\n<p><strong>\u010cist\u011b elektrick\u00e9 modely dopl\u0148uj\u00ed v\u00fdrobn\u00ed program v\u00a0Mexiku.<\/strong><br \/>\nDal\u0161\u00edch 800 milion\u016f eur bude investov\u00e1no v Mexiku. Z t\u00e9to \u010d\u00e1stky je 500 milion\u016f eur ur\u010deno na v\u00fdstavbu nov\u00e9ho mont\u00e1\u017en\u00edho centra pro vysokonap\u011b\u0165ov\u00e9 baterie, kter\u00e9 vznikne v are\u00e1lu z\u00e1vodu v San Luis Potos\u00ed. Nov\u00e9 mont\u00e1\u017en\u00ed centrum se bude rozkl\u00e1dat na plo\u0161e 85 000 m<sup>2<\/sup>. Bude zde pracovat v\u00edce ne\u017e 500 nov\u00fdch zam\u011bstnanc\u016f, kte\u0159\u00ed budou vyr\u00e1b\u011bt baterie nov\u00e9 generace pro \u010dist\u011b elektrick\u00e1 vozidla.<\/p>\n<p>\u201eD\u00edky t\u00e9to nov\u00e9 investici bude na\u0161e tov\u00e1rna v San Luis Potos\u00ed hr\u00e1t v\u00fdznamnou roli v p\u0159echodu BMW Group na elektromobilitu. Spole\u010dnost sou\u010dasn\u011b zvy\u0161uje svoji anga\u017eovanost v\u00a0Mexiku nejen z\u00a0d\u016fvodu jeho v\u00fdhodn\u00e9 strategick\u00e9 polohy, ale p\u0159edev\u0161\u00edm d\u00edky kvalitn\u00edmu pracovn\u00edmu t\u00fdmu, kter\u00fd za necel\u00e9 \u010dty\u0159i roky od zah\u00e1jen\u00ed provozu ji\u017e vyr\u00e1b\u00ed ve \u0161pi\u010dkov\u00e9 kvalit\u011b t\u0159i modely putuj\u00edc\u00ed na 74 sv\u011btov\u00fdch trh\u016f,\u201c uvedl Harald Gottsche, prezident a gener\u00e1ln\u00ed \u0159editel z\u00e1vodu BMW Group v San Luis Potos\u00ed.<\/p>\n<p>V tov\u00e1rn\u011b, kter\u00e1 byla uvedena do provozu v roce 2019, ji\u017e p\u0159ibli\u017en\u011b 3000 zam\u011bstnanc\u016f vyr\u00e1b\u00ed modely BMW \u0159ady 3, \u0159ady 2 Coup\u00e9 a nov\u00e9 M2, a to v\u00a0n\u011bkter\u00fdch p\u0159\u00edpadech jako jedin\u00e1 tov\u00e1rna pro v\u0161echny glob\u00e1ln\u00ed trhy. Z\u00e1vod je navr\u017een vysoce flexibiln\u011b, tak\u017ee v karos\u00e1rn\u011b a p\u0159i mont\u00e1\u017ei budou pro za\u010dlen\u011bn\u00ed nov\u00e9 architektury vozu nutn\u00e9 pouze drobn\u00e9 \u00fapravy. Specialitou model\u016f NEUE KLASSE je to, \u017ee jejich vysokonap\u011b\u0165ov\u00e1 baterie je integrov\u00e1na p\u0159\u00edmo do konstrukce vozidla. Mont\u00e1\u017e v San Luis Potos\u00ed se proto roz\u0161i\u0159uje tak, aby bylo mo\u017en\u00e9 tento nov\u00fd proces za\u010dlenit do st\u00e1vaj\u00edc\u00edho provozu. Tov\u00e1rna ji\u017e za\u010dala s\u00a0v\u00fdstavbou a \u0161kolen\u00edm nov\u00fdch zam\u011bstnanc\u016f a pro leto\u0161n\u00ed rok zv\u00fd\u0161ila po\u010det u\u010d\u0148\u016f. V dubnu bude v z\u00e1vod\u011b zah\u00e1jena druh\u00e1 sm\u011bna, kter\u00e1 si vy\u017e\u00e1d\u00e1 dal\u0161\u00edch 500 nov\u00fdch pracovn\u00edch m\u00edst. Celkem pak bude v San Luis Potos\u00ed pracovat dal\u0161\u00edch p\u0159ibli\u017en\u011b 1000 nov\u00fdch zam\u011bstnanc\u016f.<\/p>\n<p><img loading=\"lazy\" decoding=\"async\" class=\"alignnone wp-image-19731\" src=\"http:\/\/www.automakersnews.cz\/wp-content\/uploads\/2023\/02\/BMW-Mexiko-4-small-300x200.jpg\" alt=\"\" width=\"857\" height=\"571\" srcset=\"https:\/\/www.automakersnews.cz\/wp-content\/uploads\/2023\/02\/BMW-Mexiko-4-small-300x200.jpg 300w, https:\/\/www.automakersnews.cz\/wp-content\/uploads\/2023\/02\/BMW-Mexiko-4-small-1024x683.jpg 1024w, https:\/\/www.automakersnews.cz\/wp-content\/uploads\/2023\/02\/BMW-Mexiko-4-small-768x512.jpg 768w, https:\/\/www.automakersnews.cz\/wp-content\/uploads\/2023\/02\/BMW-Mexiko-4-small-1536x1024.jpg 1536w, https:\/\/www.automakersnews.cz\/wp-content\/uploads\/2023\/02\/BMW-Mexiko-4-small-2048x1365.jpg 2048w\" sizes=\"auto, (max-width: 857px) 100vw, 857px\" \/><\/p>\n<p><strong>BMW iFACTORY jako hlavn\u00ed v\u00fdrobn\u00ed pl\u00e1n.<br \/>\n<\/strong>Vedouc\u00ed v\u00fdroby Nedeljkovi\u0107: \u201eFlexibilita a efektivn\u00ed procesy jsou nesm\u00edrn\u011b d\u016fle\u017eit\u00fdmi prvky na\u0161\u00ed BMW iFACTORY, kter\u00e1 tvo\u0159\u00ed n\u00e1\u0161 hlavn\u00ed strategick\u00fd pl\u00e1n pro v\u00fdrobu.\u201c Tov\u00e1rna San Luis Potos\u00ed se vyzna\u010duje odpov\u011bdn\u00fdm nakl\u00e1d\u00e1n\u00edm se zdroji a opat\u0159en\u00edmi ke sni\u017eov\u00e1n\u00ed emis\u00ed CO<sub>2<\/sub>. V tak such\u00e9 oblasti je obzvl\u00e1\u0161t\u011b d\u016fle\u017eit\u00e9 hospod\u00e1rn\u00e9 nakl\u00e1d\u00e1n\u00ed s vodou. V\u00a0tov\u00e1rn\u011b se i proto nach\u00e1z\u00ed prvn\u00ed lakovna BMW Group, kter\u00e1 funguje bez produkce odpadn\u00edch vod. Voda pot\u0159ebn\u00e1 pro proces lakov\u00e1n\u00ed je upravov\u00e1na a n\u00e1sledn\u011b znovu vyu\u017e\u00edv\u00e1na. Krom\u011b toho tov\u00e1rna odeb\u00edr\u00e1 pouze ekologickou energii, kterou si sama vyr\u00e1b\u00ed v are\u00e1lu z\u00e1vodu v sol\u00e1rn\u00edm za\u0159\u00edzen\u00ed o rozloze v\u00edce ne\u017e 70 000 m<sup>2<\/sup>, a dopl\u0148uje ji elekt\u0159inou z extern\u00ed sol\u00e1rn\u00ed farmy.<\/p>\n<p><strong>Nov\u011b vyvinut\u00e9 BMW cylindrick\u00e9 \u010dl\u00e1nky pro modely NEUE KLASSE.<\/strong><br \/>\nModely NEUE KLASSE budou vyu\u017e\u00edvat nov\u00e9 cylindrick\u00e9 lithium-iontov\u00e9 akumul\u00e1torov\u00e9 \u010dl\u00e1nky, vyvinut\u00e9 speci\u00e1ln\u011b pro ji\u017e \u0161estou generaci technologie BMW eDrive. Nov\u00fd tvar \u010dl\u00e1nk\u016f zv\u00fd\u0161\u00ed hustotu energie o v\u00edce ne\u017e 20 procent a\u00a0sou\u010dasn\u011b zv\u00fd\u0161\u00ed rychlost nab\u00edjen\u00ed a dojezd a\u017e o 30 procent. Z\u00e1rove\u0148 se sn\u00ed\u017e\u00ed emise CO<sub>2<\/sub>\u00a0z v\u00fdroby \u010dl\u00e1nk\u016f a\u017e o 60 procent, a to d\u00edky tomu, \u017ee dodavatel\u00e9 \u010dl\u00e1nk\u016f budou spol\u00e9hat na energii z obnoviteln\u00fdch zdroj\u016f a v p\u0159\u00edpad\u011b surovin, jako je lithium, kobalt a nikl, budou vyu\u017e\u00edvat ur\u010dit\u00fd pod\u00edl druhotn\u00fdch materi\u00e1l\u016f, tedy materi\u00e1l\u016f, kter\u00e9 jsou ji\u017e v ob\u011bhu.<\/p>\n<p><img loading=\"lazy\" decoding=\"async\" class=\"alignnone wp-image-19727\" src=\"http:\/\/www.automakersnews.cz\/wp-content\/uploads\/2023\/02\/BMW-Mexiko-2-small-300x200.jpg\" alt=\"\" width=\"779\" height=\"519\" srcset=\"https:\/\/www.automakersnews.cz\/wp-content\/uploads\/2023\/02\/BMW-Mexiko-2-small-300x200.jpg 300w, https:\/\/www.automakersnews.cz\/wp-content\/uploads\/2023\/02\/BMW-Mexiko-2-small-1024x683.jpg 1024w, https:\/\/www.automakersnews.cz\/wp-content\/uploads\/2023\/02\/BMW-Mexiko-2-small-768x512.jpg 768w, https:\/\/www.automakersnews.cz\/wp-content\/uploads\/2023\/02\/BMW-Mexiko-2-small-1536x1024.jpg 1536w, https:\/\/www.automakersnews.cz\/wp-content\/uploads\/2023\/02\/BMW-Mexiko-2-small-2048x1365.jpg 2048w\" sizes=\"auto, (max-width: 779px) 100vw, 779px\" \/><\/p>\n","protected":false},"excerpt":{"rendered":"<div class=\"mh-excerpt\"><p>BMW Group zrychluje sv\u016fj p\u0159echod na elektromobilitu, firma hodl\u00e1 50% pod\u00edlu na sv\u00e9 glob\u00e1ln\u00ed produkci pro \u010dist\u011b elektrick\u00e9 modely dos\u00e1hnout d\u0159\u00edve ne\u017e v roce 2030.<\/p>\n<\/div>","protected":false},"author":4,"featured_media":19726,"comment_status":"open","ping_status":"open","sticky":false,"template":"","format":"standard","meta":{"footnotes":""},"categories":[22,41],"tags":[],"class_list":["post-19625","post","type-post","status-publish","format-standard","has-post-thumbnail","hentry","category-elektromobily","category-vyroba"],"_links":{"self":[{"href":"https:\/\/www.automakersnews.cz\/index.php\/wp-json\/wp\/v2\/posts\/19625","targetHints":{"allow":["GET"]}}],"collection":[{"href":"https:\/\/www.automakersnews.cz\/index.php\/wp-json\/wp\/v2\/posts"}],"about":[{"href":"https:\/\/www.automakersnews.cz\/index.php\/wp-json\/wp\/v2\/types\/post"}],"author":[{"embeddable":true,"href":"https:\/\/www.automakersnews.cz\/index.php\/wp-json\/wp\/v2\/users\/4"}],"replies":[{"embeddable":true,"href":"https:\/\/www.automakersnews.cz\/index.php\/wp-json\/wp\/v2\/comments?post=19625"}],"version-history":[{"count":0,"href":"https:\/\/www.automakersnews.cz\/index.php\/wp-json\/wp\/v2\/posts\/19625\/revisions"}],"wp:featuredmedia":[{"embeddable":true,"href":"https:\/\/www.automakersnews.cz\/index.php\/wp-json\/wp\/v2\/media\/19726"}],"wp:attachment":[{"href":"https:\/\/www.automakersnews.cz\/index.php\/wp-json\/wp\/v2\/media?parent=19625"}],"wp:term":[{"taxonomy":"category","embeddable":true,"href":"https:\/\/www.automakersnews.cz\/index.php\/wp-json\/wp\/v2\/categories?post=19625"},{"taxonomy":"post_tag","embeddable":true,"href":"https:\/\/www.automakersnews.cz\/index.php\/wp-json\/wp\/v2\/tags?post=19625"}],"curies":[{"name":"wp","href":"https:\/\/api.w.org\/{rel}","templated":true}]}}