{"id":19692,"date":"2023-02-05T21:50:25","date_gmt":"2023-02-05T21:50:25","guid":{"rendered":"https:\/\/www.automakersnews.cz\/?p=19692"},"modified":"2023-02-05T22:33:36","modified_gmt":"2023-02-05T22:33:36","slug":"sda-leden-prinesl-rust-registraci-elektroaut","status":"publish","type":"post","link":"https:\/\/www.automakersnews.cz\/index.php\/2023\/02\/05\/sda-leden-prinesl-rust-registraci-elektroaut\/","title":{"rendered":"SDA: leden p\u0159inesl r\u016fst registrac\u00ed elektroaut"},"content":{"rendered":"<p><strong>V lednu 2023 se meziro\u010dn\u011b zv\u00fd\u0161il po\u010det registrac\u00ed nov\u00fdch osobn\u00edch automobil\u016f na 17 137 ks (+5,4%). Nejprod\u00e1van\u011bj\u0161\u00edm modelem byla \u0160koda Fabia. K v\u00fdrazn\u00e9mu meziro\u010dn\u00edmu n\u00e1r\u016fstu o 135,7% do\u0161lo u pln\u011b elektrick\u00fdch voz\u016f, ozn\u00e1mil tajemn\u00edk SDA Josef Pokorn\u00fd.<\/strong><!--more--><\/p>\n<p>Po\u010det dovezen\u00fdch ojet\u00fdch automobil\u016f se v lednu meziro\u010dn\u011b sn\u00ed\u017eil o 13,5%, av\u0161ak jejich\u00a0 pr\u016fm\u011brn\u00e9 st\u00e1\u0159\u00ed nad\u00e1le stoup\u00e1 (54% nad 10 let, z toho 25% nad 15 let).<\/p>\n<p>Ostatn\u00ed kategorie t\u00e9\u017e meziro\u010dn\u011b vzrostly s v\u00fdjimkou autobus\u016f, jejich\u017e registrace jsou zna\u010dn\u011b z\u00e1visl\u00e9 na realizovan\u00fdch zak\u00e1zk\u00e1ch dopravn\u00edch spole\u010dnost\u00ed. V lednu leto\u0161n\u00edho roku bylo v \u010cR registrov\u00e1no celkem 17 137 nov\u00fdch osobn\u00edch automobil\u016f, 1 704 lehk\u00fdch u\u017eitkov\u00fdch automobil\u016f, 55 autobus\u016f, 789 n\u00e1kladn\u00edch vozidel, 941 motocykl\u016f. Za stejn\u00e9 obdob\u00ed minul\u00e9ho roku to bylo 16 263 nov\u00fdch osobn\u00edch automobil\u016f, 1 100 lehk\u00fdch u\u017eitkov\u00fdch automobil\u016f, 145 autobus\u016f, 632 n\u00e1kladn\u00edch vozidel a 831 motocykl\u016f.<\/p>\n<p>Celkov\u011b registrace nov\u00fdch osobn\u00edch automobil\u016f vzrostly oproti lo\u0148sk\u00e9mu lednu o 5,37% (z 16 263 ks na 17 137 ks, tj. o 874 ks).<\/p>\n<p>Prvn\u00ed je zna\u010dka \u0160koda s 5 904 registrovan\u00fdmi osobn\u00edmi vozy (34,45%), n\u00e1sleduj\u00ed Volkswagen \u20131 492 ks (8,71%), Hyundai \u2013 1 489 ks (8,69%), Toyota \u2013 1 371 ks (8,00%), Mercedes-Benz \u2013836 ks (4,88%), Kia \u2013 780 ks (4,55%), Dacia \u2013 772 ks (4,50%), BMW \u2013 488 ks (2,85%), Ford \u2013<br \/>\n471 ks (2,75%), Renault \u2013 383 ks (2,23%), atd.<\/p>\n<p>Nejprod\u00e1van\u011bj\u0161\u00edmi osobn\u00edmi vozy jsou \u0160koda FABIA s 1 159 ks (6,76%), \u0160koda OCTAVIA \u2013 1 072 ks (6,26%), \u0160koda KODIAQ \u2013 875 ks (5,11%), \u0160koda SCALA \u2013 825 ks (4,81%), Hyundai i30 \u2013 783 ks (4,57%), \u0160koda KAMIQ \u2013 720 ks (4,20%), \u0160koda SUPERB \u2013 592 ks (3,45%), \u0160koda KAROQ \u2013 574 ks (3,35%), Hyundai TUCSON \u2013 365 ks (2,13%), Dacia DUSTER \u2013 342 ks (2,00%), atd.<\/p>\n<p>Z pohledu obchodn\u00edch t\u0159\u00edd jsou na prvn\u00edm m\u00edst\u011b SUV s 7 614 registrovan\u00fdmi vozy (44,43%). Z hlediska paliva vede benz\u00edn s 65,59%, pod\u00edl nafty tvo\u0159\u00ed 25,42%.<\/p>\n<p>Registrace voz\u016f s alternativn\u00edm pohonem stouply oproti lo\u0148sk\u00e9mu lednu o 30% (3 671 vs. 2 826). Po\u010det registrovan\u00fdch elektromobil\u016f se zv\u00fd\u0161il o 135,7% (ze 182 na 429 ks). Plug-in hybridn\u00ed vozy vzrostly meziro\u010dn\u011b o 80,1% (z 271 na 488 ks).<\/p>\n<p>Pod\u00edl firemn\u00edch automobil\u016f na lednov\u00fdch registrac\u00edch byl 77%, priv\u00e1tn\u00edch 23%. Po\u010det dovezen\u00fdch ojet\u00fdch OA klesl meziro\u010dn\u011b o 13,5% na 11 599 ks. Jejich pr\u016fm\u011brn\u00e9 st\u00e1\u0159\u00ed je 11,1 roku, p\u0159i\u010dem\u017e pod\u00edl vozidel star\u0161\u00edch 10 let \u010din\u00ed 53,71%, z toho star\u0161\u00edch 15 let je 25,43%.<\/p>\n<p>Registrace lehk\u00fdch u\u017eitkov\u00fdch automobil\u016f zaznamenaly meziro\u010dn\u00ed n\u00e1r\u016fst o 54,91% (z 1 100 ks na 1 704 ks, tj. o 604 ks).<\/p>\n<p>Prvn\u00ed je zna\u010dka Renault s 320 registrovan\u00fdmi lehk\u00fdmi u\u017eitkov\u00fdmi vozy (18,78%), n\u00e1sleduj\u00ed Opel \u2013307 ks (18,02%), Volkswagen \u2013 213 ks (12,50%), Ford \u2013 174 ks (10,21%), Toyota \u2013 135 ks (7,92%), Peugeot \u2013 123 ks (7,22%), Iveco \u2013 102 ks (5,99%), Mercedes-Benz \u2013 93 ks (5,46%), Fiat \u201380 ks (4,69%), Citro\u00ebn \u2013 66 ks (3,87%), atd.<\/p>\n<figure id=\"attachment_13133\" aria-describedby=\"caption-attachment-13133\" style=\"width: 1024px\" class=\"wp-caption alignnone\"><img loading=\"lazy\" decoding=\"async\" class=\"size-large wp-image-13133\" src=\"http:\/\/www.automakersnews.cz\/wp-content\/uploads\/2023\/01\/SDA-TK-Giovanni-2023-1024x768.jpg\" alt=\"\" width=\"1024\" height=\"768\" srcset=\"https:\/\/www.automakersnews.cz\/wp-content\/uploads\/2023\/01\/SDA-TK-Giovanni-2023-1024x768.jpg 1024w, https:\/\/www.automakersnews.cz\/wp-content\/uploads\/2023\/01\/SDA-TK-Giovanni-2023-300x225.jpg 300w, https:\/\/www.automakersnews.cz\/wp-content\/uploads\/2023\/01\/SDA-TK-Giovanni-2023-768x576.jpg 768w, https:\/\/www.automakersnews.cz\/wp-content\/uploads\/2023\/01\/SDA-TK-Giovanni-2023-1536x1152.jpg 1536w, https:\/\/www.automakersnews.cz\/wp-content\/uploads\/2023\/01\/SDA-TK-Giovanni-2023-678x509.jpg 678w, https:\/\/www.automakersnews.cz\/wp-content\/uploads\/2023\/01\/SDA-TK-Giovanni-2023-326x245.jpg 326w, https:\/\/www.automakersnews.cz\/wp-content\/uploads\/2023\/01\/SDA-TK-Giovanni-2023-80x60.jpg 80w, https:\/\/www.automakersnews.cz\/wp-content\/uploads\/2023\/01\/SDA-TK-Giovanni-2023.jpg 2040w\" sizes=\"auto, (max-width: 1024px) 100vw, 1024px\" \/><figcaption id=\"caption-attachment-13133\" class=\"wp-caption-text\">Posledn\u00ed tiskovka SDA v Donu Giovannim, 5. ledna 2023, se v\u011bnovala registrac\u00edm roku 2022<\/figcaption><\/figure>\n<p>Registrace n\u00e1kladn\u00edch vozidel oproti lo\u0148sku vzrostly o 24,84% (z 632 ks na 789 ks, tj. o 157 ks). Prvn\u00ed je zna\u010dka Volvo s 171 registrovan\u00fdmi n\u00e1kladn\u00edmi vozy (21,67%), n\u00e1sleduj\u00ed Mercedes-Benz \u2013143 ks (18,12%), MAN \u2013 113 ks (14,32%), DAF \u2013 111 ks (14,07%), Scania \u2013 96 ks (12,17%), Iveco \u2013 80 ks (10,14%), Renault Trucks \u2013 39 ks (4,94%), Tatra \u2013 18 ks (2,28%), Ford \u2013 8 ks (1,01%), Fuso \u2013<br \/>\n8 ks (1,01%), atd.<\/p>\n<p>Registrace autobus\u016f klesly o 62,07% (ze 145 ks na 55 ks, tj. o 90 ks). Prvn\u00ed je zna\u010dka SOR s 20 registrovan\u00fdmi autobusy (36,36%), n\u00e1sleduj\u00ed Iveco Bus \u2013 18 ks (32,73%), Setra \u2013 10 ks (18,18%), Mercedes-Benz \u2013 3 ks (5,45%), Ford \u2013 2 ks (3,64%), Scania \u2013 1 ks (1,82%),<br \/>\nRo\u0161ero-P \u2013 1 ks (1,82%).<\/p>\n<p>Kategorie motocykl\u016f zaznamenala meziro\u010dn\u00ed n\u00e1r\u016fst o 13,24% (z 831 ks na 941 ks, tj. o 110 ks).<\/p>\n<p>Prvn\u00ed je zna\u010dka CF Moto s 160 registrovan\u00fdmi motocykly (17,00%), n\u00e1sleduj\u00ed Honda \u2013 125 ks (13,28%), KTM \u2013 63 ks (6,70%), BMW \u2013 61 ks (6,48%), Yamaha \u2013 47 ks (4,99%), Piaggio \u201332 ks (3,40%), Aprilia \u2013 32 ks (3,40%), Linhai \u2013 28 ks (2,98%), Maxon \u2013 27 ks (2,87%), Kentoya \u2013 27 ks (2,87%) atd.<\/p>\n<p><strong>Podrobn\u00e9 tabulky jsou uvedeny v sekci Statistika na http:\/\/portal.sda-cia.cz\/.<\/strong><\/p>\n","protected":false},"excerpt":{"rendered":"<div class=\"mh-excerpt\"><p>V lednu 2023 se meziro\u010dn\u011b zv\u00fd\u0161il po\u010det registrac\u00ed nov\u00fdch osobn\u00edch automobil\u016f na 17 137 ks (+5,4%). Nejprod\u00e1van\u011bj\u0161\u00edm modelem byla \u0160koda Fabia. K v\u00fdrazn\u00e9mu meziro\u010dn\u00edmu n\u00e1r\u016fstu <a class=\"mh-excerpt-more\" href=\"https:\/\/www.automakersnews.cz\/index.php\/2023\/02\/05\/sda-leden-prinesl-rust-registraci-elektroaut\/\" title=\"SDA: leden p\u0159inesl r\u016fst registrac\u00ed elektroaut\">[&#8230;]<\/a><\/p>\n<\/div>","protected":false},"author":1,"featured_media":5740,"comment_status":"open","ping_status":"open","sticky":false,"template":"","format":"standard","meta":{"footnotes":""},"categories":[8],"tags":[],"class_list":["post-19692","post","type-post","status-publish","format-standard","has-post-thumbnail","hentry","category-statistika"],"_links":{"self":[{"href":"https:\/\/www.automakersnews.cz\/index.php\/wp-json\/wp\/v2\/posts\/19692","targetHints":{"allow":["GET"]}}],"collection":[{"href":"https:\/\/www.automakersnews.cz\/index.php\/wp-json\/wp\/v2\/posts"}],"about":[{"href":"https:\/\/www.automakersnews.cz\/index.php\/wp-json\/wp\/v2\/types\/post"}],"author":[{"embeddable":true,"href":"https:\/\/www.automakersnews.cz\/index.php\/wp-json\/wp\/v2\/users\/1"}],"replies":[{"embeddable":true,"href":"https:\/\/www.automakersnews.cz\/index.php\/wp-json\/wp\/v2\/comments?post=19692"}],"version-history":[{"count":0,"href":"https:\/\/www.automakersnews.cz\/index.php\/wp-json\/wp\/v2\/posts\/19692\/revisions"}],"wp:featuredmedia":[{"embeddable":true,"href":"https:\/\/www.automakersnews.cz\/index.php\/wp-json\/wp\/v2\/media\/5740"}],"wp:attachment":[{"href":"https:\/\/www.automakersnews.cz\/index.php\/wp-json\/wp\/v2\/media?parent=19692"}],"wp:term":[{"taxonomy":"category","embeddable":true,"href":"https:\/\/www.automakersnews.cz\/index.php\/wp-json\/wp\/v2\/categories?post=19692"},{"taxonomy":"post_tag","embeddable":true,"href":"https:\/\/www.automakersnews.cz\/index.php\/wp-json\/wp\/v2\/tags?post=19692"}],"curies":[{"name":"wp","href":"https:\/\/api.w.org\/{rel}","templated":true}]}}