{"id":197,"date":"2022-07-21T06:40:29","date_gmt":"2022-07-21T06:40:29","guid":{"rendered":"http:\/\/www.automakersnews.cz\/?p=197"},"modified":"2022-07-21T06:40:29","modified_gmt":"2022-07-21T06:40:29","slug":"cez-doda-stredoceskemu-kraji-vodikove-busy","status":"publish","type":"post","link":"https:\/\/www.automakersnews.cz\/index.php\/2022\/07\/21\/cez-doda-stredoceskemu-kraji-vodikove-busy\/","title":{"rendered":"\u010cEZ dod\u00e1 St\u0159edo\u010desk\u00e9mu kraji vod\u00edkov\u00e9 busy"},"content":{"rendered":"<p align=\"JUSTIFY\"><span style=\"color: #000000;\"><span style=\"font-family: Arial, serif;\"><span style=\"font-size: medium;\"><span style=\"font-family: Calibri, serif;\"><span style=\"font-size: small;\"><b>St\u0159edo\u010desk\u00fd kraj chce vod\u00edkovou dopravu. Podeps\u00e1n\u00ed v\u00edcestrann\u00e9ho memoranda odstartovalo pilotn\u00ed projekt provozu 10 vod\u00edkov\u00fdch autobus\u016f, kter\u00fd se uch\u00e1z\u00ed o podporu z evropsk\u00fdch dota\u010dn\u00edch titul\u016f. Signat\u00e1\u0159i memoranda jsou St\u0159edo\u010desk\u00fd kraj, \u010cEZ, Integrovan\u00e1 doprava St\u0159edo\u010desk\u00e9ho kraje a Martin Uher Bus. <\/b><\/span><\/span><\/span><\/span><\/span><!--more--><\/p>\n<p align=\"JUSTIFY\"><span style=\"color: #000000;\"><span style=\"font-family: Arial, serif;\"><span style=\"font-size: medium;\"><span style=\"font-family: Calibri, serif;\"><span style=\"font-size: small;\">Dokument podepsali hejtmanka St\u0159edo\u010desk\u00e9ho kraje Petra Peckov\u00e1, m\u00edstop\u0159edseda p\u0159edstavenstva a \u0159editel divize obchod a strategie \u010cEZ Pavel Cyrani, \u010dlen p\u0159edstavenstva a \u0159editel divize nov\u00e1 energetika Tom\u00e1\u0161 Pleska\u010d, \u0159editel Integrovan\u00e9 dopravy St\u0159edo\u010desk\u00e9ho kraje Zden\u011bk \u0160ponar a \u0159editel dopravn\u00ed spole\u010dnosti Martin Uher Bus Martin Uher.<\/span><\/span><\/span><\/span><\/span><\/p>\n<p align=\"JUSTIFY\"><span style=\"color: #000000;\"><span style=\"font-family: Arial, serif;\"><span style=\"font-size: medium;\"><span style=\"font-family: Calibri, serif;\"><span style=\"font-size: small;\">Des\u00edtka vod\u00edkov\u00fdch autobus\u016f vyjede na pravideln\u00e9 linky v okol\u00ed st\u0159edo\u010desk\u00e9ho Mn\u00ed\u0161ku pod Brdy v prosinci 2024. Ro\u010dn\u00ed spot\u0159eba vod\u00edku se p\u0159edpokl\u00e1d\u00e1 ve v\u00fd\u0161i 45 tun. Pro jeho v\u00fdrobu vybuduje \u010cEZ pln\u00edc\u00ed stanici, elektrolyz\u00e9r o p\u0159\u00edkonu 400 kW a dvojici z\u00e1sobn\u00edk\u016f na vod\u00edk o celkov\u00e9m objemu 190 m3. Projekt m\u00e1 velkou \u0161anci pokr\u00fdt v\u011bt\u0161inu po\u0159izovac\u00edch n\u00e1klad\u016f na vod\u00edkov\u00e9 busy ze dvojice evropsk\u00fdch dota\u010dn\u00edch titul\u016f &#8211; Integrovan\u00e9ho region\u00e1ln\u00edho opera\u010dn\u00edho programu (IROP) a programu ITI pro rozvoj metropolitn\u00ed oblasti.<\/span><\/span><\/span><\/span><\/span><\/p>\n<p align=\"JUSTIFY\"><span style=\"color: #000000;\">\u201e<span style=\"font-family: Arial, serif;\"><span style=\"font-size: medium;\"><span style=\"font-family: Calibri, serif;\"><span style=\"font-size: small;\"><i>Dekarbonizace jako pevn\u00e1 sou\u010d\u00e1st evropsk\u00e9ho Green Dealu se t\u00fdk\u00e1 i dopravy. Na \u00fazem\u00ed St\u0159edo\u010desk\u00e9ho kraje u\u017e jezd\u00ed elektrobusov\u00e9 linky nap\u0159. v Kutn\u00e9 Ho\u0159e nebo Kladn\u011b a v pl\u00e1nu je dal\u0161\u00ed roz\u0161i\u0159ov\u00e1n\u00ed. P\u0159i zvy\u0161ov\u00e1n\u00ed pod\u00edl\u016f n\u00edzkoemisn\u00edch a bezemisn\u00edch vozidel ve ve\u0159ejn\u00e9 doprav\u011b je proto vod\u00edk ur\u010dit\u011b jednou z perspektivn\u00edch cest a jako nejlidnat\u011bj\u0161\u00ed kraj \u010cesk\u00e9 republiky chceme j\u00edt v t\u00e9to oblasti p\u0159\u00edkladem ostatn\u00edm,\u201c<\/i><\/span><\/span><span style=\"font-family: Calibri, serif;\"><span style=\"font-size: small;\"> \u0159\u00edk\u00e1 <\/span><\/span><span style=\"font-family: Calibri, serif;\"><span style=\"font-size: small;\"><b>hejtmanka St\u0159edo\u010desk\u00e9ho kraje Petra Peckov\u00e1<\/b><\/span><\/span><span style=\"font-family: Calibri, serif;\"><span style=\"font-size: small;\">.<\/span><\/span><\/span><\/span><\/span><\/p>\n<p align=\"JUSTIFY\"><span style=\"color: #000000;\">\u201e<span style=\"font-family: Arial, serif;\"><span style=\"font-size: medium;\"><span style=\"font-family: Calibri, serif;\"><span style=\"font-size: small;\"><i>Diverzifikace pohon\u016f v doprav\u011b je d\u016fle\u017eitou podm\u00ednkou energetick\u00e9 sob\u011bsta\u010dnosti a bezpe\u010dnosti. \u010cEZ v souladu s c\u00edli na\u0161\u00ed aktualizovanou strategi\u00ed \u010cist\u00e1 Energie Z\u00edt\u0159ka rozv\u00edj\u00ed pilotn\u00ed vod\u00edkov\u00e9 projekty a \u00fa\u010dast\u00ed na z\u00e1m\u011bru v Mn\u00ed\u0161ku pod Brdy pom\u00e1h\u00e1 vybudovat prvn\u00ed pln\u00edc\u00ed stanici na 100% zelen\u00fd vod\u00edk v \u010cesku. K <\/i><\/span><\/span><\/span><\/span><\/span><\/p>\n<p align=\"JUSTIFY\"><span style=\"color: #000000;\"><span style=\"font-family: Arial, serif;\"><span style=\"font-size: medium;\"><span style=\"font-family: Calibri, serif;\"><span style=\"font-size: small;\"><i>jeho v\u00fdrob\u011b vyu\u017eijeme jednu z na\u0161ich vodn\u00edch elektr\u00e1ren,\u201c<\/i><\/span><\/span><span style=\"font-family: Calibri, serif;\"><span style=\"font-size: small;\"> podot\u00fdk\u00e1 <\/span><\/span><span style=\"font-family: Calibri, serif;\"><span style=\"font-size: small;\"><b>m\u00edstop\u0159edseda p\u0159edstavenstva a \u0159editel divize obchod a strategie \u010cEZ Pavel Cyrani<\/b><\/span><\/span><span style=\"font-family: Calibri, serif;\"><span style=\"font-size: small;\">.<\/span><\/span><\/span><\/span><\/span><\/p>\n<p align=\"JUSTIFY\"><span style=\"color: #000000;\">\u201e<span style=\"font-family: Arial, serif;\"><span style=\"font-size: medium;\"><span style=\"font-family: Calibri, serif;\"><span style=\"font-size: small;\"><i>Integrovan\u00fd syst\u00e9m pro St\u0159edo\u010desk\u00fd kraj a Prahu chce i do budoucna zajistit sv\u00fdm z\u00e1kazn\u00edk\u016fm kvalitn\u00ed a spolehliv\u00e9 slu\u017eby p\u0159i jejich cest\u00e1ch. Testov\u00e1n\u00ed nov\u00fdch alternativn\u00edch paliv je jedn\u00edm z p\u0159edpoklad\u016f, jak vysok\u00fd standard obsluhy udr\u017eet a d\u00e1le roz\u0161i\u0159ovat,\u201c<\/i><\/span><\/span><span style=\"font-family: Calibri, serif;\"><span style=\"font-size: small;\"> dopl\u0148uje <\/span><\/span><span style=\"font-family: Calibri, serif;\"><span style=\"font-size: small;\"><b>\u0159editel Integrovan\u00e9 dopravy St\u0159edo\u010desk\u00e9ho kraje Zden\u011bk \u0160ponar<\/b><\/span><\/span><span style=\"font-family: Calibri, serif;\"><span style=\"font-size: small;\">.<\/span><\/span><\/span><\/span><\/span><\/p>\n<p align=\"JUSTIFY\"><span style=\"color: #000000;\">\u201e<span style=\"font-family: Arial, serif;\"><span style=\"font-size: medium;\"><span style=\"font-family: Calibri, serif;\"><span style=\"font-size: small;\"><i>R\u00e1di vyu\u017eijeme t\u00e9to p\u0159\u00edle\u017eitosti k roz\u0161\u00ed\u0159en\u00ed zku\u0161enost\u00ed na\u0161ich \u0159idi\u010d\u016f s nov\u00fdmi typy vozidel ve vozov\u00e9m parku. Ve \u010dlenit\u00e9m ter\u00e9nu v okol\u00ed Mn\u00ed\u0161ku pod Brdy si budeme moci otestovat j\u00edzdn\u00ed vlastnosti vod\u00edkov\u00fdch bus\u016f i spolehlivost v re\u00e1ln\u00e9m provozu,\u201c<\/i><\/span><\/span><span style=\"font-family: Calibri, serif;\"><span style=\"font-size: small;\"> v\u011b\u0159\u00ed <\/span><\/span><span style=\"font-family: Calibri, serif;\"><span style=\"font-size: small;\"><b>jednatel dopravn\u00ed spole\u010dnosti Martin Uher Bus Martin Uher<\/b><\/span><\/span><span style=\"font-family: Calibri, serif;\"><span style=\"font-size: small;\">.<\/span><\/span><\/span><\/span><\/span><\/p>\n<p align=\"JUSTIFY\"><span style=\"color: #000000;\"><span style=\"font-family: Arial, serif;\"><span style=\"font-size: medium;\"><span style=\"font-family: Calibri, serif;\"><span style=\"font-size: small;\">Vod\u00edk je pova\u017eov\u00e1n za palivo budoucnosti. Vod\u00edkov\u00e1 strategie EU po\u010d\u00edt\u00e1 s v\u00fdrobou 10 milion\u016f tun ro\u010dn\u011b v roce 2030. P\u0159edpokl\u00e1d\u00e1 se, \u017ee hlavn\u00ed uplatn\u011bn\u00ed obnoviteln\u00e9ho vod\u00edku bude v t\u011b\u017eko elektrifikovateln\u00fdch \u00fasec\u00edch pr\u016fmyslu, jako je nap\u0159. pr\u016fmysl chemick\u00fd, a tak\u00e9 v n\u00e1kladn\u00ed a d\u00e1lkov\u00e9 a region\u00e1ln\u00ed hromadn\u00e9 doprav\u011b.<\/span><\/span><\/span><\/span><\/span><\/p>\n","protected":false},"excerpt":{"rendered":"<div class=\"mh-excerpt\"><p>St\u0159edo\u010desk\u00fd kraj chce vod\u00edkovou dopravu. Podeps\u00e1n\u00ed v\u00edcestrann\u00e9ho memoranda odstartovalo pilotn\u00ed projekt provozu 10 vod\u00edkov\u00fdch autobus\u016f, kter\u00fd se uch\u00e1z\u00ed o podporu z evropsk\u00fdch dota\u010dn\u00edch titul\u016f. Signat\u00e1\u0159i <a class=\"mh-excerpt-more\" href=\"https:\/\/www.automakersnews.cz\/index.php\/2022\/07\/21\/cez-doda-stredoceskemu-kraji-vodikove-busy\/\" title=\"\u010cEZ dod\u00e1 St\u0159edo\u010desk\u00e9mu kraji vod\u00edkov\u00e9 busy\">[&#8230;]<\/a><\/p>\n<\/div>","protected":false},"author":1,"featured_media":198,"comment_status":"open","ping_status":"open","sticky":false,"template":"","format":"standard","meta":{"footnotes":""},"categories":[9],"tags":[],"class_list":["post-197","post","type-post","status-publish","format-standard","has-post-thumbnail","hentry","category-investice"],"_links":{"self":[{"href":"https:\/\/www.automakersnews.cz\/index.php\/wp-json\/wp\/v2\/posts\/197","targetHints":{"allow":["GET"]}}],"collection":[{"href":"https:\/\/www.automakersnews.cz\/index.php\/wp-json\/wp\/v2\/posts"}],"about":[{"href":"https:\/\/www.automakersnews.cz\/index.php\/wp-json\/wp\/v2\/types\/post"}],"author":[{"embeddable":true,"href":"https:\/\/www.automakersnews.cz\/index.php\/wp-json\/wp\/v2\/users\/1"}],"replies":[{"embeddable":true,"href":"https:\/\/www.automakersnews.cz\/index.php\/wp-json\/wp\/v2\/comments?post=197"}],"version-history":[{"count":0,"href":"https:\/\/www.automakersnews.cz\/index.php\/wp-json\/wp\/v2\/posts\/197\/revisions"}],"wp:featuredmedia":[{"embeddable":true,"href":"https:\/\/www.automakersnews.cz\/index.php\/wp-json\/wp\/v2\/media\/198"}],"wp:attachment":[{"href":"https:\/\/www.automakersnews.cz\/index.php\/wp-json\/wp\/v2\/media?parent=197"}],"wp:term":[{"taxonomy":"category","embeddable":true,"href":"https:\/\/www.automakersnews.cz\/index.php\/wp-json\/wp\/v2\/categories?post=197"},{"taxonomy":"post_tag","embeddable":true,"href":"https:\/\/www.automakersnews.cz\/index.php\/wp-json\/wp\/v2\/tags?post=197"}],"curies":[{"name":"wp","href":"https:\/\/api.w.org\/{rel}","templated":true}]}}