{"id":19733,"date":"2023-02-07T06:52:46","date_gmt":"2023-02-07T06:52:46","guid":{"rendered":"https:\/\/www.automakersnews.cz\/?p=19733"},"modified":"2023-02-07T06:52:46","modified_gmt":"2023-02-07T06:52:46","slug":"czechtrade-zve-na-exportni-meeting","status":"publish","type":"post","link":"https:\/\/www.automakersnews.cz\/index.php\/2023\/02\/07\/czechtrade-zve-na-exportni-meeting\/","title":{"rendered":"CzechTrade zve na exportn\u00ed meeting"},"content":{"rendered":"<p><strong>Meeting Point CzechTrade, nejv\u011bt\u0161\u00ed proexportn\u00ed ud\u00e1lost v \u010cesku, letos prob\u011bhne 20. a 21. \u00fanora v Praze. \u010cesk\u00e9 firmy zde mohou konzultovat sv\u00e9 zahrani\u010dn\u00ed obchodn\u00ed z\u00e1m\u011bry s \u0159editeli z 52 zahrani\u010dn\u00edch kancel\u00e1\u0159\u00ed, kte\u0159\u00ed poskytuj\u00ed firm\u00e1m servis pro v\u00edce ne\u017e 60 zem\u00ed sv\u011bta. <\/strong><!--more--><\/p>\n<p>V nab\u00eddce zem\u00ed jsou letos nov\u011b Filip\u00edny, Arm\u00e9nie, Katar a zem\u011b St\u0159edn\u00ed Ameriky a Karibiku, jako Dominik\u00e1nsk\u00e1 republika, Kostarika, Panama nebo Guatemala. \u00da\u010dastn\u00edci se mohou zdarma p\u0159ihl\u00e1sit a\u017e na 5 p\u016flhodinov\u00fdch konzultac\u00ed. P\u0159\u00edtomni budou tak\u00e9 odborn\u00edci z Klientsk\u00e9ho centra pro export a Design Centra CzechTrade.<\/p>\n<p>Na Meeting Point CzechTrade ka\u017edoro\u010dn\u011b p\u0159ich\u00e1z\u00ed jednat t\u00e9m\u011b\u0159 400 \u010desk\u00fdch firem. \u0158editel\u00e9 zahrani\u010dn\u00edch kancel\u00e1\u0159\u00ed b\u011bhem 30 minut poskytnou expertizu k rozvoji byznysu v zahrani\u010d\u00ed, zhodnot\u00ed re\u00e1ln\u00e9 \u0161ance zahrani\u010dn\u00ed expanze a doporu\u010d\u00ed, jak nejl\u00e9pe postupovat.<\/p>\n<p>\u201eJde o jednu z nejd\u016fle\u017eit\u011bj\u0161\u00edch akc\u00ed roku pro podporu internacionalizace \u010desk\u00fdch firem. Konzultace s na\u0161imi odborn\u00edky na jednom m\u00edst\u011b jsou skv\u011blou p\u0159\u00edle\u017eitost\u00ed, jak z\u00edskat cenn\u00e9 informace, kter\u00e9 nejsou dostupn\u00e9 z \u017e\u00e1dn\u00fdch jin\u00fdch zdroj\u016f. Vzhledem k bohat\u00fdm zku\u0161enostem zahrani\u010dn\u00edch kancel\u00e1\u0159\u00ed na dan\u00e9m trhu firmy \u0159e\u0161\u00ed konkr\u00e9tn\u00ed investi\u010dn\u00ed i exportn\u00ed p\u0159\u00edle\u017eitosti, mo\u017enosti propojen\u00ed s vhodn\u00fdmi obchodn\u00edmi partnery, ale tak\u00e9 zp\u016fsob komunikace, kter\u00fd je pro ka\u017ed\u00fd trh specifick\u00fd,\u201c \u0159\u00edk\u00e1 o akci Radomil Dole\u017eal, gener\u00e1ln\u00ed \u0159editel CzechTrade.<\/p>\n<p><strong>P\u0159\u00edle\u017eitost expandovat do exotick\u00fdch destinac\u00ed<\/strong><\/p>\n<p>Firmy mohou jednat jak se z\u00e1stupci ze zem\u00ed Evropsk\u00e9 unie, tak i z t\u011bch vzd\u00e1len\u011bj\u0161\u00edch, jako je Singapur, Nig\u00e9rie nebo Mexiko. \u00dapln\u011b poprv\u00e9 letos akce p\u0159iv\u00edt\u00e1 \u0159editele ze zastoupen\u00ed na Filip\u00edn\u00e1ch, chyb\u011bt nebudou ani z\u00e1stupci kancel\u00e1\u0159\u00ed v katarsk\u00e9m Dauh\u00e1 \u010di texask\u00e9m Austinu, kter\u00e9 jsou ji\u017e v pln\u00e9m provozu. \u201ePr\u00e1v\u011b na prvn\u00ed pohled exoti\u010dt\u011bj\u0161\u00ed zem\u011b maj\u00ed pro \u0159adu tuzemsk\u00fdch firem obrovsk\u00fd potenci\u00e1l k rozvoji obchodn\u00edch aktivit. Odborn\u00edci CzechTrade asistovali u \u0159ady slibn\u00fdch p\u0159\u00edle\u017eitost\u00ed ke vstupu na zahrani\u010dn\u00ed trhy a disponuj\u00ed znalostmi a kontakty, kter\u00e9 jsou pro takov\u00fd vstup kl\u00ed\u010dov\u00e9,\u201c vysv\u011btluje Radomil Dole\u017eal s t\u00edm, \u017ee nap\u0159\u00edklad Nig\u00e9rie je dosud nenasycen\u00fdm trhem, a tedy obrovskou p\u0159\u00edle\u017eitost\u00ed pro v\u00fdrobce z cel\u00e9ho sv\u011bta.<\/p>\n<p>Meeting Point CzechTrade je zaj\u00edmavou ud\u00e1lost\u00ed tak\u00e9 pro \u010desk\u00e9 firmy, kter\u00e9 vn\u00edmaj\u00ed d\u016fle\u017eitost designu sv\u00fdch v\u00fdrobk\u016f. O mo\u017enostech podpory a spolupr\u00e1ce v t\u00e9to oblasti se mohou poradit se specialisty Design Centra CzechTrade, kter\u00e9 je n\u00e1rodn\u00ed platformou st\u00e1tn\u00ed podpory designu.<\/p>\n<p>\u201eDesign Centrum CzechTrade velmi aktivn\u011b propojuje firmy s design\u00e9ry a pom\u00e1h\u00e1 tak vytv\u00e1\u0159et konkurenceschopn\u00e9 produkty, kter\u00e9 maj\u00ed v\u011bt\u0161\u00ed \u0161anci usp\u011bt na zahrani\u010dn\u00edm trhu. Na akci firm\u00e1m p\u0159edstav\u00edme na\u0161e kompletn\u00ed slu\u017eby v oblasti produktov\u00e9ho designu. Aktu\u00e1ln\u00ed je zejm\u00e9na dota\u010dn\u00ed iniciativa Design Credits, kter\u00e1 poskytuje financov\u00e1n\u00ed design-inovac\u00ed mal\u00fdm a st\u0159edn\u00edm podnik\u016fm. Design\u00e9r\u016fm nab\u00edz\u00edme registraci do online datab\u00e1ze Adres\u00e1\u0159 design\u00e9r\u016f CzechTrade, kter\u00e1 slou\u017e\u00ed jednak jako seznam dodavatel\u016f design\u00e9rsk\u00fdch slu\u017eeb v r\u00e1mci dota\u010dn\u00edch projekt\u016f a tak\u00e9 jako platforma pro propagaci v zahrani\u010d\u00ed,\u201c \u0159\u00edk\u00e1 Zuzana Sedmerov\u00e1, vedouc\u00ed Design Centra CzechTrade. Konzultace poskytnou tak\u00e9 odborn\u00edci z Klientsk\u00e9ho centra pro export, kter\u00e9 je spole\u010dnou aktivitou Ministerstva pr\u016fmyslu a obchodu, Ministerstva zahrani\u010dn\u00edch v\u011bc\u00ed a agentury CzechTrade.<\/p>\n<p>Akce se uskute\u010dn\u00ed v pond\u011bl\u00ed a \u00fater\u00fd 20.\u201321. \u00fanora v Ji\u017en\u00edm s\u00e1lu 3 pra\u017esk\u00e9ho Kongresov\u00e9ho centra. Na konzultace je nutn\u00e9 se p\u0159ihl\u00e1sit prost\u0159ednictv\u00edm formul\u00e1\u0159e na webov\u00fdch str\u00e1nk\u00e1ch.<\/p>\n","protected":false},"excerpt":{"rendered":"<div class=\"mh-excerpt\"><p>Meeting Point CzechTrade, nejv\u011bt\u0161\u00ed proexportn\u00ed ud\u00e1lost v \u010cesku, letos prob\u011bhne 20. a 21. \u00fanora v Praze. \u010cesk\u00e9 firmy zde mohou konzultovat sv\u00e9 zahrani\u010dn\u00ed obchodn\u00ed z\u00e1m\u011bry <a class=\"mh-excerpt-more\" href=\"https:\/\/www.automakersnews.cz\/index.php\/2023\/02\/07\/czechtrade-zve-na-exportni-meeting\/\" title=\"CzechTrade zve na exportn\u00ed meeting\">[&#8230;]<\/a><\/p>\n<\/div>","protected":false},"author":4,"featured_media":19738,"comment_status":"open","ping_status":"open","sticky":false,"template":"","format":"standard","meta":{"footnotes":""},"categories":[48,17],"tags":[],"class_list":["post-19733","post","type-post","status-publish","format-standard","has-post-thumbnail","hentry","category-export","category-servis"],"_links":{"self":[{"href":"https:\/\/www.automakersnews.cz\/index.php\/wp-json\/wp\/v2\/posts\/19733","targetHints":{"allow":["GET"]}}],"collection":[{"href":"https:\/\/www.automakersnews.cz\/index.php\/wp-json\/wp\/v2\/posts"}],"about":[{"href":"https:\/\/www.automakersnews.cz\/index.php\/wp-json\/wp\/v2\/types\/post"}],"author":[{"embeddable":true,"href":"https:\/\/www.automakersnews.cz\/index.php\/wp-json\/wp\/v2\/users\/4"}],"replies":[{"embeddable":true,"href":"https:\/\/www.automakersnews.cz\/index.php\/wp-json\/wp\/v2\/comments?post=19733"}],"version-history":[{"count":0,"href":"https:\/\/www.automakersnews.cz\/index.php\/wp-json\/wp\/v2\/posts\/19733\/revisions"}],"wp:featuredmedia":[{"embeddable":true,"href":"https:\/\/www.automakersnews.cz\/index.php\/wp-json\/wp\/v2\/media\/19738"}],"wp:attachment":[{"href":"https:\/\/www.automakersnews.cz\/index.php\/wp-json\/wp\/v2\/media?parent=19733"}],"wp:term":[{"taxonomy":"category","embeddable":true,"href":"https:\/\/www.automakersnews.cz\/index.php\/wp-json\/wp\/v2\/categories?post=19733"},{"taxonomy":"post_tag","embeddable":true,"href":"https:\/\/www.automakersnews.cz\/index.php\/wp-json\/wp\/v2\/tags?post=19733"}],"curies":[{"name":"wp","href":"https:\/\/api.w.org\/{rel}","templated":true}]}}