{"id":200,"date":"2022-07-21T07:07:47","date_gmt":"2022-07-21T07:07:47","guid":{"rendered":"http:\/\/www.automakersnews.cz\/?p=200"},"modified":"2022-07-21T07:07:47","modified_gmt":"2022-07-21T07:07:47","slug":"technologicka-agentura-cr-volila-predsedu","status":"publish","type":"post","link":"https:\/\/www.automakersnews.cz\/index.php\/2022\/07\/21\/technologicka-agentura-cr-volila-predsedu\/","title":{"rendered":"Technologick\u00e1 agentura \u010cR volila p\u0159edsedu"},"content":{"rendered":"<p align=\"JUSTIFY\"><span style=\"color: #222222;\"><span style=\"font-size: medium;\"><b>Sou\u010dasn\u00e9mu p\u0159edsedovi Technologick\u00e9 agentury \u010cR Petru Konvalinkovi se poda\u0159ilo obh\u00e1jit mand\u00e1t a z\u016fst\u00e1v\u00e1 tak v \u010dele agentury dal\u0161\u00ed 4 roky. Jeho op\u011btovn\u00e9 jmenov\u00e1n\u00ed schv\u00e1lila vl\u00e1da na sv\u00e9m jedn\u00e1n\u00ed dne 14. 7. 2022. Stal se tak prvn\u00edm p\u0159edsedou v historii TA \u010cR, kter\u00e9mu se poda\u0159ilo obh\u00e1jit svou pozici.<\/b><\/span><\/span><!--more--><\/p>\n<p align=\"JUSTIFY\"><span style=\"color: #222222;\"><span style=\"font-size: medium;\">Petr Konvalinka bude nad\u00e1le p\u016fsobit jako \u010dlen p\u0159edsednictva a z\u00e1rove\u0148 p\u0159edseda Technologick\u00e9 agentury \u010cR. Do obhajoby \u0161el s d\u016fle\u017eit\u00fdmi miln\u00edky a \u00fasp\u011bchy, o kter\u00e9 se za necel\u00e9 4 roky sv\u00e9ho p\u016fsoben\u00ed zaslou\u017eil. Pat\u0159\u00ed mezi n\u011b:<\/span><\/span><\/p>\n<p align=\"JUSTIFY\"><span style=\"color: #222222;\">\u25cf<\/span> <span style=\"color: #222222;\"><span style=\"font-size: medium;\">sjednocen\u00ed podm\u00ednek v prost\u0159ed\u00ed aplikovan\u00e9ho v\u00fdzkumu, v\u00fdvoje a inovac\u00ed,<\/span><\/span><\/p>\n<p align=\"JUSTIFY\"><span style=\"color: #222222;\">\u25cf<\/span> <span style=\"color: #222222;\"><span style=\"font-size: medium;\">za\u0159azen\u00ed resortn\u00edch program\u016f MPO TREND, MD DOPRAVA 2020+ a M\u017dP PROST\u0158ED\u00cd PRO \u017dIVOT do portfolia program\u016f TA \u010cR,<\/span><\/span><\/p>\n<p align=\"JUSTIFY\"><span style=\"color: #222222;\">\u25cf<\/span> <span style=\"color: #222222;\"><span style=\"font-size: medium;\">vytvo\u0159en\u00ed, projedn\u00e1n\u00ed a schv\u00e1len\u00ed nov\u00e9ho programu SIGMA,<\/span><\/span><\/p>\n<p align=\"JUSTIFY\"><span style=\"color: #222222;\">\u25cf<\/span> <span style=\"color: #222222;\"><span style=\"font-size: medium;\">p\u0159\u00edprava konceptu spolufinancov\u00e1n\u00ed projekt\u016f, pod\u00e1van\u00fdch \u010desk\u00fdmi subjekty do v\u00fdzev HORIZON 2020 a nov\u011b i HORIZON EUROPE formou tzv. \u201ecofund\u016f\u201c,<\/span><\/span><\/p>\n<p align=\"JUSTIFY\"><span style=\"color: #222222;\">\u25cf<\/span> <span style=\"color: #222222;\"><span style=\"font-size: medium;\">a v neposledn\u00ed \u0159ad\u011b podpora boje proti pandemii covid-19 prost\u0159ednictv\u00edm vyhl\u00e1\u0161en\u00ed speci\u00e1ln\u00ed ve\u0159ejn\u00e9 sout\u011b\u017ee v programu ETA a sou\u010dasn\u011b nab\u00eddka roz\u0161\u00ed\u0159it financovan\u00e9 projekty v programech TA \u010cR o v\u00fdvoj rou\u0161ek, masek, testovac\u00edch sad. Podobn\u011b v souvislosti s v\u00e1lkou na Ukrajin\u011b prob\u011bhla podpora ukrajinsk\u00fdch v\u00fdzkumn\u00edk\u016f a v\u00fdzkumnic, akademik\u016f a student\u016f ve financovan\u00fdch projektech TA \u010cR.<\/span><\/span><\/p>\n<p align=\"JUSTIFY\"><span style=\"color: #222222;\"><span style=\"font-size: medium;\">Ohledn\u011b dal\u0161\u00edho sm\u011b\u0159ov\u00e1n\u00ed TA \u010cR u\u017e m\u00e1 Petr Konvalinka tak\u00e9 jasno: <\/span><\/span><\/p>\n<p align=\"JUSTIFY\"><span style=\"color: #222222;\"><span style=\"font-size: medium;\"><i>\u201eR\u00e1d bych p\u0159isp\u011bl k tomu, aby Technologick\u00e1 agentura \u010cR byla i nad\u00e1le instituc\u00ed, kter\u00e1 zajist\u00ed v\u00fdrazn\u011b lep\u0161\u00ed propojov\u00e1n\u00ed v\u00fdzkumu, v\u00fdvoje a inovac\u00ed s pr\u016fmyslovou prax\u00ed a u\u017e\u0161\u00ed spolupr\u00e1ci v\u00fdzkumn\u00fdch instituc\u00ed s podniky. Hlavn\u00ed zm\u011bna by m\u011bla b\u00fdt ve v\u011bt\u0161\u00ed orientaci na poskytov\u00e1n\u00ed komplexn\u00edch slu\u017eeb od konzultace projektov\u00fdch z\u00e1m\u011br\u016f p\u0159es pomoc v orientaci na dota\u010dn\u00ed a mimodota\u010dn\u00ed n\u00e1stroje a\u017e po pomoc p\u0159i ochran\u011b du\u0161evn\u00edho vlastnictv\u00ed a transferu technologi\u00ed do praxe,\u201d<\/i><\/span><\/span><span style=\"color: #222222;\"><span style=\"font-size: medium;\"> \u0159\u00edk\u00e1 znovuzvolen\u00fd p\u0159edseda TA \u010cR Petr Konvalinka.<\/span><\/span><\/p>\n<p align=\"JUSTIFY\"><img loading=\"lazy\" decoding=\"async\" class=\"alignnone size-medium wp-image-202\" src=\"http:\/\/www.automakersnews.cz\/wp-content\/uploads\/2022\/07\/Petr_Konvalinka_1-200x300.jpg\" alt=\"\" width=\"200\" height=\"300\" srcset=\"https:\/\/www.automakersnews.cz\/wp-content\/uploads\/2022\/07\/Petr_Konvalinka_1-200x300.jpg 200w, https:\/\/www.automakersnews.cz\/wp-content\/uploads\/2022\/07\/Petr_Konvalinka_1-683x1024.jpg 683w, https:\/\/www.automakersnews.cz\/wp-content\/uploads\/2022\/07\/Petr_Konvalinka_1-768x1152.jpg 768w, https:\/\/www.automakersnews.cz\/wp-content\/uploads\/2022\/07\/Petr_Konvalinka_1-1024x1536.jpg 1024w, https:\/\/www.automakersnews.cz\/wp-content\/uploads\/2022\/07\/Petr_Konvalinka_1.jpg 1365w\" sizes=\"auto, (max-width: 200px) 100vw, 200px\" \/><\/p>\n<p align=\"JUSTIFY\">\n","protected":false},"excerpt":{"rendered":"<div class=\"mh-excerpt\"><p>Sou\u010dasn\u00e9mu p\u0159edsedovi Technologick\u00e9 agentury \u010cR Petru Konvalinkovi se poda\u0159ilo obh\u00e1jit mand\u00e1t a z\u016fst\u00e1v\u00e1 tak v \u010dele agentury dal\u0161\u00ed 4 roky. Jeho op\u011btovn\u00e9 jmenov\u00e1n\u00ed schv\u00e1lila vl\u00e1da <a class=\"mh-excerpt-more\" href=\"https:\/\/www.automakersnews.cz\/index.php\/2022\/07\/21\/technologicka-agentura-cr-volila-predsedu\/\" title=\"Technologick\u00e1 agentura \u010cR volila p\u0159edsedu\">[&#8230;]<\/a><\/p>\n<\/div>","protected":false},"author":1,"featured_media":201,"comment_status":"open","ping_status":"open","sticky":false,"template":"","format":"standard","meta":{"footnotes":""},"categories":[3],"tags":[],"class_list":["post-200","post","type-post","status-publish","format-standard","has-post-thumbnail","hentry","category-personalie"],"_links":{"self":[{"href":"https:\/\/www.automakersnews.cz\/index.php\/wp-json\/wp\/v2\/posts\/200","targetHints":{"allow":["GET"]}}],"collection":[{"href":"https:\/\/www.automakersnews.cz\/index.php\/wp-json\/wp\/v2\/posts"}],"about":[{"href":"https:\/\/www.automakersnews.cz\/index.php\/wp-json\/wp\/v2\/types\/post"}],"author":[{"embeddable":true,"href":"https:\/\/www.automakersnews.cz\/index.php\/wp-json\/wp\/v2\/users\/1"}],"replies":[{"embeddable":true,"href":"https:\/\/www.automakersnews.cz\/index.php\/wp-json\/wp\/v2\/comments?post=200"}],"version-history":[{"count":0,"href":"https:\/\/www.automakersnews.cz\/index.php\/wp-json\/wp\/v2\/posts\/200\/revisions"}],"wp:featuredmedia":[{"embeddable":true,"href":"https:\/\/www.automakersnews.cz\/index.php\/wp-json\/wp\/v2\/media\/201"}],"wp:attachment":[{"href":"https:\/\/www.automakersnews.cz\/index.php\/wp-json\/wp\/v2\/media?parent=200"}],"wp:term":[{"taxonomy":"category","embeddable":true,"href":"https:\/\/www.automakersnews.cz\/index.php\/wp-json\/wp\/v2\/categories?post=200"},{"taxonomy":"post_tag","embeddable":true,"href":"https:\/\/www.automakersnews.cz\/index.php\/wp-json\/wp\/v2\/tags?post=200"}],"curies":[{"name":"wp","href":"https:\/\/api.w.org\/{rel}","templated":true}]}}