{"id":20214,"date":"2023-02-08T06:27:21","date_gmt":"2023-02-08T06:27:21","guid":{"rendered":"https:\/\/www.automakersnews.cz\/?p=20214"},"modified":"2023-02-08T06:28:20","modified_gmt":"2023-02-08T06:28:20","slug":"autem-roku-2023-v-cr-je-honda-civic","status":"publish","type":"post","link":"https:\/\/www.automakersnews.cz\/index.php\/2023\/02\/08\/autem-roku-2023-v-cr-je-honda-civic\/","title":{"rendered":"Autem roku 2023 v \u010cR je Honda Civic"},"content":{"rendered":"<p class=\"c_dj\"><strong>Svaz dovozc\u016f automobil\u016f vyhl\u00e1sil 7. \u00fanora na slavnostn\u00edm zakon\u010den\u00ed sout\u011b\u017ee na \u017di\u017ekovsk\u00e9 v\u011b\u017ei v\u00edt\u011bze ankety Auto roku 2023 v \u010cR.\u00a0 Stala se j\u00edm Honda Civic. Druh\u00e9 m\u00edst\u011b sd\u00edl\u00ed BMW X1 a elektrick\u00fd Volkswagen ID. Buzz.<\/strong><!--more--><\/p>\n<div class=\"e_dj\" data-dot=\"mol-paragraph\">\n<p class=\"c_dj\"><span class=\"c_dB\">O titul se letos, stejn\u011b jako loni, utkalo \u0161est finalist\u016f. Krom\u011b v\u00edt\u011bzn\u00e9 Hondy Civic tak\u00e9 BMW X1, Ford Ranger, Renault Megane E-Tech Electric, Peugeot 408 a Volkswagen ID. Buzz.<\/span><\/p>\n<p>Finalisty vybrala odborn\u00e1 porota z celkem 26 nominovan\u00fdch aut. Aby se v\u016fz nominoval, mus\u00ed to b\u00fdt skute\u010dn\u011b novinka, nesta\u010d\u00ed modernizace, by\u0165 by model dostal t\u0159eba nov\u00e9 motory.<\/p>\n<\/div>\n<div class=\"e_dj\" data-dot=\"mol-paragraph\">\n<p><img loading=\"lazy\" decoding=\"async\" class=\"alignnone size-large wp-image-20254\" src=\"http:\/\/www.automakersnews.cz\/wp-content\/uploads\/2023\/02\/AR-2023-pohar-Pokorny-Hubacek-1024x575.jpg\" alt=\"\" width=\"1024\" height=\"575\" srcset=\"https:\/\/www.automakersnews.cz\/wp-content\/uploads\/2023\/02\/AR-2023-pohar-Pokorny-Hubacek-1024x575.jpg 1024w, https:\/\/www.automakersnews.cz\/wp-content\/uploads\/2023\/02\/AR-2023-pohar-Pokorny-Hubacek-300x168.jpg 300w, https:\/\/www.automakersnews.cz\/wp-content\/uploads\/2023\/02\/AR-2023-pohar-Pokorny-Hubacek-768x431.jpg 768w, https:\/\/www.automakersnews.cz\/wp-content\/uploads\/2023\/02\/AR-2023-pohar-Pokorny-Hubacek-678x381.jpg 678w, https:\/\/www.automakersnews.cz\/wp-content\/uploads\/2023\/02\/AR-2023-pohar-Pokorny-Hubacek.jpg 1179w\" sizes=\"auto, (max-width: 1024px) 100vw, 1024px\" \/><\/p>\n<p class=\"c_dj\"><span class=\"c_dB\">Mezi nominovan\u00fdmi bylo \u0161est model\u016f, kter\u00e9 jezd\u00ed v\u00fdhradn\u011b na elekt\u0159inu, a\u00a0dva z\u00a0nich se dostaly do fin\u00e1le.<\/span><\/p>\n<p><strong>FOTO: Lud\u011bk Kortus<\/strong><\/p>\n<p>&nbsp;<\/p>\n<\/div>\n","protected":false},"excerpt":{"rendered":"<div class=\"mh-excerpt\"><p>Svaz dovozc\u016f automobil\u016f vyhl\u00e1sil 7. \u00fanora na slavnostn\u00edm zakon\u010den\u00ed sout\u011b\u017ee na \u017di\u017ekovsk\u00e9 v\u011b\u017ei v\u00edt\u011bze ankety Auto roku 2023 v \u010cR.\u00a0 Stala se j\u00edm Honda Civic. <a class=\"mh-excerpt-more\" href=\"https:\/\/www.automakersnews.cz\/index.php\/2023\/02\/08\/autem-roku-2023-v-cr-je-honda-civic\/\" title=\"Autem roku 2023 v \u010cR je Honda Civic\">[&#8230;]<\/a><\/p>\n<\/div>","protected":false},"author":1,"featured_media":20215,"comment_status":"open","ping_status":"open","sticky":false,"template":"","format":"standard","meta":{"footnotes":""},"categories":[7,50],"tags":[],"class_list":["post-20214","post","type-post","status-publish","format-standard","has-post-thumbnail","hentry","category-ankety","category-vysledky"],"_links":{"self":[{"href":"https:\/\/www.automakersnews.cz\/index.php\/wp-json\/wp\/v2\/posts\/20214","targetHints":{"allow":["GET"]}}],"collection":[{"href":"https:\/\/www.automakersnews.cz\/index.php\/wp-json\/wp\/v2\/posts"}],"about":[{"href":"https:\/\/www.automakersnews.cz\/index.php\/wp-json\/wp\/v2\/types\/post"}],"author":[{"embeddable":true,"href":"https:\/\/www.automakersnews.cz\/index.php\/wp-json\/wp\/v2\/users\/1"}],"replies":[{"embeddable":true,"href":"https:\/\/www.automakersnews.cz\/index.php\/wp-json\/wp\/v2\/comments?post=20214"}],"version-history":[{"count":0,"href":"https:\/\/www.automakersnews.cz\/index.php\/wp-json\/wp\/v2\/posts\/20214\/revisions"}],"wp:featuredmedia":[{"embeddable":true,"href":"https:\/\/www.automakersnews.cz\/index.php\/wp-json\/wp\/v2\/media\/20215"}],"wp:attachment":[{"href":"https:\/\/www.automakersnews.cz\/index.php\/wp-json\/wp\/v2\/media?parent=20214"}],"wp:term":[{"taxonomy":"category","embeddable":true,"href":"https:\/\/www.automakersnews.cz\/index.php\/wp-json\/wp\/v2\/categories?post=20214"},{"taxonomy":"post_tag","embeddable":true,"href":"https:\/\/www.automakersnews.cz\/index.php\/wp-json\/wp\/v2\/tags?post=20214"}],"curies":[{"name":"wp","href":"https:\/\/api.w.org\/{rel}","templated":true}]}}