{"id":20399,"date":"2023-02-08T05:26:40","date_gmt":"2023-02-08T05:26:40","guid":{"rendered":"https:\/\/www.automakersnews.cz\/?p=20399"},"modified":"2023-02-08T05:26:40","modified_gmt":"2023-02-08T05:26:40","slug":"cesky-vyvoz-do-ruska-citelne-zeslabl","status":"publish","type":"post","link":"https:\/\/www.automakersnews.cz\/index.php\/2023\/02\/08\/cesky-vyvoz-do-ruska-citelne-zeslabl\/","title":{"rendered":"\u010cesk\u00fd v\u00fdvoz do Ruska citeln\u011b zesl\u00e1bl"},"content":{"rendered":"<p class=\"c_dj g_fi\" data-dot=\"ogm-article-perex\"><strong>Import produkt\u016f a surovin z Ruska do zem\u00ed EU do lo\u0148sk\u00e9ho z\u00e1\u0159\u00ed klesla o t\u0159etinu, u v\u00fdvozu dokonce t\u00e9m\u011b\u0159 o polovinu. V\u00fdrazn\u011b se sn\u00ed\u017eil i export z \u010cR, ofici\u00e1ln\u00ed statistiky ale nazna\u010duj\u00ed, \u017ee \u010d\u00e1st nejen \u010desk\u00fdch v\u00fdvozc\u016f pokra\u010duje v dod\u00e1vk\u00e1ch do Ruska p\u0159es t\u0159et\u00ed zem\u011b.<\/strong><!--more--><\/p>\n<div class=\"g_fj\">\n<div class=\"ogm-main-media__container\" data-dot=\"ogm-main-media\" data-e2e=\"ogm-main-media\">\n<figure class=\"e_bo\" aria-label=\"Galerie Ilustra\u010dn\u00ed sn\u00edmek\" data-dot=\"mol-figure\" data-dot-data=\"{&quot;mediaItemType&quot;:&quot;foto&quot;}\">\n<div class=\"c_aH e_bp\">\n<div class=\"c_aI\" tabindex=\"0\">\n<div class=\"c_d c_h c_l\"><\/div>\n<\/div>\n<\/div>\n<\/figure>\n<\/div>\n<\/div>\n<div class=\"ogm-container _6231b388c0086990921bf42b\">\n<div class=\"g_fr\" data-e2e=\"ogm-article-layout\">\n<article class=\"g_ft\" role=\"article\" aria-labelledby=\"accessibility-article\">\n<h6 id=\"accessibility-article\" class=\"c_aC c_aG\"><strong><span style=\"font-size: 16px;\">Podle dat, kter\u00e9 Pr\u00e1vu poskytlo ministerstvo pr\u016fmyslu a obchodu, se loni od ledna do listopadu vyvezlo z \u010ceska do Ruska zbo\u017e\u00ed za 33,4 miliardy korun, tedy meziro\u010dn\u011b o 61,2 % m\u00e9n\u011b.<\/span><\/strong><\/h6>\n<div class=\"g_fs\" data-dot=\"ogm-article-content\">\n<div class=\"e_dd e_dp\">\n<div class=\"e_dj\" data-dot=\"mol-paragraph\">\n<p class=\"c_dj\"><span class=\"c_dB\">St\u00e1le p\u0159itom pokra\u010duje export stroj\u016f a\u00a0za\u0159\u00edzen\u00ed pro pr\u016fmysl (za 6,7\u00a0miliardy K\u010d), silni\u010dn\u00edch vozidel (2,9\u00a0miliardy K\u010d) \u010di l\u00e9\u010div (2,8\u00a0miliardy K\u010d).<\/span><\/p>\n<\/div>\n<h2 class=\"c_aC c_aE e_aC\">\u010c\u00e1st obch\u00e1z\u00ed sankce<\/h2>\n<div class=\"e_dj\" data-dot=\"mol-paragraph\">\n<p class=\"c_dj\"><span class=\"c_dB\">\u010c\u00e1st \u010desk\u00e9ho exportu ale z\u0159ejm\u011b obch\u00e1z\u00ed sankce a\u00a0zbo\u017e\u00ed se do Ruska dost\u00e1v\u00e1 p\u0159es postsov\u011btsk\u00e9 republiky. Dramaticky vzrostl loni v\u00fdvoz hlavn\u011b do Kazachst\u00e1nu, Gruzie a\u00a0Arm\u00e9nie.<\/span><\/p>\n<\/div>\n<div class=\"e_dV\"><\/div>\n<div class=\"e_dj\" data-dot=\"mol-paragraph\">\n<p class=\"c_dj\"><span class=\"c_dB\">Jak u\u017e na za\u010d\u00e1tku ledna upozornil Ekonomick\u00fd den\u00edk, hodnota dod\u00e1vek z\u00a0\u010cR do Kazachst\u00e1nu stoupl loni za leden a\u017e \u0159\u00edjen meziro\u010dn\u011b trojn\u00e1sobn\u011b na t\u00e9m\u011b\u0159 12\u00a0miliard korun.<\/span><\/p>\n<\/div>\n<div class=\"e_eL js-ad e_aY\">\u201eExtr\u00e9mn\u00ed je p\u0159\u00edpad autod\u00edl\u016f, kde objem dod\u00e1vek vzrostl 94kr\u00e1t na 1,4 miliardy K\u010d. Telekomunika\u010dn\u00ed p\u0159\u00edstroje a za\u0159\u00edzen\u00ed, po\u010d\u00edta\u010de nebo l\u00e9\u010diva vykazuj\u00ed v meziro\u010dn\u00edm srovn\u00e1n\u00ed zhruba trojn\u00e1sobn\u00fd r\u016fst,\u201c doplnil den\u00edk.<\/div>\n<div class=\"e_dj\" data-dot=\"mol-paragraph\">\n<p class=\"c_dj\"><span class=\"c_dB\">Roli prost\u0159edn\u00edka v \u201eutajovan\u00e9m\u201c obchod\u011b mezi Z\u00e1padem a\u00a0Ruskem pln\u00ed podle zahrani\u010dn\u00edch m\u00e9di\u00ed i\u00a0Turecko. I\u00a0do n\u011bj se \u010desk\u00fd v\u00fdvoz zv\u00fd\u0161il, asi o\u00a0p\u011btinu.<\/span><\/p>\n<\/div>\n<div class=\"e_dj\" data-dot=\"mol-paragraph\">\n<p class=\"c_dj\"><span class=\"c_dB\">Dovoz z\u00a0Ruska do \u010cR loni meziro\u010dn\u011b stoupl o\u00a071\u00a0procent na 260\u00a0miliard korun, ale to hlavn\u011b kv\u016fli drah\u00e9mu plynu a\u00a0rop\u011b. V\u00fdznamn\u00fdmi polo\u017ekami jsou i\u00a0\u017eelezo, ocel \u010di anorganick\u00e9 chemik\u00e1lie.<\/span><\/p>\n<\/div>\n<h2 class=\"c_aC c_aE e_aC\">S\u00edl\u00ed vazba na \u00cdr\u00e1n<\/h2>\n<div class=\"e_dj\" data-dot=\"mol-paragraph\">\n<p class=\"c_dj\"><span class=\"c_dB\">\u201eVzhledem k\u00a0dal\u0161\u00edmu roz\u0161i\u0159ov\u00e1n\u00ed z\u00e1v\u011bru sank\u010dn\u00edch omezen\u00ed na v\u00fdvoz do Ruska i\u00a0dovoz do EU z\u00a0Rusk\u00e9 federace m\u016f\u017eeme d\u00e1le o\u010dek\u00e1vat klesaj\u00edc\u00ed trend,\u201c \u0159ekl Pr\u00e1vu mluv\u010d\u00ed ministerstva pr\u016fmyslu Marek Vo\u0161\u00e1hl\u00edk.<\/span><\/p>\n<\/div>\n<div class=\"e_dj\" data-dot=\"mol-paragraph\">\n<p class=\"c_dj\"><span class=\"c_dB\">Mezi \u010c\u00ednou a\u00a0Ruskem podle \u010d\u00ednsk\u00fdch celn\u00edch statistik obchodn\u00ed v\u00fdm\u011bna naopak meziro\u010dn\u011b vzrostla o\u00a034,3\u00a0procenta na rekordn\u00ed maximum 1,28\u00a0bilionu j\u00fcan\u016f (4,18\u00a0bilionu K\u010d). Podle \u010d\u00ednsk\u00e9ho listu Global Times to podpo\u0159ilo prohlouben\u00ed vz\u00e1jemn\u00fdch vztah\u016f a\u00a0prudk\u00fd n\u00e1r\u016fst obchodu s\u00a0energiemi.<\/span><\/p>\n<\/div>\n<div class=\"e_dj\" data-dot=\"mol-paragraph\">\n<p class=\"c_dj\"><span class=\"c_dB\">V\u00edce komodit dod\u00e1v\u00e1 Rusko od lo\u0148ska tak\u00e9 do Indie, vazby se sna\u017e\u00ed posilovat i\u00a0s Tureckem \u010di \u00cdr\u00e1nem. S\u00a0n\u00edm Rusko pracuje i\u00a0na nov\u00e9m obchodn\u00edm koridoru, kter\u00fd m\u00e1 podle webu japonsk\u00e9ho t\u00fdden\u00edku Nikkei Asia ob\u011bma t\u011bmto zem\u00edm pom\u00e1hat obch\u00e1zet z\u00e1padn\u00ed sankce a\u00a0\u010delit snaze USA p\u0159em\u00edstit dodavatelsk\u00e9 \u0159et\u011bzce k\u00a0jejich spojenc\u016fm a\u00a0sp\u0159\u00e1telen\u00fdm zem\u00edm.<\/span><\/p>\n<\/div>\n<div class=\"e_dj\" data-dot=\"mol-paragraph\">\n<p class=\"c_dj\"><span class=\"c_dB\">Po cel\u00e9m \u00cdr\u00e1nu nyn\u00ed prob\u00edh\u00e1 v\u00fdstavba 3300\u00a0kilometr\u016f \u017eeleznic a\u00a0560\u00a0km nov\u00fdch trat\u00ed m\u00e1 b\u00fdt uvedeno do provozu do b\u0159ezna. Dokon\u010den\u00ed t\u011bchto projekt\u016f by roz\u0161\u00ed\u0159ilo \u017eelezni\u010dn\u00ed s\u00ed\u0165 zem\u011b o\u00a0p\u011btinu.<\/span><\/p>\n<\/div>\n<div class=\"e_dj\" data-dot=\"mol-paragraph\">\n<p class=\"c_dj\"><span class=\"c_dB\">Ve v\u00fdstavb\u011b je v\u00a0\u00cdr\u00e1nu rovn\u011b\u017e 6000\u00a0km d\u00e1lnic, p\u0159i\u010dem\u017e 1000\u00a0km m\u00e1 b\u00fdt dokon\u010deno do b\u0159ezna. \u010cty\u0159proud\u00e1 d\u00e1lnice spojuj\u00edc\u00ed Kaspick\u00e9 mo\u0159e a\u00a0Persk\u00fd z\u00e1liv byla otev\u0159ena loni.<\/span><\/p>\n<p><strong>Zdroj: Pr\u00e1vo<\/strong><\/p>\n<\/div>\n<\/div>\n<\/div>\n<\/article>\n<\/div>\n<\/div>\n","protected":false},"excerpt":{"rendered":"<div class=\"mh-excerpt\"><p>Import produkt\u016f a surovin z Ruska do zem\u00ed EU do lo\u0148sk\u00e9ho z\u00e1\u0159\u00ed klesla o t\u0159etinu, u v\u00fdvozu dokonce t\u00e9m\u011b\u0159 o polovinu. V\u00fdrazn\u011b se sn\u00ed\u017eil i <a class=\"mh-excerpt-more\" href=\"https:\/\/www.automakersnews.cz\/index.php\/2023\/02\/08\/cesky-vyvoz-do-ruska-citelne-zeslabl\/\" title=\"\u010cesk\u00fd v\u00fdvoz do Ruska citeln\u011b zesl\u00e1bl\">[&#8230;]<\/a><\/p>\n<\/div>","protected":false},"author":1,"featured_media":1524,"comment_status":"open","ping_status":"open","sticky":false,"template":"","format":"standard","meta":{"footnotes":""},"categories":[48],"tags":[],"class_list":["post-20399","post","type-post","status-publish","format-standard","has-post-thumbnail","hentry","category-export"],"_links":{"self":[{"href":"https:\/\/www.automakersnews.cz\/index.php\/wp-json\/wp\/v2\/posts\/20399","targetHints":{"allow":["GET"]}}],"collection":[{"href":"https:\/\/www.automakersnews.cz\/index.php\/wp-json\/wp\/v2\/posts"}],"about":[{"href":"https:\/\/www.automakersnews.cz\/index.php\/wp-json\/wp\/v2\/types\/post"}],"author":[{"embeddable":true,"href":"https:\/\/www.automakersnews.cz\/index.php\/wp-json\/wp\/v2\/users\/1"}],"replies":[{"embeddable":true,"href":"https:\/\/www.automakersnews.cz\/index.php\/wp-json\/wp\/v2\/comments?post=20399"}],"version-history":[{"count":0,"href":"https:\/\/www.automakersnews.cz\/index.php\/wp-json\/wp\/v2\/posts\/20399\/revisions"}],"wp:featuredmedia":[{"embeddable":true,"href":"https:\/\/www.automakersnews.cz\/index.php\/wp-json\/wp\/v2\/media\/1524"}],"wp:attachment":[{"href":"https:\/\/www.automakersnews.cz\/index.php\/wp-json\/wp\/v2\/media?parent=20399"}],"wp:term":[{"taxonomy":"category","embeddable":true,"href":"https:\/\/www.automakersnews.cz\/index.php\/wp-json\/wp\/v2\/categories?post=20399"},{"taxonomy":"post_tag","embeddable":true,"href":"https:\/\/www.automakersnews.cz\/index.php\/wp-json\/wp\/v2\/tags?post=20399"}],"curies":[{"name":"wp","href":"https:\/\/api.w.org\/{rel}","templated":true}]}}