{"id":20408,"date":"2023-02-08T05:56:38","date_gmt":"2023-02-08T05:56:38","guid":{"rendered":"https:\/\/www.automakersnews.cz\/?p=20408"},"modified":"2023-02-08T05:57:48","modified_gmt":"2023-02-08T05:57:48","slug":"volvo-v-lednu-prodalo-48-520-aut","status":"publish","type":"post","link":"https:\/\/www.automakersnews.cz\/index.php\/2023\/02\/08\/volvo-v-lednu-prodalo-48-520-aut\/","title":{"rendered":"Volvo v lednu prodalo 48 520 aut"},"content":{"rendered":"<p><strong>Volvo Cars prodala letos v lednu celkem 48 520 voz\u016f, co\u017e ve srovn\u00e1n\u00ed se stejn\u00fdm obdob\u00edm lo\u0148sk\u00e9ho roku znamen\u00e1 zv\u00fd\u0161en\u00ed prodeje o 2 %.<\/strong><!--more--><\/p>\n<p>B\u011bhem tohoto m\u011bs\u00edce byl na velk\u00e9m vzestupu prodej pln\u011b elektrick\u00fdch a plug-in hybridn\u00edch model\u016f Volvo \u0159ady Recharge, kter\u00fd oproti lednu p\u0159edchoz\u00edho roku stoupl o 31 %, p\u0159i\u010dem\u017e m\u011bl na celkov\u00e9m glob\u00e1ln\u00edm prodeji voz\u016f Volvo v dan\u00e9m m\u011bs\u00edci 40,7% pod\u00edl. Pod\u00edl pln\u011b elektrick\u00fdch voz\u016f tvo\u0159il 16,2 %.<\/p>\n<p>V Evrop\u011b se b\u011bhem ledna prodalo celkem 21\u00a0436 voz\u016f, co\u017e ve srovn\u00e1n\u00ed se stejn\u00fdm m\u011bs\u00edcem p\u0159edchoz\u00edho roku znamen\u00e1 zv\u00fd\u0161en\u00ed prodeje o 14,7 %. Nejv\u011bt\u0161\u00ed vliv na tento p\u0159\u00edr\u016fstek m\u011bly Spojen\u00e9 kr\u00e1lovstv\u00ed, It\u00e1lie a Belgie. B\u011bhem tohoto m\u011bs\u00edce se na celkov\u00e9m prodeji v dan\u00e9m regionu z 59,8 % pod\u00edlely modely Recharge, mezi n\u011b\u017e pat\u0159\u00ed krom\u011b \u010dist\u011b elektrick\u00fdch voz\u016f tak\u00e9 plug-in hybridn\u00ed automobily.<\/p>\n<p>Na \u00fazem\u00ed USA se prodalo 7 693 voz\u016f, co\u017e znamen\u00e1 ve srovn\u00e1n\u00ed s lednem minul\u00e9ho roku zv\u00fd\u0161en\u00ed o 8,2 %. Pod\u00edl model\u016f Recharge na celkov\u00e9m prodeji tvo\u0159il v lednu leto\u0161n\u00edho roku 30,8 %.<\/p>\n<p>V \u010c\u00edn\u011b p\u0159i 11 783 prodan\u00fdch vozech lednov\u00fd prodej poklesl o 19,5 %, co\u017e bylo d\u00e1no p\u0159edev\u0161\u00edm oslavami \u010d\u00ednsk\u00e9ho Nov\u00e9ho roku. Pod\u00edl model\u016f Recharge zde dos\u00e1hl 10,7 %.<\/p>\n<p>V lednu se stalo nejprod\u00e1van\u011bj\u0161\u00edm modelem Volvo XC60, kter\u00e9ho se v tomto obdob\u00ed prodalo celkem 16\u00a0016 voz\u016f (2022: 14\u00a0516). Po n\u011bm n\u00e1sledovalo Volvo XC40 s celkem 14\u00a0038 prodan\u00fdmi kusy (2022: 12\u00a0286) a Volvo XC90 s celkem 7\u00a0438 prodan\u00fdmi jednotkami (2022: 7\u00a0243).<\/p>\n<p><strong>Zdroj: Petr Dole\u017ealov\u00e1<\/strong><\/p>\n<p>&nbsp;<\/p>\n<table width=\"372\">\n<tbody>\n<tr>\n<td width=\"57\"><strong>Leden<\/strong><\/td>\n<td width=\"25\"><\/td>\n<td width=\"28\"><\/td>\n<td width=\"38\"><\/td>\n<\/tr>\n<tr>\n<td width=\"57\"><\/td>\n<td width=\"25\"><strong>2023<\/strong><\/td>\n<td width=\"28\"><strong>2022<\/strong><\/td>\n<td width=\"38\"><strong>Zm\u011bna<\/strong><\/td>\n<\/tr>\n<tr>\n<td width=\"57\"><\/td>\n<td width=\"25\"><\/td>\n<td width=\"28\"><\/td>\n<td width=\"38\"><\/td>\n<\/tr>\n<tr>\n<td width=\"57\"><strong>Evropa<\/strong><\/td>\n<td width=\"25\"><strong>21\u00a0436<\/strong><\/td>\n<td width=\"28\"><strong>18\u00a0691<\/strong><\/td>\n<td width=\"38\"><strong>14,7 %<\/strong><\/td>\n<\/tr>\n<tr>\n<td width=\"57\"><u>Recharge<\/u><\/td>\n<td width=\"25\">12\u00a0820<\/td>\n<td width=\"28\">9\u00a0926<\/td>\n<td width=\"38\">29,2 %<\/td>\n<\/tr>\n<tr>\n<td width=\"57\">\u00a0&#8211; plug-in hybridy<\/td>\n<td width=\"25\">7\u00a0483<\/td>\n<td width=\"28\">7\u00a0940<\/td>\n<td width=\"38\">-5,8 %<\/td>\n<\/tr>\n<tr>\n<td width=\"57\">\u00a0&#8211; pln\u011b elektrick\u00e9 varianty<\/td>\n<td width=\"25\">5\u00a0337<\/td>\n<td width=\"28\">1\u00a0986<\/td>\n<td width=\"38\">168,7 %<\/td>\n<\/tr>\n<tr>\n<td width=\"57\"><\/td>\n<td width=\"25\"><\/td>\n<td width=\"28\"><\/td>\n<td width=\"38\"><\/td>\n<\/tr>\n<tr>\n<td width=\"57\"><strong>\u010c\u00edna<\/strong><\/td>\n<td width=\"25\"><strong>11\u00a0783<\/strong><\/td>\n<td width=\"28\"><strong>14\u00a0629<\/strong><\/td>\n<td width=\"38\"><strong>-19,5 %<\/strong><\/td>\n<\/tr>\n<tr>\n<td width=\"57\"><u>Recharge<\/u><\/td>\n<td width=\"25\">1\u00a0258<\/td>\n<td width=\"28\">1\u00a0147<\/td>\n<td width=\"38\">9,7 %<\/td>\n<\/tr>\n<tr>\n<td width=\"57\">\u00a0&#8211; plug-in hybridy<\/td>\n<td width=\"25\">939<\/td>\n<td width=\"28\">1\u00a0039<\/td>\n<td width=\"38\">-9,6 %<\/td>\n<\/tr>\n<tr>\n<td width=\"57\">\u00a0&#8211; pln\u011b elektrick\u00e9 varianty<\/td>\n<td width=\"25\">319<\/td>\n<td width=\"28\">108<\/td>\n<td width=\"38\">195,4 %<\/td>\n<\/tr>\n<tr>\n<td width=\"57\"><\/td>\n<td width=\"25\"><\/td>\n<td width=\"28\"><\/td>\n<td width=\"38\"><\/td>\n<\/tr>\n<tr>\n<td width=\"57\"><strong>USA<\/strong><\/td>\n<td width=\"25\"><strong>7\u00a0693<\/strong><\/td>\n<td width=\"28\"><strong>7\u00a0110<\/strong><\/td>\n<td width=\"38\"><strong>8,2 %<\/strong><\/td>\n<\/tr>\n<tr>\n<td width=\"57\"><u>Recharge<\/u><\/td>\n<td width=\"25\">2\u00a0370<\/td>\n<td width=\"28\">1\u00a0908<\/td>\n<td width=\"38\">24,2 %<\/td>\n<\/tr>\n<tr>\n<td width=\"57\">\u00a0&#8211; plug-in hybridy<\/td>\n<td width=\"25\">1\u00a0599<\/td>\n<td width=\"28\">1\u00a0480<\/td>\n<td width=\"38\">8,0 %<\/td>\n<\/tr>\n<tr>\n<td width=\"57\">\u00a0&#8211; pln\u011b elektrick\u00e9 varianty<\/td>\n<td width=\"25\">771<\/td>\n<td width=\"28\">428<\/td>\n<td width=\"38\">80,1 %<\/td>\n<\/tr>\n<tr>\n<td width=\"57\"><\/td>\n<td width=\"25\"><\/td>\n<td width=\"28\"><\/td>\n<td width=\"38\"><\/td>\n<\/tr>\n<tr>\n<td width=\"57\"><strong>Ostatn\u00ed<\/strong><\/td>\n<td width=\"25\"><strong>7\u00a0608<\/strong><\/td>\n<td width=\"28\"><strong>7\u00a0131<\/strong><\/td>\n<td width=\"38\"><strong>6,7 %<\/strong><\/td>\n<\/tr>\n<tr>\n<td width=\"57\"><u>Recharge<\/u><\/td>\n<td width=\"25\">3\u00a0294<\/td>\n<td width=\"28\">2\u00a0090<\/td>\n<td width=\"38\">57,6 %<\/td>\n<\/tr>\n<tr>\n<td width=\"57\">\u00a0&#8211; plug-in hybridy<\/td>\n<td width=\"25\">1\u00a0847<\/td>\n<td width=\"28\">1\u00a0485<\/td>\n<td width=\"38\">24,4 %<\/td>\n<\/tr>\n<tr>\n<td width=\"57\">\u00a0&#8211; pln\u011b elektrick\u00e9 varianty<\/td>\n<td width=\"25\">1\u00a0447<\/td>\n<td width=\"28\">605<\/td>\n<td width=\"38\">139,2 %<\/td>\n<\/tr>\n<tr>\n<td width=\"57\"><\/td>\n<td width=\"25\"><\/td>\n<td width=\"28\"><\/td>\n<td width=\"38\"><\/td>\n<\/tr>\n<tr>\n<td width=\"57\"><strong>Celkem<\/strong><\/td>\n<td width=\"25\"><strong>48\u00a0520<\/strong><\/td>\n<td width=\"28\"><strong>47\u00a0561<\/strong><\/td>\n<td width=\"38\"><strong>2,0 %<\/strong><\/td>\n<\/tr>\n<tr>\n<td width=\"57\"><u>Recharge<\/u><\/td>\n<td width=\"25\">19\u00a0742<\/td>\n<td width=\"28\">15\u00a0071<\/td>\n<td width=\"38\">31,0 %<\/td>\n<\/tr>\n<tr>\n<td width=\"57\">&#8211; plug-in hybridy<\/td>\n<td width=\"25\">11\u00a0868<\/td>\n<td width=\"28\">11\u00a0944<\/td>\n<td width=\"38\">-0,6 %<\/td>\n<\/tr>\n<tr>\n<td width=\"57\">\u00a0&#8211; pln\u011b elektrick\u00e9 varianty<\/td>\n<td width=\"25\">7\u00a0874<\/td>\n<td width=\"28\">3\u00a0127<\/td>\n<td width=\"38\">151,8 %<\/td>\n<\/tr>\n<\/tbody>\n<\/table>\n","protected":false},"excerpt":{"rendered":"<div class=\"mh-excerpt\"><p>Volvo Cars prodala letos v lednu celkem 48 520 voz\u016f, co\u017e ve srovn\u00e1n\u00ed se stejn\u00fdm obdob\u00edm lo\u0148sk\u00e9ho roku znamen\u00e1 zv\u00fd\u0161en\u00ed prodeje o 2 %.<\/p>\n<\/div>","protected":false},"author":1,"featured_media":69,"comment_status":"open","ping_status":"open","sticky":false,"template":"","format":"standard","meta":{"footnotes":""},"categories":[8],"tags":[],"class_list":["post-20408","post","type-post","status-publish","format-standard","has-post-thumbnail","hentry","category-statistika"],"_links":{"self":[{"href":"https:\/\/www.automakersnews.cz\/index.php\/wp-json\/wp\/v2\/posts\/20408","targetHints":{"allow":["GET"]}}],"collection":[{"href":"https:\/\/www.automakersnews.cz\/index.php\/wp-json\/wp\/v2\/posts"}],"about":[{"href":"https:\/\/www.automakersnews.cz\/index.php\/wp-json\/wp\/v2\/types\/post"}],"author":[{"embeddable":true,"href":"https:\/\/www.automakersnews.cz\/index.php\/wp-json\/wp\/v2\/users\/1"}],"replies":[{"embeddable":true,"href":"https:\/\/www.automakersnews.cz\/index.php\/wp-json\/wp\/v2\/comments?post=20408"}],"version-history":[{"count":0,"href":"https:\/\/www.automakersnews.cz\/index.php\/wp-json\/wp\/v2\/posts\/20408\/revisions"}],"wp:featuredmedia":[{"embeddable":true,"href":"https:\/\/www.automakersnews.cz\/index.php\/wp-json\/wp\/v2\/media\/69"}],"wp:attachment":[{"href":"https:\/\/www.automakersnews.cz\/index.php\/wp-json\/wp\/v2\/media?parent=20408"}],"wp:term":[{"taxonomy":"category","embeddable":true,"href":"https:\/\/www.automakersnews.cz\/index.php\/wp-json\/wp\/v2\/categories?post=20408"},{"taxonomy":"post_tag","embeddable":true,"href":"https:\/\/www.automakersnews.cz\/index.php\/wp-json\/wp\/v2\/tags?post=20408"}],"curies":[{"name":"wp","href":"https:\/\/api.w.org\/{rel}","templated":true}]}}