{"id":20440,"date":"2023-02-08T06:26:21","date_gmt":"2023-02-08T06:26:21","guid":{"rendered":"https:\/\/www.automakersnews.cz\/?p=20440"},"modified":"2023-02-08T07:28:02","modified_gmt":"2023-02-08T07:28:02","slug":"auto-roku-2023-kupka-predal-cenu-honde","status":"publish","type":"post","link":"https:\/\/www.automakersnews.cz\/index.php\/2023\/02\/08\/auto-roku-2023-kupka-predal-cenu-honde\/","title":{"rendered":"Auto roku 2023: Kupka p\u0159edal cenu Hond\u011b"},"content":{"rendered":"<p><strong>Jak vypadal z\u00e1v\u011bre\u010dn\u00fd ceremoni\u00e1l ankety Auto roku 2023? Vyhl\u00e1\u0161en\u00ed prob\u011bhlo v \u00fater\u00fd 7. \u00fanora v Tower Parku, kde se se\u0161li\u00a0 finalist\u00e9 druh\u00e9ho kola a porota vyhl\u00e1sila v\u00edt\u011bze. Country mana\u017eer Hondy Petr Sk\u00e1la pak p\u0159evzal v\u00edt\u011bznou cenu od ministra dopravy Martina Kupky pro Civic e:HEV.<\/strong><!--more--><\/p>\n<p>Odborn\u00e1 dvaceti\u010dlenn\u00e1 novin\u00e1\u0159sk\u00e1 porota vyb\u00edrala p\u016fvodn\u011b mezi 26 nominovan\u00fdmi vozy v kole prvn\u00edm a pot\u00e9 byl v\u00fdb\u011br z\u00fa\u017een na 6 finalist\u016f ve druh\u00e9m kole.<\/p>\n<figure id=\"attachment_20445\" aria-describedby=\"caption-attachment-20445\" style=\"width: 1024px\" class=\"wp-caption alignnone\"><img loading=\"lazy\" decoding=\"async\" class=\"size-large wp-image-20445\" src=\"http:\/\/www.automakersnews.cz\/wp-content\/uploads\/2023\/02\/Kupka-Skala-cena-auto-roku-2023-1024x575.jpg\" alt=\"\" width=\"1024\" height=\"575\" srcset=\"https:\/\/www.automakersnews.cz\/wp-content\/uploads\/2023\/02\/Kupka-Skala-cena-auto-roku-2023-1024x575.jpg 1024w, https:\/\/www.automakersnews.cz\/wp-content\/uploads\/2023\/02\/Kupka-Skala-cena-auto-roku-2023-300x168.jpg 300w, https:\/\/www.automakersnews.cz\/wp-content\/uploads\/2023\/02\/Kupka-Skala-cena-auto-roku-2023-768x431.jpg 768w, https:\/\/www.automakersnews.cz\/wp-content\/uploads\/2023\/02\/Kupka-Skala-cena-auto-roku-2023-678x381.jpg 678w, https:\/\/www.automakersnews.cz\/wp-content\/uploads\/2023\/02\/Kupka-Skala-cena-auto-roku-2023.jpg 1179w\" sizes=\"auto, (max-width: 1024px) 100vw, 1024px\" \/><figcaption id=\"caption-attachment-20445\" class=\"wp-caption-text\">Country mana\u017eer Hondy Petr Sk\u00e1la p\u0159evzal cenu z rukou ministra dopravy Martina Kupky<\/figcaption><\/figure>\n<p><img loading=\"lazy\" decoding=\"async\" class=\"alignnone size-large wp-image-20257\" src=\"http:\/\/www.automakersnews.cz\/wp-content\/uploads\/2023\/02\/AR-2023-Pokorny-tiskovka-1024x575.jpg\" alt=\"\" width=\"1024\" height=\"575\" srcset=\"https:\/\/www.automakersnews.cz\/wp-content\/uploads\/2023\/02\/AR-2023-Pokorny-tiskovka-1024x575.jpg 1024w, https:\/\/www.automakersnews.cz\/wp-content\/uploads\/2023\/02\/AR-2023-Pokorny-tiskovka-300x168.jpg 300w, https:\/\/www.automakersnews.cz\/wp-content\/uploads\/2023\/02\/AR-2023-Pokorny-tiskovka-768x431.jpg 768w, https:\/\/www.automakersnews.cz\/wp-content\/uploads\/2023\/02\/AR-2023-Pokorny-tiskovka-678x381.jpg 678w, https:\/\/www.automakersnews.cz\/wp-content\/uploads\/2023\/02\/AR-2023-Pokorny-tiskovka.jpg 1179w\" sizes=\"auto, (max-width: 1024px) 100vw, 1024px\" \/><\/p>\n<p>Civic spole\u010dnost Honda poprv\u00e9 p\u0159edstavila v roce 1972 nyn\u00ed stav\u00ed na 50let\u00e9 tradici, s v\u00edce ne\u017e 27,5 miliony prodan\u00fdch kus\u016f ve 170 zem\u00edch. 11. generace modelu Civic p\u0159edstavuje modern\u00ed pojet\u00ed charakteristick\u00e9ho tvaru tohoto modelu a navazuje na tradici t\u00e9to legend\u00e1rn\u00ed \u0159ady.<\/p>\n<p><img loading=\"lazy\" decoding=\"async\" class=\"alignnone size-full wp-image-20250\" src=\"http:\/\/www.automakersnews.cz\/wp-content\/uploads\/2023\/02\/AR-2023-Honda-Civic-small.jpg\" alt=\"\" width=\"683\" height=\"383\" srcset=\"https:\/\/www.automakersnews.cz\/wp-content\/uploads\/2023\/02\/AR-2023-Honda-Civic-small.jpg 683w, https:\/\/www.automakersnews.cz\/wp-content\/uploads\/2023\/02\/AR-2023-Honda-Civic-small-300x168.jpg 300w, https:\/\/www.automakersnews.cz\/wp-content\/uploads\/2023\/02\/AR-2023-Honda-Civic-small-678x381.jpg 678w\" sizes=\"auto, (max-width: 683px) 100vw, 683px\" \/><\/p>\n<p><strong>FOTO: Auto roku 2023, Lud\u011bk Kortus<\/strong><\/p>\n","protected":false},"excerpt":{"rendered":"<div class=\"mh-excerpt\"><p>Jak vypadal z\u00e1v\u011bre\u010dn\u00fd ceremoni\u00e1l ankety Auto roku 2023? Vyhl\u00e1\u0161en\u00ed prob\u011bhlo v \u00fater\u00fd 7. \u00fanora v Tower Parku, kde se se\u0161li\u00a0 finalist\u00e9 druh\u00e9ho kola a porota <a class=\"mh-excerpt-more\" href=\"https:\/\/www.automakersnews.cz\/index.php\/2023\/02\/08\/auto-roku-2023-kupka-predal-cenu-honde\/\" title=\"Auto roku 2023: Kupka p\u0159edal cenu Hond\u011b\">[&#8230;]<\/a><\/p>\n<\/div>","protected":false},"author":1,"featured_media":20252,"comment_status":"open","ping_status":"open","sticky":false,"template":"","format":"standard","meta":{"footnotes":""},"categories":[7,10],"tags":[],"class_list":["post-20440","post","type-post","status-publish","format-standard","has-post-thumbnail","hentry","category-ankety","category-eventy"],"_links":{"self":[{"href":"https:\/\/www.automakersnews.cz\/index.php\/wp-json\/wp\/v2\/posts\/20440","targetHints":{"allow":["GET"]}}],"collection":[{"href":"https:\/\/www.automakersnews.cz\/index.php\/wp-json\/wp\/v2\/posts"}],"about":[{"href":"https:\/\/www.automakersnews.cz\/index.php\/wp-json\/wp\/v2\/types\/post"}],"author":[{"embeddable":true,"href":"https:\/\/www.automakersnews.cz\/index.php\/wp-json\/wp\/v2\/users\/1"}],"replies":[{"embeddable":true,"href":"https:\/\/www.automakersnews.cz\/index.php\/wp-json\/wp\/v2\/comments?post=20440"}],"version-history":[{"count":0,"href":"https:\/\/www.automakersnews.cz\/index.php\/wp-json\/wp\/v2\/posts\/20440\/revisions"}],"wp:featuredmedia":[{"embeddable":true,"href":"https:\/\/www.automakersnews.cz\/index.php\/wp-json\/wp\/v2\/media\/20252"}],"wp:attachment":[{"href":"https:\/\/www.automakersnews.cz\/index.php\/wp-json\/wp\/v2\/media?parent=20440"}],"wp:term":[{"taxonomy":"category","embeddable":true,"href":"https:\/\/www.automakersnews.cz\/index.php\/wp-json\/wp\/v2\/categories?post=20440"},{"taxonomy":"post_tag","embeddable":true,"href":"https:\/\/www.automakersnews.cz\/index.php\/wp-json\/wp\/v2\/tags?post=20440"}],"curies":[{"name":"wp","href":"https:\/\/api.w.org\/{rel}","templated":true}]}}