{"id":20735,"date":"2023-02-09T06:25:17","date_gmt":"2023-02-09T06:25:17","guid":{"rendered":"https:\/\/www.automakersnews.cz\/?p=20735"},"modified":"2023-02-09T06:28:00","modified_gmt":"2023-02-09T06:28:00","slug":"arval-loni-rozsiril-flotilu-na-25-tisic-vozu","status":"publish","type":"post","link":"https:\/\/www.automakersnews.cz\/index.php\/2023\/02\/09\/arval-loni-rozsiril-flotilu-na-25-tisic-vozu\/","title":{"rendered":"Arval loni roz\u0161\u00ed\u0159il flotilu na 25 tis\u00edc voz\u016f"},"content":{"rendered":"<p class=\"v1MsoNormal\"><b>Arval zaznamenal v lo\u0148sk\u00e9m roce podle vlastn\u00edch statistik r\u016fst fleetu o 8,5 procent. Zat\u00edmco u firemn\u00edch z\u00e1kazn\u00edku si dr\u017e\u00ed stabiln\u00ed pozici, vn\u00e1r\u016fst nov\u00fdch z\u00e1kazn\u00edku zaznamenal v divizi Retail, tedy u fyzick\u00fdch osob, \u017eivnostn\u00edk\u016f a mal\u00fdch firem do des\u00edti zam\u011bstnanc\u016f. <\/b><!--more--><\/p>\n<p class=\"v1MsoNormal\">Zde narost po\u010det nov\u00fdch z\u00e1kazn\u00edku meziro\u010dn\u011b o v\u00edce ne\u017e 80 procent. R\u016fstov\u00fd trend dokl\u00e1d\u00e1 zvy\u0161uj\u00edc\u00ed se z\u00e1jem o financov\u00e1n\u00ed nov\u00fdch voz\u016f operativn\u00edm leasingem u dom\u00e1cnost\u00ed. Ten p\u0159edstavuje u t\u011bchto z\u00e1kazn\u00edk\u016f podle aktu\u00e1ln\u00edch dat \u010cesk\u00e9 leasingov\u00e9 a finan\u010dn\u00ed asociace celou p\u011btinu ve\u0161ker\u00e9ho financov\u00e1n\u00ed leasingov\u00fdmi produkty.<b><\/b><\/p>\n<p class=\"v1MsoNormal\">Arval tak\u00e9 v\u00fdrazn\u011b p\u0159isp\u00edv\u00e1 k\u00a0dostupnosti nov\u00fdch vozidel, kter\u00e1 dealer\u016fm doch\u00e1zej\u00ed a nejsou k\u00a0dispozici v\u00a0n\u011bkter\u00fdch konfigurac\u00edch v\u016fbec. Na konkr\u00e9tn\u00ed modely musej\u00ed z\u00e1kazn\u00edci \u010dekat i v\u00edce ne\u017e rok.<\/p>\n<p class=\"v1MsoNormal\">\u00a0<i>\u201eNedostatek voz\u016f na trhu jsme vyhodnotili a vozidla objednali s\u00a0t\u00e9m\u011b\u0159 ro\u010dn\u00edm p\u0159edstihem. Proto m\u00e1me nyn\u00ed na sklad\u011b v\u00edce ne\u017e tis\u00edc nov\u00fdch voz\u016f, kter\u00e1 m\u016f\u017eeme po podpisu smlouvy ihned p\u0159edat z\u00e1kazn\u00edk\u016f k\u00a0u\u017e\u00edv\u00e1n\u00ed. Z\u00e1rove\u0148 provozujeme slu\u017ebu Mid-Term Rental, co\u017e jsou pron\u00e1jmy s\u00a0krat\u0161\u00ed dobou trv\u00e1n\u00ed smlouvy, od jednoho m\u011bs\u00edce do dvou let. Vozidla z\u00a0t\u00e9to flotily um\u00edme \u0159idi\u010d\u016fm poskytnout v\u00a0p\u0159\u00edpad\u011b \u010dek\u00e1n\u00ed na v\u016fz v\u00a0konkr\u00e9tn\u00ed v\u00fdbav\u011b,\u201c<\/i>\u00a0\u0159\u00edk\u00e1 gener\u00e1ln\u00ed \u0159editel Arvalu Ale\u0161 Pol\u00e1k.<\/p>\n<p class=\"v1MsoNormal\"><b>Arval p\u0159ibli\u017euje operativn\u00ed leasing \u010desk\u00fdm \u0159idi\u010d\u016fm, loni spustil oper\u00e1k na ojetiny<\/b><\/p>\n<p class=\"v1MsoNormal\">Spole\u010dnost Arval pokra\u010duje v\u00a0p\u0159ibli\u017eov\u00e1n\u00ed operativn\u00edho leasingu voz\u016f \u010desk\u00fdm \u0159idi\u010d\u016fm. T\u011bm za\u010dala loni v\u00a0srpnu nab\u00edzet tak\u00e9 operativn\u00ed leasing na ojet\u00e9 vozy. Nab\u00eddku pravideln\u011b obm\u011b\u0148uje a aktu\u00e1ln\u00ed nab\u00eddka za\u010d\u00edn\u00e1 na 4\u00a0499,- K\u010d s\u00a0DPH<i>.<\/i><\/p>\n<p class=\"v1MsoNormal\"><i> \u201eOperativn\u00ed leasing ojet\u00fdch vozidel je dal\u0161\u00edm prvkem na\u0161\u00ed nab\u00eddky pro z\u00e1kazn\u00edky. Doposud si mohli \u0159idi\u010di tato vozidla bu\u010f odkoupit za z\u016fstatkovou cenu, nebo jsme je prod\u00e1vali d\u00e1l prost\u0159ednictv\u00edm na\u0161ich partnersk\u00fdch autobazar\u016f. Nyn\u00ed mohou z\u00e1kazn\u00edci vyu\u017e\u00edvat tato ojet\u00e1 vozidla po prvn\u00edm cyklu operativn\u00edho leasingu i nad\u00e1le, v\u00fdhodou je velmi p\u0159\u00edzniv\u00e1 cena. Celou dobu provozu byla vozidla\u00a0v na\u0161em vlastnictv\u00ed, proto m\u00e1me dokonal\u00fd p\u0159ehled o jejich servisn\u00ed historii i n\u00e1jezdu, kter\u00fd je velmi n\u00edzk\u00fd, v\u00a0pr\u016fm\u011bru do 60 tis\u00edc kilometr\u016f. Jedn\u00e1 se p\u0159edev\u0161\u00edm o z\u00e1novn\u00ed vozy do \u010dty\u0159 let st\u00e1\u0159\u00ed. Z\u00e1kazn\u00edci maj\u00ed v\u00a0cen\u011b v\u0161echny slu\u017eby v\u00a0r\u00e1mci full-service operativn\u00edho leasingu jako v\u00a0p\u0159\u00edpad\u011b pron\u00e1jmu nov\u00e9ho auta a ru\u010d\u00edme tak\u00e9 za n\u00e1hlou opravu v\u00a0p\u0159\u00edpad\u011b nenad\u00e1l\u00e9 ud\u00e1losti. O tuto na\u0161i slu\u017ebu byl v\u00a0lo\u0148sk\u00e9m roce velk\u00fd z\u00e1jem a nab\u00eddku i nad\u00e1le dopl\u0148ujeme,\u201c<\/i>\u00a0\u0159\u00edk\u00e1 Ale\u0161 Pol\u00e1k, gener\u00e1ln\u00ed \u0159editel Arvalu CZ.<\/p>\n<p class=\"v1MsoNormal\"><b>Popt\u00e1vka po alternativn\u00edch pohonech roste. Z\u00e1kazn\u00edci zv\u00fd\u0161ili objedn\u00e1vky elektroaut a hybrid\u016f<\/b><\/p>\n<p class=\"v1MsoNormal\">V\u00fdrazn\u00fd n\u00e1r\u016fst zaznamenal Arval v\u00a0popt\u00e1vce po vozech s\u00a0elektrifikovan\u00fdmi pohony, tedy hybridech, plug-in hybridech a bateriov\u00fdch elektromobilech. V\u00a0lo\u0148sk\u00e9m roce se rozrostla tuzemsk\u00e1 flotila Arvalu na t\u00e9m\u011b\u0159 500 voz\u016f. Z\u00e1jem roste nejv\u00edce mezi firmami, jejich\u017e objedn\u00e1vky se meziro\u010dn\u011b zv\u00fd\u0161ily o 223 %. N\u00e1r\u016fst o 77 % pak zaznamenal segment fyzick\u00fdch osob, mal\u00fdch firem a \u017eivnostn\u00edk\u016f.<\/p>\n<p class=\"v1MsoNormal\">\u00a0<i>\u201eZ\u00e1jem \u010cech\u016f o elektromobilitu obecn\u011b roste, letos poprv\u00e9 p\u0159ekro\u010dil dv\u011b procenta pod\u00edl registrac\u00ed nov\u00fdch bateriov\u00fdch elektromobil\u016f na cel\u00e9m trhu. V\u00a0Arvalu tomuto segmentu velmi v\u011b\u0159\u00edme a na\u0161im z\u00e1kazn\u00edk\u016fm tato vozidla nab\u00edz\u00edme spolu s odborn\u00fdmi konzultacemi, kter\u00e9 jim pom\u00e1haj\u00ed s p\u0159echodem od spalovac\u00edch motor\u016f k elektrifikovan\u00e9mu fleetu. K\u00a0elektromobil\u016fm a plug-in hybrid\u016fm nab\u00edz\u00edme \u0159adu souvisej\u00edc\u00edch slu\u017eeb, nap\u0159\u00edklad wallboxy do dom\u00e1cnost\u00ed a firem \u010di jednotnou nab\u00edjec\u00ed kartu, se kterou lze ve\u00a022 zem\u00edch EU. Firm\u00e1m jsme tak\u00e9 za\u010dali nab\u00edzet alternativn\u00ed zp\u016fsoby dopravy zam\u011bstnanc\u016f, spustili jsme nap\u0159\u00edklad program pron\u00e1jmu elektrokol. Do roku 2025 bychom cht\u011bli zv\u00fd\u0161it pod\u00edl elektromobil\u016f na objedn\u00e1vk\u00e1ch \u010desk\u00e9 pobo\u010dky Arvalu na osm procent. K tomu m\u00e1me vykro\u010deno velmi dob\u0159e, nebo\u0165 jsme za lo\u0148sk\u00fd rok byli nejv\u011bt\u0161\u00edm poskytovatelem elektroaut na operativn\u00ed leasing na na\u0161em trhu,\u201c konstatuje konzultant Tom\u00e1\u0161 Kade\u0159\u00e1bek<\/i>.<\/p>\n<p class=\"v1MsoNormal\"><b>\u010cesk\u00fd z\u00e1stupce Arvalu v\u00a0nejvy\u0161\u0161\u00edm veden\u00ed spole\u010dnosti<\/b><\/p>\n<p class=\"v1MsoNormal\">V\u00a0lo\u0148sk\u00e9m roce zaznamenala \u010desk\u00e1 pobo\u010dka Arvalu v\u00fdrazn\u00fd \u00fasp\u011bch. Jej\u00ed zakladatel \u0160tefan Majt\u00e1n se stal \u010dlenem neju\u017e\u0161\u00edho veden\u00ed spole\u010dnosti ve Francii. Mu\u017e, kter\u00fd st\u00e1l u po\u010d\u00e1tk\u016f \u010desk\u00e9ho a slovensk\u00e9ho zastoupen\u00ed firmy nyn\u00ed ur\u010duje podobu p\u0159edn\u00edho hr\u00e1\u010de na poli operativn\u00edho leasingu v\u00a0Evrop\u011b, kter\u00fd provozuje ve 30 zem\u00edch v\u00edce ne\u017e 1,5 milionu voz\u016f.<\/p>\n<p class=\"v1MsoNormal\"><b>Dostupnost servis\u016f a roz\u0161\u00ed\u0159en\u00ed partnersk\u00e9 s\u00edt\u011b<\/b><\/p>\n<p class=\"v1MsoNormal\">V\u00a0r\u00e1mci komplexn\u00edch slu\u017eeb Arval p\u0159inesl v\u00a0lo\u0148sk\u00e9m roce z\u00e1kazn\u00edk\u016fm zlep\u0161en\u00ed dostupnosti servisu vozidel prost\u0159ednictv\u00edm platformy Arval Servis Online. P\u0159es tu se mohou z\u00e1kazn\u00edci objedn\u00e1vat na pravideln\u00e9 prohl\u00eddky \u010di opravy online. Z\u00e1rove\u0148 tak\u00e9 roz\u0161\u00ed\u0159il servisn\u00ed s\u00ed\u0165 o \u0161pi\u010dkov\u00e1 nez\u00e1visl\u00e1 pracovi\u0161t\u011b, co\u017e p\u0159inese z\u00e1kazn\u00edk\u016fm v\u00edce mo\u017enost\u00ed pro \u0159e\u0161en\u00ed jak\u00fdchkoli situac\u00ed s\u00a0jejich vozidly. \u201eV lo\u0148sk\u00e9m roce jsme roz\u0161\u00ed\u0159ili na\u0161i servisn\u00ed s\u00ed\u0165. Servis\u016fm, kter\u00e9 spln\u00ed na\u0161e po\u017eadavky na kvalitu, ud\u00edl\u00edme speci\u00e1ln\u00ed certifik\u00e1t a zahrnujeme je do na\u0161\u00ed servisn\u00ed s\u00edt\u011b. Na\u0161i z\u00e1kazn\u00edci maj\u00ed d\u00edky tomu vy\u0161\u0161\u00ed dostupnost servisu v\u00a0bl\u00edzkosti sv\u00e9ho bydli\u0161t\u011b \u010di zam\u011bstn\u00e1n\u00ed,\u201c vysv\u011btluje Vil\u00e9m Mandl\u00edk, technick\u00fd \u0159editel Arval CZ.<\/p>\n<p class=\"v1MsoNormal\"><b>Arval letos oslav\u00ed 20 let na \u010desk\u00e9m trhu. Chyst\u00e1 speci\u00e1ln\u00ed akce i nov\u00e9 produkty<\/b><\/p>\n<p class=\"v1MsoNormal\">Spole\u010dnost Arval v\u00a0leto\u0161n\u00edm roce oslav\u00ed 20 let sv\u00e9 existence na \u010desk\u00e9m trhu. I nad\u00e1le chce b\u00fdt technologick\u00fdm leaderem osobn\u00ed i firemn\u00ed mobility v\u00a0\u010cesku. V\u00a0leto\u0161n\u00edm roce chyst\u00e1 nov\u00e9 produkty spojen\u00e9 s\u00a0operativn\u00edm leasingem, speci\u00e1ln\u00ed akce na podporu elektromobility i nov\u00e9 technologick\u00e9 produkty pro spr\u00e1vu vozov\u00fdch park\u016f.<\/p>\n","protected":false},"excerpt":{"rendered":"<div class=\"mh-excerpt\"><p>Arval zaznamenal v lo\u0148sk\u00e9m roce podle vlastn\u00edch statistik r\u016fst fleetu o 8,5 procent. Zat\u00edmco u firemn\u00edch z\u00e1kazn\u00edku si dr\u017e\u00ed stabiln\u00ed pozici, vn\u00e1r\u016fst nov\u00fdch z\u00e1kazn\u00edku zaznamenal <a class=\"mh-excerpt-more\" href=\"https:\/\/www.automakersnews.cz\/index.php\/2023\/02\/09\/arval-loni-rozsiril-flotilu-na-25-tisic-vozu\/\" title=\"Arval loni roz\u0161\u00ed\u0159il flotilu na 25 tis\u00edc voz\u016f\">[&#8230;]<\/a><\/p>\n<\/div>","protected":false},"author":1,"featured_media":20737,"comment_status":"open","ping_status":"open","sticky":false,"template":"","format":"standard","meta":{"footnotes":""},"categories":[57,2],"tags":[],"class_list":["post-20735","post","type-post","status-publish","format-standard","has-post-thumbnail","hentry","category-leasing","category-news"],"_links":{"self":[{"href":"https:\/\/www.automakersnews.cz\/index.php\/wp-json\/wp\/v2\/posts\/20735","targetHints":{"allow":["GET"]}}],"collection":[{"href":"https:\/\/www.automakersnews.cz\/index.php\/wp-json\/wp\/v2\/posts"}],"about":[{"href":"https:\/\/www.automakersnews.cz\/index.php\/wp-json\/wp\/v2\/types\/post"}],"author":[{"embeddable":true,"href":"https:\/\/www.automakersnews.cz\/index.php\/wp-json\/wp\/v2\/users\/1"}],"replies":[{"embeddable":true,"href":"https:\/\/www.automakersnews.cz\/index.php\/wp-json\/wp\/v2\/comments?post=20735"}],"version-history":[{"count":0,"href":"https:\/\/www.automakersnews.cz\/index.php\/wp-json\/wp\/v2\/posts\/20735\/revisions"}],"wp:featuredmedia":[{"embeddable":true,"href":"https:\/\/www.automakersnews.cz\/index.php\/wp-json\/wp\/v2\/media\/20737"}],"wp:attachment":[{"href":"https:\/\/www.automakersnews.cz\/index.php\/wp-json\/wp\/v2\/media?parent=20735"}],"wp:term":[{"taxonomy":"category","embeddable":true,"href":"https:\/\/www.automakersnews.cz\/index.php\/wp-json\/wp\/v2\/categories?post=20735"},{"taxonomy":"post_tag","embeddable":true,"href":"https:\/\/www.automakersnews.cz\/index.php\/wp-json\/wp\/v2\/tags?post=20735"}],"curies":[{"name":"wp","href":"https:\/\/api.w.org\/{rel}","templated":true}]}}