{"id":20743,"date":"2023-02-09T06:51:21","date_gmt":"2023-02-09T06:51:21","guid":{"rendered":"https:\/\/www.automakersnews.cz\/?p=20743"},"modified":"2023-02-09T06:52:17","modified_gmt":"2023-02-09T06:52:17","slug":"stavka-v-nexenu-skoncila-dohodou","status":"publish","type":"post","link":"https:\/\/www.automakersnews.cz\/index.php\/2023\/02\/09\/stavka-v-nexenu-skoncila-dohodou\/","title":{"rendered":"St\u00e1vka v Nexenu skon\u010dila dohodou"},"content":{"rendered":"<p><strong>St\u00e1vka v jihokorejsk\u00e9 tov\u00e1rn\u011b na pneumatiky\u00a0<span class=\"e1id0 advancedHighlight e-organization SearchKeywordHighlight\" data-id=\"0\" data-classic=\"true\">Nexen<\/span>\u00a0<span class=\"e1id0 advancedHighlight\" data-id=\"1\" data-classic=\"false\">Tire<\/span>\u00a0u\u00a0<span class=\"e0id0 advancedHighlight\" data-id=\"2\" data-classic=\"false\">\u017datce<\/span>\u00a0na\u00a0<span class=\"e0id1 advancedHighlight\" data-id=\"3\" data-classic=\"false\">Lounsku<\/span> po t\u00fddnu kon\u010d\u00ed. Odbory se s veden\u00edm firmy dohodly na zv\u00fd\u0161en\u00ed mezd v\u0161em <span class=\"e5id1 advancedHighlight\" data-id=\"4\" data-classic=\"false\">zam\u011bstnanc\u016fm<\/span>\u00a0o osm procent od 1. b\u0159ezna. Sou\u010d\u00e1st\u00ed dohody je i kompenzace pro ka\u017ed\u00e9ho\u00a0<span class=\"e5id1 advancedHighlight\" data-id=\"4\" data-classic=\"false\">zam\u011bstnance<\/span> za lo\u0148sk\u00fd rok ve v\u00fd\u0161i 20 000 korun. Po jedn\u00e1n\u00ed to \u0159ekl <span class=\"e5id2 advancedHighlight\" data-id=\"6\" data-classic=\"false\">\u0161\u00e9f <\/span><span class=\"e1id1 advancedHighlight\" data-id=\"7\" data-classic=\"false\">Odborov\u00e9ho<\/span>\u00a0<span class=\"e1id1 advancedHighlight\" data-id=\"7\" data-classic=\"false\">svazu<\/span>\u00a0<span class=\"e1id1 advancedHighlight\" data-id=\"7\" data-classic=\"false\">KOVO<\/span>\u00a0Roman \u010eur\u010do.<\/strong><!--more--><\/p>\n<p>\u201e\u00dasp\u011b\u0161n\u00e1 st\u00e1vka <span class=\"e5id3 advancedHighlight\" data-id=\"10\" data-classic=\"false\">odbor\u00e1\u0159\u016f<\/span> OS KOVO v Nexen Tires Europe kon\u010d\u00ed! Dohoda se pr\u00e1v\u011b uzav\u00edr\u00e1 ke spokojenosti obou stran,\u201c napsal v \u00fater\u00fd odpoledne odborov\u00fd p\u0159ed\u00e1k <span class=\"e2id0 advancedHighlight\" data-id=\"11\" data-classic=\"false\">Josef<\/span>\u00a0<span class=\"e2id0 advancedHighlight\" data-id=\"11\" data-classic=\"false\">St\u0159edula<\/span>\u00a0na\u00a0<span class=\"e3id0 advancedHighlight\" data-id=\"13\" data-classic=\"false\">Twitteru<\/span>.<\/p>\n<p>\u201eD\u011bkujeme v\u0161em, kte\u0159\u00ed se rozhodli bojovat za lep\u0161\u00ed \u017eivot! Zvl\u00e1dli to s velkou solid\u00e1rn\u00ed podporou nap\u0159\u00ed\u010d\u00a0<span class=\"e0id2 advancedHighlight\" data-id=\"14\" data-classic=\"false\">\u010cR<\/span>\u00a0a\u00a0<span class=\"e0id3 advancedHighlight\" data-id=\"15\" data-classic=\"false\">Evropou<\/span>,\u201c uvedl\u00a0<span class=\"e2id0 advancedHighlight\" data-id=\"11\" data-classic=\"false\">St\u0159edula<\/span>\u00a0a pod\u011bkoval \u010desk\u00e9mu\u00a0<span class=\"e5id5 advancedHighlight\" data-id=\"17\" data-classic=\"false\">ministru<\/span>\u00a0pr\u00e1ce soci\u00e1ln\u00edch v\u011bc\u00ed\u00a0<span class=\"e2id1 advancedHighlight\" data-id=\"18\" data-classic=\"false\">Marianu<\/span>\u00a0<span class=\"e2id1 advancedHighlight\" data-id=\"18\" data-classic=\"false\">Jure\u010dkovi<\/span>\u00a0a\u00a0<span class=\"e5id4 advancedHighlight\" data-id=\"20\" data-classic=\"false\">velvyslanci<\/span>\u00a0<span class=\"e0id4 advancedHighlight\" data-id=\"21\" data-classic=\"false\">Korejsk\u00e9<\/span>\u00a0<span class=\"e0id4 advancedHighlight\" data-id=\"21\" data-classic=\"false\">republiky<\/span>\u00a0v\u00a0<span class=\"e0id2 advancedHighlight\" data-id=\"14\" data-classic=\"false\">\u010cR<\/span>.<\/p>\n<p><span class=\"e5id3 advancedHighlight\" data-id=\"10\" data-classic=\"false\">Odbor\u00e1\u0159i<\/span>\u00a0p\u016fvodn\u011b po\u017eadovali krom\u011b jin\u00e9ho zv\u00fd\u0161en\u00ed mezd o 8,3 procenta. N\u00e1stupn\u00ed mzda\u00a0<span class=\"e5id10 advancedHighlight\" data-id=\"25\" data-classic=\"false\">oper\u00e1tora<\/span>\u00a0<span class=\"e5id9 advancedHighlight\" data-id=\"26\" data-classic=\"false\">v\u00fdroby<\/span>\u00a0je podle\u00a0<span class=\"e5id3 advancedHighlight\" data-id=\"10\" data-classic=\"false\">odbor\u00e1\u0159\u016f<\/span>\u00a022 700 korun. Pr\u016fm\u011brnou mzdu\u00a0<span class=\"e5id1 advancedHighlight\" data-id=\"4\" data-classic=\"false\">zam\u011bstnanc\u016f<\/span>\u00a0firma neuv\u00e1d\u00ed.<\/p>\n<p>Pr\u016fm\u011brn\u00e1 mzda v\u00a0<span class=\"e0id5 advancedHighlight\" data-id=\"29\" data-classic=\"false\">\u00dasteck\u00e9m<\/span>\u00a0<span class=\"e0id5 advancedHighlight\" data-id=\"29\" data-classic=\"false\">kraji<\/span>\u00a0ve t\u0159et\u00edm \u010dtvrtlet\u00ed lo\u0148sk\u00e9ho roku \u010dinila podle statistik\u016f zhruba 37 000 korun a byla \u0161est\u00e1 nejvy\u0161\u0161\u00ed mezi kraji. Minim\u00e1ln\u00ed mzda od leto\u0161n\u00edho ledna v zemi \u010din\u00ed 17 300 korun.<\/p>\n<p>\u201eJe to v\u00edcem\u00e9n\u011b kompromisn\u00ed \u0159e\u0161en\u00ed. St\u00e1vka dne\u0161n\u00edm dnem kon\u010d\u00ed a dne\u0161n\u00ed sm\u011bna u\u017e by m\u011bla nastoupit,\u201c \u0159ekl \u010eur\u010do.<\/p>\n<p>Kolektivn\u00ed smlouva by m\u011bla b\u00fdt podle n\u011bj podepsan\u00e1 do 31. b\u0159ezna. Pot\u00e9 bude mo\u017en\u00e1 n\u00e1sledovat dal\u0161\u00ed vyjedn\u00e1v\u00e1n\u00ed. P\u016fvodn\u011b odbory po\u017eadovaly uzav\u0159en\u00ed smlouvy na l\u00e9ta 2022 a 2023, zat\u00edm v\u0161ak nen\u00ed jasn\u00e9, jestli smlouva nebude uzav\u0159ena na v\u00edce let, \u0159ekl\u00a0<span class=\"e5id2 advancedHighlight\" data-id=\"6\" data-classic=\"false\">p\u0159edseda<\/span>.<\/p>\n<p>Odbory v tiskov\u00e9 zpr\u00e1v\u011b upozornily, \u017ee ukon\u010den\u00ed st\u00e1vky je podm\u00edne\u010dn\u00e9,\u00a0<span class=\"e5id1 advancedHighlight\" data-id=\"4\" data-classic=\"false\">zam\u011bstnanci<\/span>\u00a0se mohou ke st\u00e1vce kdykoli vr\u00e1tit, pokud firma dne\u0161n\u00ed ujedn\u00e1n\u00ed nedodr\u017e\u00ed.Pomohla Jure\u010dkova intervence<\/p>\n<p>K dohod\u011b podle \u010eur\u010da p\u0159isp\u011bla dne\u0161n\u00ed sch\u016fzka\u00a0<span class=\"e5id3 advancedHighlight\" data-id=\"10\" data-classic=\"false\">odbor\u00e1\u0159\u016f<\/span>\u00a0s\u00a0<span class=\"e5id0 advancedHighlight\" data-id=\"34\" data-classic=\"false\">ministrem<\/span>\u00a0<span class=\"e5id0 advancedHighlight\" data-id=\"34\" data-classic=\"false\">pr\u00e1ce<\/span>\u00a0<span class=\"e5id0 advancedHighlight\" data-id=\"34\" data-classic=\"false\">a<\/span>\u00a0<span class=\"e5id0 advancedHighlight\" data-id=\"34\" data-classic=\"false\">soci\u00e1ln\u00edch<\/span>\u00a0<span class=\"e5id0 advancedHighlight\" data-id=\"34\" data-classic=\"false\">v\u011bc\u00ed<\/span>\u00a0<span class=\"e2id1 advancedHighlight\" data-id=\"18\" data-classic=\"false\">Marianem<\/span>\u00a0<span class=\"e2id1 advancedHighlight\" data-id=\"18\" data-classic=\"false\">Jure\u010dkou<\/span>\u00a0(<span class=\"e1id2 advancedHighlight\" data-id=\"41\" data-classic=\"false\">KDU-\u010cSL<\/span>). Do jedn\u00e1n\u00ed se vlo\u017eil tak\u00e9\u00a0<span class=\"e5id4 advancedHighlight\" data-id=\"20\" data-classic=\"false\">velvyslanec<\/span>\u00a0Kim Te-\u010din, kter\u00e9ho\u00a0<span class=\"e2id1 advancedHighlight\" data-id=\"18\" data-classic=\"false\">Jure\u010dka<\/span>\u00a0oslovil.<\/p>\n<p>\u201eD\u00edky za dne\u0161n\u00ed dohodu a ukon\u010den\u00ed st\u00e1vky v Nexenu. Jsem r\u00e1d za dne\u0161n\u00ed dopoledn\u00ed konstruktivn\u00ed jedn\u00e1n\u00ed a nalezen\u00ed dohody mezi odbory a managementem firmy,\u201c napsal\u00a0<span class=\"e2id1 advancedHighlight\" data-id=\"18\" data-classic=\"false\">Jure\u010dka<\/span>\u00a0na\u00a0<span class=\"e3id0 advancedHighlight\" data-id=\"13\" data-classic=\"false\">Twitteru<\/span>.<\/p>\n<p>V pond\u011bl\u00ed se uskute\u010dnila p\u0159ed tov\u00e1rnou demonstrace, na kterou podle\u00a0<span class=\"e5id3 advancedHighlight\" data-id=\"10\" data-classic=\"false\">odbor\u00e1\u0159\u016f<\/span>\u00a0dorazilo v\u00edce ne\u017e 200 lid\u00ed. U\u017e minul\u00fd t\u00fdden se\u00a0<span class=\"e5id3 advancedHighlight\" data-id=\"10\" data-classic=\"false\">odbor\u00e1\u0159i<\/span>\u00a0s veden\u00edm se\u0161li, jedn\u00e1n\u00ed tehdy nedopadlo. P\u0159i st\u00e1vce vzniklo i n\u011bkolik probl\u00e9m\u016f. Firma nap\u0159\u00edklad necht\u011bla vpustit st\u00e1vkuj\u00edc\u00ed do tov\u00e1rny,\u00a0<span class=\"e5id3 advancedHighlight\" data-id=\"10\" data-classic=\"false\">odbor\u00e1\u0159i<\/span>\u00a0pozd\u011bji tak\u00e9 tvrdili, \u017ee do v\u00fdrobny nemohly vstoupit ani st\u00e1vkov\u00e9 hl\u00eddky.<\/p>\n","protected":false},"excerpt":{"rendered":"<div class=\"mh-excerpt\"><p>St\u00e1vka v jihokorejsk\u00e9 tov\u00e1rn\u011b na pneumatiky\u00a0Nexen\u00a0Tire\u00a0u\u00a0\u017datce\u00a0na\u00a0Lounsku po t\u00fddnu kon\u010d\u00ed. Odbory se s veden\u00edm firmy dohodly na zv\u00fd\u0161en\u00ed mezd v\u0161em zam\u011bstnanc\u016fm\u00a0o osm procent od 1. b\u0159ezna. <a class=\"mh-excerpt-more\" href=\"https:\/\/www.automakersnews.cz\/index.php\/2023\/02\/09\/stavka-v-nexenu-skoncila-dohodou\/\" title=\"St\u00e1vka v Nexenu skon\u010dila dohodou\">[&#8230;]<\/a><\/p>\n<\/div>","protected":false},"author":1,"featured_media":20772,"comment_status":"open","ping_status":"open","sticky":false,"template":"","format":"standard","meta":{"footnotes":""},"categories":[2],"tags":[],"class_list":["post-20743","post","type-post","status-publish","format-standard","has-post-thumbnail","hentry","category-news"],"_links":{"self":[{"href":"https:\/\/www.automakersnews.cz\/index.php\/wp-json\/wp\/v2\/posts\/20743","targetHints":{"allow":["GET"]}}],"collection":[{"href":"https:\/\/www.automakersnews.cz\/index.php\/wp-json\/wp\/v2\/posts"}],"about":[{"href":"https:\/\/www.automakersnews.cz\/index.php\/wp-json\/wp\/v2\/types\/post"}],"author":[{"embeddable":true,"href":"https:\/\/www.automakersnews.cz\/index.php\/wp-json\/wp\/v2\/users\/1"}],"replies":[{"embeddable":true,"href":"https:\/\/www.automakersnews.cz\/index.php\/wp-json\/wp\/v2\/comments?post=20743"}],"version-history":[{"count":0,"href":"https:\/\/www.automakersnews.cz\/index.php\/wp-json\/wp\/v2\/posts\/20743\/revisions"}],"wp:featuredmedia":[{"embeddable":true,"href":"https:\/\/www.automakersnews.cz\/index.php\/wp-json\/wp\/v2\/media\/20772"}],"wp:attachment":[{"href":"https:\/\/www.automakersnews.cz\/index.php\/wp-json\/wp\/v2\/media?parent=20743"}],"wp:term":[{"taxonomy":"category","embeddable":true,"href":"https:\/\/www.automakersnews.cz\/index.php\/wp-json\/wp\/v2\/categories?post=20743"},{"taxonomy":"post_tag","embeddable":true,"href":"https:\/\/www.automakersnews.cz\/index.php\/wp-json\/wp\/v2\/tags?post=20743"}],"curies":[{"name":"wp","href":"https:\/\/api.w.org\/{rel}","templated":true}]}}