{"id":20986,"date":"2023-02-10T05:29:45","date_gmt":"2023-02-10T05:29:45","guid":{"rendered":"https:\/\/www.automakersnews.cz\/?p=20986"},"modified":"2023-02-10T05:29:45","modified_gmt":"2023-02-10T05:29:45","slug":"skoda-svolava-fabie-kvuli-operadlu","status":"publish","type":"post","link":"https:\/\/www.automakersnews.cz\/index.php\/2023\/02\/10\/skoda-svolava-fabie-kvuli-operadlu\/","title":{"rendered":"\u0160koda svol\u00e1v\u00e1 fabie kv\u016fli op\u011bradlu"},"content":{"rendered":"<p><strong>Vada se m\u016f\u017ee vyskytnout u n\u011bkter\u00fdch voz\u016f \u0160koda Fabia modelov\u00e9ho roku 2021. Op\u011bradlo prav\u00e9ho zadn\u00edho sedadla je u nich nespr\u00e1vn\u011b sva\u0159eno.<\/strong><!--more--><\/p>\n<p>\u201eSv\u00e1ry prost\u0159edn\u00edho r\u00e1mu op\u011brky zad v 60% \u010d\u00e1sti zadn\u00ed seda\u010dky nemus\u00ed b\u00fdt pat\u0159i\u010dn\u011b siln\u00e9,\u201c potvrdil webu Svol\u00e1va\u010dky.cz Pavel J\u00edna, tiskov\u00fd mluv\u010d\u00ed &amp; PR mana\u017eer \u0160KODA AUTO \u010cesk\u00e1 republika. V p\u0159\u00edpad\u011b nehody nemus\u00ed b\u00fdt cestuj\u00edc\u00ed v sedadle \u0159\u00e1dn\u011b p\u0159ipout\u00e1n a m\u016f\u017ee doj\u00edt ke zran\u011bn\u00ed.<\/p>\n<p>Svol\u00e1vac\u00ed akce se t\u00fdk\u00e1\u00a0<strong>1178 Fabi\u00ed vyroben\u00fdch od 25. \u00fanora do 15. b\u0159ezna 2021<\/strong>. Na \u010ceskou republiku p\u0159ipad\u00e1\u00a0<strong>229<\/strong>\u00a0t\u011bchto vozidel.<\/p>\n<p><strong>Zdroj: Svolavacky.cz<\/strong><\/p>\n","protected":false},"excerpt":{"rendered":"<div class=\"mh-excerpt\"><p>Vada se m\u016f\u017ee vyskytnout u n\u011bkter\u00fdch voz\u016f \u0160koda Fabia modelov\u00e9ho roku 2021. Op\u011bradlo prav\u00e9ho zadn\u00edho sedadla je u nich nespr\u00e1vn\u011b sva\u0159eno.<\/p>\n<\/div>","protected":false},"author":1,"featured_media":5014,"comment_status":"open","ping_status":"open","sticky":false,"template":"","format":"standard","meta":{"footnotes":""},"categories":[17],"tags":[],"class_list":["post-20986","post","type-post","status-publish","format-standard","has-post-thumbnail","hentry","category-servis"],"_links":{"self":[{"href":"https:\/\/www.automakersnews.cz\/index.php\/wp-json\/wp\/v2\/posts\/20986","targetHints":{"allow":["GET"]}}],"collection":[{"href":"https:\/\/www.automakersnews.cz\/index.php\/wp-json\/wp\/v2\/posts"}],"about":[{"href":"https:\/\/www.automakersnews.cz\/index.php\/wp-json\/wp\/v2\/types\/post"}],"author":[{"embeddable":true,"href":"https:\/\/www.automakersnews.cz\/index.php\/wp-json\/wp\/v2\/users\/1"}],"replies":[{"embeddable":true,"href":"https:\/\/www.automakersnews.cz\/index.php\/wp-json\/wp\/v2\/comments?post=20986"}],"version-history":[{"count":0,"href":"https:\/\/www.automakersnews.cz\/index.php\/wp-json\/wp\/v2\/posts\/20986\/revisions"}],"wp:featuredmedia":[{"embeddable":true,"href":"https:\/\/www.automakersnews.cz\/index.php\/wp-json\/wp\/v2\/media\/5014"}],"wp:attachment":[{"href":"https:\/\/www.automakersnews.cz\/index.php\/wp-json\/wp\/v2\/media?parent=20986"}],"wp:term":[{"taxonomy":"category","embeddable":true,"href":"https:\/\/www.automakersnews.cz\/index.php\/wp-json\/wp\/v2\/categories?post=20986"},{"taxonomy":"post_tag","embeddable":true,"href":"https:\/\/www.automakersnews.cz\/index.php\/wp-json\/wp\/v2\/tags?post=20986"}],"curies":[{"name":"wp","href":"https:\/\/api.w.org\/{rel}","templated":true}]}}