{"id":20989,"date":"2023-02-10T05:37:21","date_gmt":"2023-02-10T05:37:21","guid":{"rendered":"https:\/\/www.automakersnews.cz\/?p=20989"},"modified":"2023-02-10T05:37:21","modified_gmt":"2023-02-10T05:37:21","slug":"olympia-brno-hosti-vystavu-veteranu","status":"publish","type":"post","link":"https:\/\/www.automakersnews.cz\/index.php\/2023\/02\/10\/olympia-brno-hosti-vystavu-veteranu\/","title":{"rendered":"Olympia Brno host\u00ed v\u00fdstavu veter\u00e1n\u016f"},"content":{"rendered":"<p><strong>Tiskovou konferenc\u00ed za\u010dala 9. \u00fanora v obchodn\u00edm centru Olympia Brno v\u00fdstava historick\u00fdch automobil\u016f a motocykl\u016f zna\u010dky \u0160KODA. P\u0159ehl\u00eddka n\u011bkolika des\u00edtek model\u016f z historie slavn\u00e9 tuzemsk\u00e9 automobilky bude k vid\u011bn\u00ed a\u017e do 26. \u00fanora.<\/strong><!--more--><\/p>\n<p>Organiz\u00e1to\u0159i v\u00fdstavy t\u00fdden p\u0159ed za\u010d\u00e1tkem akce odhaluj\u00ed nejv\u011bt\u0161\u00ed l\u00e1kadla, na kter\u00e1 by se m\u011bli p\u0159ij\u00edt pod\u00edvat nejen fanou\u0161ci automobil\u016f a motorek, ale tak\u00e9 cel\u00e9 rodiny s d\u011btmi, proto\u017ee sou\u010d\u00e1st\u00ed je bohat\u00fd doprovodn\u00fd program.<\/p>\n<p>Na co se mohou n\u00e1v\u0161t\u011bvn\u00edci obchodn\u00edho centra Olympia Brno mezi 9. a 26. \u00fanorem t\u011b\u0161it? K vid\u011bn\u00ed bude n\u011bkolik des\u00edtek voz\u016f a motocykl\u016f, a to jak ze sb\u00edrky historick\u00fdch vozidel rodiny Samoh\u00fdl\u016f ve Zl\u00edn\u011b, tak ze \u0160koda Muzeum v Mlad\u00e9 Boleslavi.<\/p>\n<p><strong>Laurin &amp; Klement Voiturette A &#8211; 1905<br \/>\n<\/strong><br \/>\nJeden z nejvz\u00e1cn\u011bj\u0161\u00edch expon\u00e1t\u016f sb\u00edrky rodiny Samoh\u00fdl\u016f ze Zl\u00edna a bezesporu tak\u00e9 jeden z nejvz\u00e1cn\u011bj\u0161\u00edch historick\u00fdch kousk\u016f v \u010cesk\u00e9 republice. Jde v\u016fbec o jeden z prvn\u00edch automobil\u016f, kter\u00fd v roce 1905 vyjel z mladoboleslavsk\u00e9 automobilky. Ta se tehdy ale je\u0161t\u011b jmenovala Laurin &amp; Klement po sv\u00fdch zakladatel\u00edch a soust\u0159edila se nejprve na v\u00fdrobu j\u00edzdn\u00edch kol, posl\u00e9ze motocykl\u016f, a\u017e p\u0159e\u0161la k v\u00fdrob\u011b automobil\u016f, p\u0159i\u010dem\u017e Voiturette A byl z\u00e1rove\u0148 prvn\u00edm s\u00e9riov\u011b vyr\u00e1b\u011bn\u00fdm automobilem v Rakousko-Uhersku.<\/p>\n<p><u>V\u00fdb\u011br technick\u00fdch \u00fadaj\u016f:<\/u> V\u00fdkon 7 kon\u00ed, zdvihov\u00fd objem 1 005 cm\u00b3, po\u010det v\u00e1lc\u016f\/ventil\u016f 2\/2, hmotnost: 485 kg.<\/p>\n<p><img loading=\"lazy\" decoding=\"async\" class=\"alignnone size-full wp-image-20991\" src=\"http:\/\/www.automakersnews.cz\/wp-content\/uploads\/2023\/02\/laurin-klement-G-1-1.jpeg\" alt=\"\" width=\"1024\" height=\"768\" srcset=\"https:\/\/www.automakersnews.cz\/wp-content\/uploads\/2023\/02\/laurin-klement-G-1-1.jpeg 1024w, https:\/\/www.automakersnews.cz\/wp-content\/uploads\/2023\/02\/laurin-klement-G-1-1-300x225.jpeg 300w, https:\/\/www.automakersnews.cz\/wp-content\/uploads\/2023\/02\/laurin-klement-G-1-1-768x576.jpeg 768w, https:\/\/www.automakersnews.cz\/wp-content\/uploads\/2023\/02\/laurin-klement-G-1-1-678x509.jpeg 678w, https:\/\/www.automakersnews.cz\/wp-content\/uploads\/2023\/02\/laurin-klement-G-1-1-326x245.jpeg 326w, https:\/\/www.automakersnews.cz\/wp-content\/uploads\/2023\/02\/laurin-klement-G-1-1-80x60.jpeg 80w\" sizes=\"auto, (max-width: 1024px) 100vw, 1024px\" \/><\/p>\n<p><strong>\u00a0<\/strong><strong>Laurin &amp; Klement G &#8211; 1908<\/strong><\/p>\n<p>Bezesporu dal\u0161\u00ed perla z rodinn\u00e9 sb\u00edrky, se kterou Alois Samoh\u00fdl podnikl bezpo\u010det cest a z\u00e1vod\u016f, v\u010detn\u011b t\u011bch se slavnou automobilovou z\u00e1vodnic\u00ed Eli\u0161kou Junkovou. Z\u00fa\u010dastnili se s n\u00edm v roce 1966 vzpom\u00ednkov\u00e9ho z\u00e1vodu k 60. v\u00fdro\u010d\u00ed Targy Florio nebo p\u0159ijeli na pozv\u00e1n\u00ed z\u00e1vodn\u00edka Chirona do Monaka k vyj\u00ed\u017e\u010fce historick\u00fdch vozidel na oslavu zalo\u017een\u00ed m\u011bsta Monte Carlo. Vystaven\u00fd v\u016fz je pouze jedn\u00edm ze dvou dochovan\u00fdch kus\u016f tohoto modelu. Automobilka vyr\u00e1b\u011bla model G v letech 1908 a 1909 a to v n\u011bkolika modifikac\u00edch, jako osobn\u00ed i n\u00e1kladn\u00ed, dvoum\u00edstn\u00fd, t\u0159\u00edm\u00edstn\u00fd i \u010dty\u0159m\u00edstn\u00fd.<\/p>\n<p><u>V\u00fdb\u011br technick\u00fdch \u00fadaj\u016f:<\/u> V\u00fdkon 17 kon\u00ed, zdvihov\u00fd objem 1 767 cm\u00b3, po\u010det v\u00e1lc\u016f\/ventil\u016f 4\/2, hmotnost: cca 650 kg.<\/p>\n<p><strong>\u0160KODA ENYAQ iV<\/strong><\/p>\n<p>Dal\u0161\u00ed ze zaj\u00edmav\u00fdch expon\u00e1t\u016f, kter\u00e9 spat\u0159\u00edte na v\u00fdstav\u011b v Olympii Brno. Nejedn\u00e1 se sice o historick\u00fd v\u016fz, do historie u\u017e p\u0159esto vstoupil. A to v roce 2021, kdy \u0160koda Auto poskytla dva tyto vozy Enyaq iV pro n\u00e1v\u0161t\u011bvu Pape\u017ee Franti\u0161ka na Slovensku. A pr\u00e1v\u011b jedno z t\u011bchto dvou SUV s \u010dist\u011b elektrick\u00fdm pohonem bude vystaveno.<\/p>\n<p>Vozy Enyaq iV byly pro n\u00e1v\u0161t\u011bvu Pape\u017ee Franti\u0161ka na Slovensku speci\u00e1ln\u011b upraveny dle po\u017eadavk\u016f Vatik\u00e1nu. Dostaly dr\u017e\u00e1k pro um\u00edst\u011bn\u00ed vlaje\u010dky, standardn\u00ed zatmaven\u00e1 zadn\u00ed okna byla nahrazena pr\u016fhledn\u00fdm sklem, a drobn\u00fdch zm\u011bn doznal i interi\u00e9r.<\/p>\n<p>Tento v\u016fz bude na v\u00fdstavu zap\u016fj\u010den ze sb\u00edrky \u0160koda Muzea Mlad\u00e1 Boleslav spole\u010dn\u011b s dal\u0161\u00edmi vozy jako nap\u0159. \u0160koda Superb z roku 1936, \u0160koda Fabia WRC z roku 2003 nebo \u010derven\u00fd sportovn\u00ed spider \u0160koda 1100 OHC.<\/p>\n<p>To je pouze mal\u00e1 ochutn\u00e1vka z n\u011bkolika des\u00edtek zaj\u00edmav\u00fdch model\u016f z historie mladoboleslavsk\u00e9 automobilky, kter\u00e9 v \u00fanoru zaparkuj\u00ed v brn\u011bnsk\u00e9m obchodn\u00edm centru. Chyb\u011bt nebudou ani motocykly z p\u0159elomu 19. a 20. stolet\u00ed nebo j\u00edzdn\u00ed kolo Slavia, se kter\u00fdm automobilka za\u010d\u00ednala je\u0161t\u011b p\u0159ed spu\u0161t\u011bn\u00edm automobilov\u00e9 v\u00fdroby.<\/p>\n<p><strong>Sout\u011b\u017ee o ceny, z\u00e1vodn\u00ed simul\u00e1tor \u010di dobov\u00fd ateli\u00e9r<\/strong><\/p>\n<p>Vyzn\u00e1te se v historick\u00fdch \u0160kodovk\u00e1ch? Pokud ano, tak jist\u011b ocen\u00edte kv\u00edz o hodnotn\u00e9 ceny, kter\u00e9ho se mohou z\u00fa\u010dastnit v\u0161ichni n\u00e1v\u0161t\u011bvn\u00edci. A deset nejlep\u0161\u00edch \u00fa\u010dastn\u00edk\u016f si odnese hodnotn\u00e9 ceny od partner\u016f akce. Nebo si chcete zaz\u00e1vodit ve skute\u010dn\u00e9m simul\u00e1toru z\u00e1vodn\u00edho speci\u00e1lu? Pak se m\u016f\u017eete t\u011b\u0161it na posledn\u00ed v\u00edkend akce. A i zde budou nejlep\u0161\u00ed sout\u011b\u017e\u00edc\u00ed ocen\u011bni hodnotn\u00fdmi cenami. Pokud se chcete vyfotit v dobov\u00fdch kost\u00fdmech s historick\u00fdmi auty, tak pr\u00e1v\u011b pro v\u00e1s jsme p\u0159ipravili dobov\u00fd ateli\u00e9r, ze kter\u00e9ho si odnesete sv\u00e9 foto. Na tento ateli\u00e9r se m\u016f\u017eete t\u011b\u0161it v sobotu 18. \u00fanora.<\/p>\n","protected":false},"excerpt":{"rendered":"<div class=\"mh-excerpt\"><p>Tiskovou konferenc\u00ed za\u010dala 9. \u00fanora v obchodn\u00edm centru Olympia Brno v\u00fdstava historick\u00fdch automobil\u016f a motocykl\u016f zna\u010dky \u0160KODA. P\u0159ehl\u00eddka n\u011bkolika des\u00edtek model\u016f z historie slavn\u00e9 tuzemsk\u00e9 <a class=\"mh-excerpt-more\" href=\"https:\/\/www.automakersnews.cz\/index.php\/2023\/02\/10\/olympia-brno-hosti-vystavu-veteranu\/\" title=\"Olympia Brno host\u00ed v\u00fdstavu veter\u00e1n\u016f\">[&#8230;]<\/a><\/p>\n<\/div>","protected":false},"author":1,"featured_media":20990,"comment_status":"open","ping_status":"open","sticky":false,"template":"","format":"standard","meta":{"footnotes":""},"categories":[28],"tags":[],"class_list":["post-20989","post","type-post","status-publish","format-standard","has-post-thumbnail","hentry","category-vystavy"],"_links":{"self":[{"href":"https:\/\/www.automakersnews.cz\/index.php\/wp-json\/wp\/v2\/posts\/20989","targetHints":{"allow":["GET"]}}],"collection":[{"href":"https:\/\/www.automakersnews.cz\/index.php\/wp-json\/wp\/v2\/posts"}],"about":[{"href":"https:\/\/www.automakersnews.cz\/index.php\/wp-json\/wp\/v2\/types\/post"}],"author":[{"embeddable":true,"href":"https:\/\/www.automakersnews.cz\/index.php\/wp-json\/wp\/v2\/users\/1"}],"replies":[{"embeddable":true,"href":"https:\/\/www.automakersnews.cz\/index.php\/wp-json\/wp\/v2\/comments?post=20989"}],"version-history":[{"count":0,"href":"https:\/\/www.automakersnews.cz\/index.php\/wp-json\/wp\/v2\/posts\/20989\/revisions"}],"wp:featuredmedia":[{"embeddable":true,"href":"https:\/\/www.automakersnews.cz\/index.php\/wp-json\/wp\/v2\/media\/20990"}],"wp:attachment":[{"href":"https:\/\/www.automakersnews.cz\/index.php\/wp-json\/wp\/v2\/media?parent=20989"}],"wp:term":[{"taxonomy":"category","embeddable":true,"href":"https:\/\/www.automakersnews.cz\/index.php\/wp-json\/wp\/v2\/categories?post=20989"},{"taxonomy":"post_tag","embeddable":true,"href":"https:\/\/www.automakersnews.cz\/index.php\/wp-json\/wp\/v2\/tags?post=20989"}],"curies":[{"name":"wp","href":"https:\/\/api.w.org\/{rel}","templated":true}]}}