{"id":2112,"date":"2022-11-07T10:38:09","date_gmt":"2022-11-07T10:38:09","guid":{"rendered":"https:\/\/www.automakersnews.cz\/?p=2112"},"modified":"2022-11-07T10:38:09","modified_gmt":"2022-11-07T10:38:09","slug":"junkova-do-fiva-heritage-hall-of-fame","status":"publish","type":"post","link":"https:\/\/www.automakersnews.cz\/index.php\/2022\/11\/07\/junkova-do-fiva-heritage-hall-of-fame\/","title":{"rendered":"Junkov\u00e1 do FIVA Heritage Hall of Fame"},"content":{"rendered":"<p><strong><span style=\"font-size: medium;\">Ud\u00e1lost\u00ed v\u00fdstavy OK Group Racing Expo bylo ofici\u00e1ln\u00ed jmenov\u00e1n\u00ed Eli\u0161ky Junkov\u00e9 do S\u00edn\u011b sl\u00e1vy FIVA (Mezin\u00e1rodn\u00ed federace historick\u00fdch automobil\u016f). Gener\u00e1ln\u00ed sekret\u00e1\u0159 Gian Mario Mollar a \u010dlenka mezin\u00e1rodn\u00ed jury Gaby von Oppenheimov\u00e1 ho p\u0159edali do rukou vnu\u010dky slavn\u00e9 \u010desk\u00e9 z\u00e1vodnice Mgr. Mark\u00e9ty \u0160onkov\u00e9 a vnuka Ing. Ji\u0159\u00edho Junka.<\/span><\/strong><!--more--><\/p>\n<p><span style=\"font-size: medium;\">Slavnostn\u00edho ceremoni\u00e1lu se z ofici\u00e1ln\u00edch host\u016f d\u00e1le z\u00fa\u010dastnili prezidenti t\u0159\u00ed veter\u00e1nsk\u00fdch uskupen\u00ed, je\u017e jsou \u010dleny FIVA: V\u00e1clav Kafka za Federaci klub\u016f historick\u00fdch vozidel (FKHV), Mgr. Franti\u0161ek \u010ce\u010dil za Asociaci Veter\u00e1n Car Club\u016f v A\u010cR a Ing JI\u0159\u00ed Franc za Asociaci klub\u016f historick\u00fdch vozidel (AKHV). <\/span><\/p>\n<p><span style=\"font-size: medium;\">Nechyb\u011bl ani JUDr Jan \u0160\u0165ov\u00ed\u010dek, prezident Autoklubu \u010cesk\u00e9 republiky. A tak\u00e9 prvn\u00ed viceprezident A\u010cR a dlouholet\u00fd \u010dlen legislativn\u00ed a sportovn\u00ed komise FIVA Ing. Stanislav Min\u00e1\u0159\u00edk. P\u0159ipome\u0148me si, \u017ee Eli\u0161ka Junkov\u00e1 byla \u010destnou prezidentkou obnoven\u00e9ho Autoklubu Republiky \u010ceskoslovensk\u00e9, jej\u00edm\u017e pokra\u010dovatelem je A\u010cR. <\/span><\/p>\n","protected":false},"excerpt":{"rendered":"<div class=\"mh-excerpt\"><p>Ud\u00e1lost\u00ed v\u00fdstavy OK Group Racing Expo bylo ofici\u00e1ln\u00ed jmenov\u00e1n\u00ed Eli\u0161ky Junkov\u00e9 do S\u00edn\u011b sl\u00e1vy FIVA (Mezin\u00e1rodn\u00ed federace historick\u00fdch automobil\u016f). Gener\u00e1ln\u00ed sekret\u00e1\u0159 Gian Mario Mollar a <a class=\"mh-excerpt-more\" href=\"https:\/\/www.automakersnews.cz\/index.php\/2022\/11\/07\/junkova-do-fiva-heritage-hall-of-fame\/\" title=\"Junkov\u00e1 do FIVA Heritage Hall of Fame\">[&#8230;]<\/a><\/p>\n<\/div>","protected":false},"author":1,"featured_media":2141,"comment_status":"open","ping_status":"open","sticky":false,"template":"","format":"standard","meta":{"footnotes":""},"categories":[28],"tags":[],"class_list":["post-2112","post","type-post","status-publish","format-standard","has-post-thumbnail","hentry","category-vystavy"],"_links":{"self":[{"href":"https:\/\/www.automakersnews.cz\/index.php\/wp-json\/wp\/v2\/posts\/2112","targetHints":{"allow":["GET"]}}],"collection":[{"href":"https:\/\/www.automakersnews.cz\/index.php\/wp-json\/wp\/v2\/posts"}],"about":[{"href":"https:\/\/www.automakersnews.cz\/index.php\/wp-json\/wp\/v2\/types\/post"}],"author":[{"embeddable":true,"href":"https:\/\/www.automakersnews.cz\/index.php\/wp-json\/wp\/v2\/users\/1"}],"replies":[{"embeddable":true,"href":"https:\/\/www.automakersnews.cz\/index.php\/wp-json\/wp\/v2\/comments?post=2112"}],"version-history":[{"count":0,"href":"https:\/\/www.automakersnews.cz\/index.php\/wp-json\/wp\/v2\/posts\/2112\/revisions"}],"wp:featuredmedia":[{"embeddable":true,"href":"https:\/\/www.automakersnews.cz\/index.php\/wp-json\/wp\/v2\/media\/2141"}],"wp:attachment":[{"href":"https:\/\/www.automakersnews.cz\/index.php\/wp-json\/wp\/v2\/media?parent=2112"}],"wp:term":[{"taxonomy":"category","embeddable":true,"href":"https:\/\/www.automakersnews.cz\/index.php\/wp-json\/wp\/v2\/categories?post=2112"},{"taxonomy":"post_tag","embeddable":true,"href":"https:\/\/www.automakersnews.cz\/index.php\/wp-json\/wp\/v2\/tags?post=2112"}],"curies":[{"name":"wp","href":"https:\/\/api.w.org\/{rel}","templated":true}]}}