{"id":212,"date":"2022-07-21T07:25:16","date_gmt":"2022-07-21T07:25:16","guid":{"rendered":"http:\/\/www.automakersnews.cz\/?p=212"},"modified":"2022-07-21T07:25:16","modified_gmt":"2022-07-21T07:25:16","slug":"aures-holdings-pujcil-auta-fotbalistum-slavie","status":"publish","type":"post","link":"https:\/\/www.automakersnews.cz\/index.php\/2022\/07\/21\/aures-holdings-pujcil-auta-fotbalistum-slavie\/","title":{"rendered":"AURES Holdings p\u016fj\u010dil auta fotbalist\u016fm Slavie"},"content":{"rendered":"<p align=\"JUSTIFY\"><span style=\"font-family: Helvetica, serif;\"><b>AURES Holdings se na dva roky s opc\u00ed na dal\u0161\u00ed obdob\u00ed st\u00e1v\u00e1 hlavn\u00edm partnerem v poskytov\u00e1n\u00ed mobility fotbalov\u00e9mu t\u00fdmu SK Slavia Praha. Klubu poskytne 30 voz\u016f z nab\u00eddky sv\u00e9 zna\u010dky z\u00e1novn\u00edch voz\u016f Mototechna a Mototechna Drive.<\/b><\/span><!--more--><\/p>\n<p align=\"JUSTIFY\">\u201e<span style=\"font-family: Helvetica, serif;\"><span style=\"font-size: medium;\"><i>S kluby z nejvy\u0161\u0161\u00ed fotbalov\u00e9 sout\u011b\u017ee na\u0161e spole\u010dnost r\u016fzn\u00fdmi formami spolupracuje ji\u017e \u0161est let, proto\u017ee fotbal je pro n\u00e1s z hlediska marketingu velmi atraktivn\u00ed. Zaji\u0161\u0165uje n\u00e1m p\u0159\u00edm\u00fd a \u010dast\u00fd kontakt s na\u0161imi potencion\u00e1ln\u00edmi z\u00e1kazn\u00edky z \u0159ad fotbalov\u00fdch fanou\u0161k\u016f, ale i byznysov\u00fdch partner\u016f. Spolupr\u00e1ce s\u00a0SK Slavia Praha je pro n\u00e1s zaj\u00edmav\u00e1, proto\u017ee v\u00a0regionu Hlavn\u00edho m\u011bsta Prahy nab\u00edz\u00edme na dvou pobo\u010dk\u00e1ch Mototechny nejv\u011bt\u0161\u00ed mno\u017estv\u00ed z\u00e1novn\u00edch voz\u016f v\u00a0\u010cesk\u00e9 republice, s\u00eddl\u00ed tu tak\u00e9 na\u0161e p\u016fj\u010dovna voz\u016f Mototechna Drive a z\u00e1rove\u0148 m\u00e1 Slavia fanou\u0161ky po cel\u00e9 \u010cesk\u00e9 republice,\u201c <\/i><\/span><\/span><span style=\"font-family: Helvetica, serif;\"><span style=\"font-size: medium;\">\u0159\u00edk\u00e1 Karol\u00edna Topolov\u00e1, gener\u00e1ln\u00ed \u0159editelka a p\u0159edsedkyn\u011b p\u0159edstavenstva AURES Holdings. <\/span><\/span><\/p>\n<p align=\"JUSTIFY\">\u201e<span style=\"font-family: Helvetica, serif;\"><span style=\"font-size: medium;\"><i>Je mi nesm\u00edrnou ct\u00ed, \u017ee Slavia op\u011bt spojuje s\u00edly s\u00a0jednou z\u00a0nejv\u011bt\u0161\u00edch automotive skupin ve\u00a0st\u0159edn\u00ed Evrop\u011b \u2013 Aures Holdings \u2013 a \u017ee klubov\u00e1 flotila voz\u016f bude spolu se znakem klubu propagovat tak\u00e9 zna\u010dku Mototechna. A v\u011b\u0159\u00edm, \u017ee na\u0161e spolupr\u00e1ce bude prosp\u011b\u0161n\u00e1 pro ob\u011b spole\u010dnosti,\u201c<\/i><\/span><\/span> <span style=\"font-family: Helvetica, serif;\"><span style=\"font-size: medium;\">dopl\u0148uje ji prvn\u00ed m\u00edstop\u0159edseda p\u0159edstavenstva SK Slavia Praha Tom\u00e1\u0161 Syrov\u00e1tka.<\/span><\/span><\/p>\n<p align=\"JUSTIFY\"><span style=\"font-family: Helvetica, serif;\"><span style=\"font-size: medium;\">Krom\u011b klubu SK Slavia v\u00a0Praze AURES Holdings spolupracuje i s\u00a0druh\u00fdm v\u00fdznamn\u00fdm klubem AC Sparta Praha. <\/span><\/span><span style=\"font-family: Helvetica, serif;\"><span style=\"font-size: medium;\"><i>\u201eCht\u011bli jsme v\u00a0\u010cesk\u00e9 republice spolupracovat s\u00a0ob\u011bma nejsiln\u011bj\u0161\u00edmi fotbalov\u00fdmi kluby a jsem r\u00e1da, \u017ee se to poda\u0159ilo,\u201c<\/i><\/span><\/span><span style=\"font-family: Helvetica, serif;\"><span style=\"font-size: medium;\"> uvedla Topolov\u00e1. <\/span><\/span><\/p>\n<p align=\"JUSTIFY\"><span style=\"font-family: Helvetica, serif;\"><span style=\"font-size: medium;\">Krom\u011b fotbalist\u016f AURES Holdings podporuje i dal\u0161\u00ed sportovce, jako nap\u0159\u00edklad MMA z\u00e1pasn\u00edky Karlose Termin\u00e1tora V\u00e9molu a Samuela Pir\u00e1ta Kri\u0161tofi\u010de nebo p\u0159edn\u00ed \u010desk\u00e9 tenistky Karol\u00ednu a Krist\u00fdnu Pl\u00ed\u0161kovy.<\/span><\/span><\/p>\n<p align=\"JUSTIFY\"><span style=\"font-family: Helvetica, serif;\"><span style=\"font-size: medium;\">V\u00a0nab\u00eddce Mototechny je nyn\u00ed t\u00e9m\u011b\u0159 1400 z\u00e1novn\u00edch aut. Nejprod\u00e1van\u011bj\u0161\u00edmi modely byly v \u010dervnu 2022 Suzuki Vitara, \u0160koda Fabia, Kamiq, Karok \u010di Octavia, Dacia Duster, Suzuki SX4 S-Cross nebo Hyundai Tucson a i30 a Kia Sportage. <\/span><\/span><\/p>\n<p align=\"JUSTIFY\"><span style=\"font-family: Helvetica, serif;\"><span style=\"font-size: medium;\">P\u016fj\u010dovna voz\u016f Mototechna Drive ji\u017e ke kr\u00e1tkodob\u00e9mu pron\u00e1jmu nab\u00eddla p\u0159es 100 model\u016f aut devaten\u00e1cti zna\u010dek. V\u00a0nab\u00eddce jsou nejv\u00edce zastoupeny vozy \u0160koda n\u00e1sledovan\u00e9 zna\u010dkami Hyundai, Volkswagen, KIA \u010di Mercedes. Vozy z\u00a0Mototechny Drive ji\u017e nyn\u00ed jezd\u00ed mnoho hr\u00e1\u010d\u016f Slavie i Sparty, kte\u0159\u00ed si je po\u0159\u00eddili bez ohledu na ofici\u00e1ln\u00ed dohody o partnerstv\u00ed.<\/span><\/span><\/p>\n<p align=\"JUSTIFY\"><img loading=\"lazy\" decoding=\"async\" class=\"alignnone size-medium wp-image-214\" src=\"http:\/\/www.automakersnews.cz\/wp-content\/uploads\/2022\/07\/Aures-Auta-Slavia-stadion-300x226.jpg\" alt=\"\" width=\"300\" height=\"226\" \/><\/p>\n","protected":false},"excerpt":{"rendered":"<div class=\"mh-excerpt\"><p>AURES Holdings se na dva roky s opc\u00ed na dal\u0161\u00ed obdob\u00ed st\u00e1v\u00e1 hlavn\u00edm partnerem v poskytov\u00e1n\u00ed mobility fotbalov\u00e9mu t\u00fdmu SK Slavia Praha. Klubu poskytne 30 <a class=\"mh-excerpt-more\" href=\"https:\/\/www.automakersnews.cz\/index.php\/2022\/07\/21\/aures-holdings-pujcil-auta-fotbalistum-slavie\/\" title=\"AURES Holdings p\u016fj\u010dil auta fotbalist\u016fm Slavie\">[&#8230;]<\/a><\/p>\n<\/div>","protected":false},"author":1,"featured_media":213,"comment_status":"open","ping_status":"open","sticky":false,"template":"","format":"standard","meta":{"footnotes":""},"categories":[18],"tags":[],"class_list":["post-212","post","type-post","status-publish","format-standard","has-post-thumbnail","hentry","category-sponzoring"],"_links":{"self":[{"href":"https:\/\/www.automakersnews.cz\/index.php\/wp-json\/wp\/v2\/posts\/212","targetHints":{"allow":["GET"]}}],"collection":[{"href":"https:\/\/www.automakersnews.cz\/index.php\/wp-json\/wp\/v2\/posts"}],"about":[{"href":"https:\/\/www.automakersnews.cz\/index.php\/wp-json\/wp\/v2\/types\/post"}],"author":[{"embeddable":true,"href":"https:\/\/www.automakersnews.cz\/index.php\/wp-json\/wp\/v2\/users\/1"}],"replies":[{"embeddable":true,"href":"https:\/\/www.automakersnews.cz\/index.php\/wp-json\/wp\/v2\/comments?post=212"}],"version-history":[{"count":0,"href":"https:\/\/www.automakersnews.cz\/index.php\/wp-json\/wp\/v2\/posts\/212\/revisions"}],"wp:featuredmedia":[{"embeddable":true,"href":"https:\/\/www.automakersnews.cz\/index.php\/wp-json\/wp\/v2\/media\/213"}],"wp:attachment":[{"href":"https:\/\/www.automakersnews.cz\/index.php\/wp-json\/wp\/v2\/media?parent=212"}],"wp:term":[{"taxonomy":"category","embeddable":true,"href":"https:\/\/www.automakersnews.cz\/index.php\/wp-json\/wp\/v2\/categories?post=212"},{"taxonomy":"post_tag","embeddable":true,"href":"https:\/\/www.automakersnews.cz\/index.php\/wp-json\/wp\/v2\/tags?post=212"}],"curies":[{"name":"wp","href":"https:\/\/api.w.org\/{rel}","templated":true}]}}