{"id":21526,"date":"2023-02-13T03:32:02","date_gmt":"2023-02-13T03:32:02","guid":{"rendered":"https:\/\/www.automakersnews.cz\/?p=21526"},"modified":"2023-02-13T03:32:21","modified_gmt":"2023-02-13T03:32:21","slug":"modernizovane-bmw-x5-a-x6-v-dubnu","status":"publish","type":"post","link":"https:\/\/www.automakersnews.cz\/index.php\/2023\/02\/13\/modernizovane-bmw-x5-a-x6-v-dubnu\/","title":{"rendered":"Modernizovan\u00e9 BMW X5 a X6 v dubnu"},"content":{"rendered":"<h4><strong>Modely BMW segment\u016f SAV a SAC dostaly nov\u00fd design, pohonn\u00e9 syst\u00e9my nov\u00e9 generace, interi\u00e9r s BMW Opera\u010dn\u00edm syst\u00e9mem 8 a v neposledn\u00ed \u0159ad\u011b i roz\u0161\u00ed\u0159enou standardn\u00ed v\u00fdbavu. Jak\u00e9 jsou ceny?<\/strong><\/h4>\n<p><!--more--><\/p>\n<h4><strong>Plug-in hybridn\u00ed BMW X5 xDrive50e m\u00e1 i p\u0159es zv\u00fd\u0161en\u00fd v\u00fdkon st\u00e1le n\u00e1rok na z\u00edsk\u00e1n\u00ed elektrick\u00fdch registra\u010dn\u00edch zna\u010dek (EL) a z nich plynouc\u00edch v\u00fdhod. <\/strong><\/h4>\n<h4><strong>BMW X5 bylo v lo\u0148sk\u00e9m roce na \u010desk\u00e9m trhu nej\u00fasp\u011b\u0161n\u011bj\u0161\u00edm modelem sv\u00e9 zna\u010dky (949 nov\u011b registrovan\u00fdch voz\u016f) a tak\u00e9 BMW X6 pat\u0159\u00ed k obl\u00edben\u00fdm modelov\u00fdm \u0159ad\u00e1m.<\/strong><\/h4>\n<p><strong>Ceny nov\u00e9ho BMW X5 (v\u010d. DPH):<\/strong><\/p>\n<p>BMW X5 xDrive40i\u00a0\u00a0\u00a0\u00a0\u00a0\u00a0\u00a0\u00a0\u00a0R6, benzin\u00a0\u00a0\u00a0\u00a0\u00a0\u00a0\u00a0\u00a0280 kW\/380 k\u00a0\u00a0\u00a0\u00a0\u00a0\u00a0\u00a0\u00a0\u00a0\u00a02 056\u00a0600 K\u010d<\/p>\n<p>BMW X5 M60i xDrive\u00a0\u00a0\u00a0\u00a0\u00a0V8, benzin\u00a0\u00a0\u00a0\u00a0\u00a0\u00a0\u00a0\u00a0390 kW\/530 k\u00a0\u00a0\u00a0\u00a0\u00a0\u00a0\u00a0\u00a0\u00a0\u00a0\u00a02 667 600 K\u010d<\/p>\n<p>BMW X5 xDrive30d\u00a0\u00a0\u00a0\u00a0\u00a0\u00a0\u00a0\u00a0R6, diesel\u00a0\u00a0\u00a0\u00a0\u00a0\u00a0\u00a0\u00a0\u00a0210 kW\/286 k\u00a0\u00a0\u00a0\u00a0\u00a0\u00a0\u00a0\u00a0\u00a0\u00a0\u00a0\u00a02\u00a0017 600 K\u010d<\/p>\n<p>BMW X5 xDrive50e\u00a0\u00a0\u00a0\u00a0\u00a0\u00a0\u00a0\u00a0R6, benzin, PHEV\u00a0\u00a0360 kW\/490 k\u00a0\u00a0\u00a0\u00a0\u00a02\u00a0342 600 K\u010d<\/p>\n<p><strong>Ceny nov\u00e9ho BMW X6 (v\u010d. DPH):<\/strong><\/p>\n<p>BMW X6 xDrive40i\u00a0\u00a0\u00a0\u00a0\u00a0\u00a0\u00a0\u00a0\u00a0R6, benzin\u00a0\u00a0\u00a0\u00a0\u00a0\u00a0\u00a0\u00a0280 kW\/380 k\u00a0\u00a0\u00a0\u00a0\u00a0\u00a0\u00a0\u00a0\u00a0\u00a0\u00a02 181\u00a0400 K\u010d<\/p>\n<p>BMW X6 M60i xDrive\u00a0\u00a0\u00a0\u00a0\u00a0V8, benzin\u00a0\u00a0\u00a0\u00a0\u00a0\u00a0\u00a0\u00a0390 kW\/530 k\u00a0\u00a0\u00a0\u00a0\u00a0\u00a0\u00a0\u00a0\u00a0\u00a0\u00a02 748 200 K\u010d<\/p>\n<p>BMW X6 xDrive30d\u00a0\u00a0\u00a0\u00a0\u00a0\u00a0\u00a0\u00a0R6, diesel\u00a0\u00a0\u00a0\u00a0\u00a0\u00a0\u00a0\u00a0\u00a0210 kW\/286 k\u00a0\u00a0\u00a0\u00a0\u00a0\u00a0\u00a0\u00a0\u00a0\u00a0\u00a0\u00a0\u00a02\u00a0142 400 K\u010d<\/p>\n<p>&nbsp;<\/p>\n<p>Od l\u00e9ta 2023 roz\u0161\u00ed\u0159\u00ed nab\u00eddku model BMW X6 xDrive40d se vzn\u011btov\u00fdm \u0159adov\u00fdm \u0161estiv\u00e1lcem o v\u00fdkonu 250 kW\/340 k.<\/p>\n","protected":false},"excerpt":{"rendered":"<div class=\"mh-excerpt\"><p>Modely BMW segment\u016f SAV a SAC dostaly nov\u00fd design, pohonn\u00e9 syst\u00e9my nov\u00e9 generace, interi\u00e9r s BMW Opera\u010dn\u00edm syst\u00e9mem 8 a v neposledn\u00ed \u0159ad\u011b i roz\u0161\u00ed\u0159enou <a class=\"mh-excerpt-more\" href=\"https:\/\/www.automakersnews.cz\/index.php\/2023\/02\/13\/modernizovane-bmw-x5-a-x6-v-dubnu\/\" title=\"Modernizovan\u00e9 BMW X5 a X6 v dubnu\">[&#8230;]<\/a><\/p>\n<\/div>","protected":false},"author":1,"featured_media":21527,"comment_status":"open","ping_status":"open","sticky":false,"template":"","format":"standard","meta":{"footnotes":""},"categories":[44,32],"tags":[],"class_list":["post-21526","post","type-post","status-publish","format-standard","has-post-thumbnail","hentry","category-ceny-novinek","category-hybridy"],"_links":{"self":[{"href":"https:\/\/www.automakersnews.cz\/index.php\/wp-json\/wp\/v2\/posts\/21526","targetHints":{"allow":["GET"]}}],"collection":[{"href":"https:\/\/www.automakersnews.cz\/index.php\/wp-json\/wp\/v2\/posts"}],"about":[{"href":"https:\/\/www.automakersnews.cz\/index.php\/wp-json\/wp\/v2\/types\/post"}],"author":[{"embeddable":true,"href":"https:\/\/www.automakersnews.cz\/index.php\/wp-json\/wp\/v2\/users\/1"}],"replies":[{"embeddable":true,"href":"https:\/\/www.automakersnews.cz\/index.php\/wp-json\/wp\/v2\/comments?post=21526"}],"version-history":[{"count":0,"href":"https:\/\/www.automakersnews.cz\/index.php\/wp-json\/wp\/v2\/posts\/21526\/revisions"}],"wp:featuredmedia":[{"embeddable":true,"href":"https:\/\/www.automakersnews.cz\/index.php\/wp-json\/wp\/v2\/media\/21527"}],"wp:attachment":[{"href":"https:\/\/www.automakersnews.cz\/index.php\/wp-json\/wp\/v2\/media?parent=21526"}],"wp:term":[{"taxonomy":"category","embeddable":true,"href":"https:\/\/www.automakersnews.cz\/index.php\/wp-json\/wp\/v2\/categories?post=21526"},{"taxonomy":"post_tag","embeddable":true,"href":"https:\/\/www.automakersnews.cz\/index.php\/wp-json\/wp\/v2\/tags?post=21526"}],"curies":[{"name":"wp","href":"https:\/\/api.w.org\/{rel}","templated":true}]}}