{"id":21530,"date":"2023-02-13T03:43:05","date_gmt":"2023-02-13T03:43:05","guid":{"rendered":"https:\/\/www.automakersnews.cz\/?p=21530"},"modified":"2023-02-13T03:45:56","modified_gmt":"2023-02-13T03:45:56","slug":"volkswagen-id-buzz-elektrizoval-jizerskou-50","status":"publish","type":"post","link":"https:\/\/www.automakersnews.cz\/index.php\/2023\/02\/13\/volkswagen-id-buzz-elektrizoval-jizerskou-50\/","title":{"rendered":"Volkswagen ID.Buzz podpo\u0159il Jizerskou 50"},"content":{"rendered":"<p><b>S\u00e9rii b\u011bh\u016f na ly\u017e\u00edch letos odstartoval Volkswagen U\u017eitkov\u00e9 vozy z\u00e1vodem Volkswagen Bed\u0159ichovsk\u00e1 30. Krom\u011b toho po cel\u00fd v\u00edkend, kter\u00fd vyvrcholil v ned\u011bli legend\u00e1rn\u00edm z\u00e1vodem Jizersk\u00e1 50, zaji\u0161\u0165oval hladk\u00fd pr\u016fb\u011bh sportovn\u00edch akc\u00ed flotilou model\u016f v \u010dele s elektromobilem ID. Buzz.<\/b><!--more--><\/p>\n<p><b>\u00a0<\/b>\u201eLeto\u0161n\u00ed ly\u017ea\u0159sk\u00e1 sezona b\u011b\u017eeck\u00e9ho ly\u017eov\u00e1n\u00ed zam\u00ed\u0159ila ke sv\u00e9mu vyvrcholen\u00ed, j\u00edm\u017e je tradi\u010dn\u011b Jizersk\u00e1 50. Na n\u00ed ani v leto\u0161n\u00edm roce nechyb\u011bla zna\u010dka Volkswagen U\u017eitkov\u00e9 vozy,\u201c \u0159\u00edk\u00e1 Jakub \u0160ebesta, \u0159editel divize Volkswagen U\u017eitkov\u00e9 vozy Porsche \u010cesk\u00e1 republika.<\/p>\n<p>\u201eZ\u00e1vodn\u00edmu v\u00edkendu v Bed\u0159ichov\u011b dodal mimo\u0159\u00e1dn\u00fd n\u00e1boj nep\u0159ehl\u00e9dnuteln\u00fd ID. Buzz s v\u00fdhradn\u011b elektrick\u00fdm pohonem, kter\u00fd spole\u010dn\u011b s na\u0161imi ostatn\u00edmi modely zaji\u0161\u0165oval \u201ashuttle service\u2018 pro VIP \u00fa\u010dastn\u00edky \u2013 nehlu\u010dn\u011b a s nulov\u00fdmi emisemi! S na\u0161imi v\u0161estrann\u00fdmi modely, kter\u00e9 si hrav\u011b porad\u00ed i s nejn\u00e1ro\u010dn\u011bj\u0161\u00edmi zimn\u00edmi podm\u00ednkami, se v\u0161ak mohli d\u016fkladn\u011b sezn\u00e1mit tak\u00e9 v\u0161ichni div\u00e1ci a fanou\u0161ci,&#8220; uvedl \u0161\u00e9f zna\u010dky.<\/p>\n<p><img loading=\"lazy\" decoding=\"async\" class=\"alignnone size-large wp-image-21534\" src=\"http:\/\/www.automakersnews.cz\/wp-content\/uploads\/2023\/02\/Jizerska-50-VW-Buzz-1024x683.jpeg\" alt=\"\" width=\"1024\" height=\"683\" \/><\/p>\n<p>&nbsp;<\/p>\n","protected":false},"excerpt":{"rendered":"<div class=\"mh-excerpt\"><p>S\u00e9rii b\u011bh\u016f na ly\u017e\u00edch letos odstartoval Volkswagen U\u017eitkov\u00e9 vozy z\u00e1vodem Volkswagen Bed\u0159ichovsk\u00e1 30. Krom\u011b toho po cel\u00fd v\u00edkend, kter\u00fd vyvrcholil v ned\u011bli legend\u00e1rn\u00edm z\u00e1vodem Jizersk\u00e1 <a class=\"mh-excerpt-more\" href=\"https:\/\/www.automakersnews.cz\/index.php\/2023\/02\/13\/volkswagen-id-buzz-elektrizoval-jizerskou-50\/\" title=\"Volkswagen ID.Buzz podpo\u0159il Jizerskou 50\">[&#8230;]<\/a><\/p>\n<\/div>","protected":false},"author":1,"featured_media":21531,"comment_status":"open","ping_status":"open","sticky":false,"template":"","format":"standard","meta":{"footnotes":""},"categories":[30],"tags":[],"class_list":["post-21530","post","type-post","status-publish","format-standard","has-post-thumbnail","hentry","category-marketing"],"_links":{"self":[{"href":"https:\/\/www.automakersnews.cz\/index.php\/wp-json\/wp\/v2\/posts\/21530","targetHints":{"allow":["GET"]}}],"collection":[{"href":"https:\/\/www.automakersnews.cz\/index.php\/wp-json\/wp\/v2\/posts"}],"about":[{"href":"https:\/\/www.automakersnews.cz\/index.php\/wp-json\/wp\/v2\/types\/post"}],"author":[{"embeddable":true,"href":"https:\/\/www.automakersnews.cz\/index.php\/wp-json\/wp\/v2\/users\/1"}],"replies":[{"embeddable":true,"href":"https:\/\/www.automakersnews.cz\/index.php\/wp-json\/wp\/v2\/comments?post=21530"}],"version-history":[{"count":0,"href":"https:\/\/www.automakersnews.cz\/index.php\/wp-json\/wp\/v2\/posts\/21530\/revisions"}],"wp:featuredmedia":[{"embeddable":true,"href":"https:\/\/www.automakersnews.cz\/index.php\/wp-json\/wp\/v2\/media\/21531"}],"wp:attachment":[{"href":"https:\/\/www.automakersnews.cz\/index.php\/wp-json\/wp\/v2\/media?parent=21530"}],"wp:term":[{"taxonomy":"category","embeddable":true,"href":"https:\/\/www.automakersnews.cz\/index.php\/wp-json\/wp\/v2\/categories?post=21530"},{"taxonomy":"post_tag","embeddable":true,"href":"https:\/\/www.automakersnews.cz\/index.php\/wp-json\/wp\/v2\/tags?post=21530"}],"curies":[{"name":"wp","href":"https:\/\/api.w.org\/{rel}","templated":true}]}}