{"id":2181,"date":"2022-11-07T11:40:38","date_gmt":"2022-11-07T11:40:38","guid":{"rendered":"https:\/\/www.automakersnews.cz\/?p=2181"},"modified":"2022-11-07T11:40:38","modified_gmt":"2022-11-07T11:40:38","slug":"tavares-startuje-luv-s-palivovymi-clanky","status":"publish","type":"post","link":"https:\/\/www.automakersnews.cz\/index.php\/2022\/11\/07\/tavares-startuje-luv-s-palivovymi-clanky\/","title":{"rendered":"Tavares startuje LUV s palivov\u00fdmi \u010dl\u00e1nky"},"content":{"rendered":"<h6><span style=\"font-family: Calibri, serif;\"><span style=\"font-size: small;\"><span lang=\"cs-CZ\"><strong>Carlos Tavares, \u0161\u00e9f koncernu Stellantis, ozn\u00e1mil b\u011bhem sv\u00e9 n\u00e1v\u0161t\u011bvy v\u00a0tov\u00e1rn\u011b ve francouzsk\u00e9m Hordainu, \u017ee v\u00a0tomto z\u00e1vod\u011b se rozjede velkos\u00e9riov\u00e1 v\u00fdroba lehk\u00fdch u\u017eitkov\u00fdch model\u016f \u0159ady \u201eK-Zero\u201c (Peugeot Expert, Citro\u00ebn Jumpy, Opel Vivaro) poh\u00e1n\u011bn\u00fdch vod\u00edkov\u00fdmi palivov\u00fdmi \u010dl\u00e1nky.<\/strong> <\/span><\/span><\/span><!--more--><\/h6>\n<h6><span style=\"font-family: Calibri, serif;\"><span style=\"font-size: small;\"><span lang=\"cs-CZ\">Tyto vod\u00edkem poh\u00e1n\u011bn\u00e9 vozy budou kompletov\u00e1ny na stejn\u00e9 lince, ze kter\u00e9 dnes sj\u00ed\u017ed\u011bj\u00ed modely poh\u00e1n\u011bn\u00e9 spalovac\u00edmi motory a elektromotory. Zes\u00edlen\u00e1 multi-energetick\u00e1 platforma vod\u00edkov\u00fdch verz\u00ed s\u00a0okovenou karoseri\u00ed projde nejprve standardn\u00ed lakovnou a kompleta\u010dn\u00ed linkou, tak, jako b\u011b\u017en\u00e9 modely s\u00a0elektrick\u00fdm pohonem nebo spalovac\u00edmi motory. Teprve ve fin\u00e1le se vod\u00edkov\u00e9 verze zkompletuj\u00ed s\u00a0pohonn\u00fdm agreg\u00e1tem a\u00a0palivov\u00fdmi \u010dl\u00e1nky v\u00a0nov\u011b vybudovan\u00e9 hale o rozloze 8000 m<\/span><\/span><\/span><sup><span style=\"font-family: Calibri, serif;\"><span style=\"font-size: small;\"><span lang=\"cs-CZ\">2<\/span><\/span><\/span><\/sup><span style=\"font-family: Calibri, serif;\"><span style=\"font-size: small;\"><span lang=\"cs-CZ\">, kter\u00e1 je ur\u010dena speci\u00e1ln\u011b pro tyto \u00fa\u010dely.<\/span><\/span><\/span><a name=\"Bookmark1\"><\/a><span style=\"font-family: Calibri, serif;\"><span style=\"font-size: small;\"><span lang=\"cs-CZ\">Na tomto nov\u00e9m pracovi\u0161ti se nainstaluj\u00ed z\u00e1sobn\u00edky paliva, dopl\u0148kov\u00e9 akumul\u00e1tory i sady vod\u00edkov\u00fdch \u010dl\u00e1nk\u016f. V\u00a0porovn\u00e1n\u00ed s\u00a0dosavadn\u00ed malos\u00e9riovou v\u00fdrobou vod\u00edkov\u00fdch verz\u00ed \u201eK-Zero\u201c v\u00a0prototypov\u00e9 d\u00edln\u011b v\u00a0n\u011bmeck\u00e9m R\u00fcsselsheimu se zaveden\u00edm s\u00e9riov\u00e9 v\u00fdroby v\u00a0Hordainu zkr\u00e1t\u00ed doba konverze vod\u00edkov\u00fdch model\u016f asi na polovinu.<\/span><\/span><\/span><\/h6>\n<h6><span style=\"font-family: Calibri, serif;\"><span style=\"font-size: small;\"><span lang=\"cs-CZ\">\u00dapravy z\u00e1vodu v\u00a0Hordainu pro rozjezd s\u00e9riov\u00e9 v\u00fdroby vod\u00edkov\u00fdch model\u016f si vy\u017e\u00e1daly investice ve v\u00fd\u0161i 10 milion\u016f EUR, p\u0159i\u010dem\u017e projekt finan\u010dn\u011b podpo\u0159ila i francouzsk\u00e1 vl\u00e1da. Z\u00a0tov\u00e1rny v\u00a0Hordainu dosud vyj\u00ed\u017ed\u011bly modely zna\u010dek Peugeot, Citro\u00ebn, Opel, Vauxhall, Fiat a Toyota, p\u0159i\u010dem\u017e pod\u00edl bezemisn\u00edch elektrick\u00fdch verz\u00ed na produk\u010dn\u00edm mixu \u010dinil asi 43 %. <\/span><\/span><\/span><\/h6>\n<h6><span style=\"font-family: Calibri, serif;\"><span style=\"font-size: small;\"><span lang=\"cs-CZ\">Vod\u00edkov\u00fdmi palivov\u00fdmi \u010dl\u00e1nky poh\u00e1n\u011bn\u00e9 u\u017eitkov\u00e9 modely Peugeot Expert, Citro\u00ebn Jumpy a Opel Vivaro jsou ur\u010deny p\u0159edev\u0161\u00edm pro p\u0159epravu n\u00e1klad\u016f na del\u0161\u00ed vzd\u00e1lenosti. Jejich ak\u010dn\u00ed r\u00e1dius \u010din\u00ed v\u00edce ne\u017e 400 km, n\u00e1dr\u017ee lze doplnit u\u017e b\u011bhem t\u0159ech minut. Velmi pozitivn\u00ed je, \u017ee vod\u00edkov\u00fd pohon nijak neomezil u\u017eitn\u00e9 vlastnosti nov\u00fdch model\u016f, kter\u00e9 uvezou a\u017e 1000\u00a0kg n\u00e1kladu. <\/span><\/span><\/span><\/h6>\n<h6><span style=\"font-family: Calibri, serif;\"><span style=\"font-size: small;\"><span lang=\"cs-CZ\">Vod\u00edkov\u00e9 verze Peugeot Expert, Citro\u00ebn Jumpy a Opel Vivaro p\u0159edstavil koncern Stellantis u\u017e v\u00a0roce 2021 a stal se tak prvn\u00edm automobilov\u00fdm producentem na sv\u011bt\u011b, kter\u00fd uvedl vod\u00edkem poh\u00e1n\u011bn\u00e9 modely t\u00e9to kategorie na trh.<\/span><\/span><\/span><\/h6>\n<h6><span style=\"font-family: Calibri, serif;\"><span style=\"font-size: small;\"><span lang=\"cs-CZ\">Z\u00e1vod v Hordainu, kter\u00fd byl slavnostn\u011b otev\u0159en v roce 1994, je st\u011b\u017eejn\u00edm \u010dl\u00e1nkem strategick\u00e9 divize u\u017eitkov\u00fdch vozidel skupiny Stellantis. V\u00a0Hordainu se vyr\u00e1b\u011bj\u00ed lehk\u00e9 u\u017eitkov\u00e9 modely \u0159ady \u201eK-Zero\u201c (Peugeot Expert, Citro\u00ebn Jumpy, Opel Vivaro). Tov\u00e1rna v\u00a0Hordainu zam\u011bstn\u00e1v\u00e1 ve t\u0159ech sm\u011bn\u00e1ch na 2440 pracovn\u00edk\u016f, denn\u00ed produkce \u010din\u00ed 628 automobil\u016f. V roce 2021 se v\u00a0Hordainu vyrobilo 144 650 automobil\u016f, v\u00a0l\u00e9t\u011b roku 2022 vyjel ze z\u00e1vodu miliont\u00fd v\u016fz \u0159ady \u201eK-Zero\u201c.<\/span><\/span><\/span><\/h6>\n","protected":false},"excerpt":{"rendered":"<div class=\"mh-excerpt\"><p>Carlos Tavares, \u0161\u00e9f koncernu Stellantis, ozn\u00e1mil b\u011bhem sv\u00e9 n\u00e1v\u0161t\u011bvy v\u00a0tov\u00e1rn\u011b ve francouzsk\u00e9m Hordainu, \u017ee v\u00a0tomto z\u00e1vod\u011b se rozjede velkos\u00e9riov\u00e1 v\u00fdroba lehk\u00fdch u\u017eitkov\u00fdch model\u016f \u0159ady \u201eK-Zero\u201c <a class=\"mh-excerpt-more\" href=\"https:\/\/www.automakersnews.cz\/index.php\/2022\/11\/07\/tavares-startuje-luv-s-palivovymi-clanky\/\" title=\"Tavares startuje LUV s palivov\u00fdmi \u010dl\u00e1nky\">[&#8230;]<\/a><\/p>\n<\/div>","protected":false},"author":1,"featured_media":2182,"comment_status":"open","ping_status":"open","sticky":false,"template":"","format":"standard","meta":{"footnotes":""},"categories":[22,9],"tags":[],"class_list":["post-2181","post","type-post","status-publish","format-standard","has-post-thumbnail","hentry","category-elektromobily","category-investice"],"_links":{"self":[{"href":"https:\/\/www.automakersnews.cz\/index.php\/wp-json\/wp\/v2\/posts\/2181","targetHints":{"allow":["GET"]}}],"collection":[{"href":"https:\/\/www.automakersnews.cz\/index.php\/wp-json\/wp\/v2\/posts"}],"about":[{"href":"https:\/\/www.automakersnews.cz\/index.php\/wp-json\/wp\/v2\/types\/post"}],"author":[{"embeddable":true,"href":"https:\/\/www.automakersnews.cz\/index.php\/wp-json\/wp\/v2\/users\/1"}],"replies":[{"embeddable":true,"href":"https:\/\/www.automakersnews.cz\/index.php\/wp-json\/wp\/v2\/comments?post=2181"}],"version-history":[{"count":0,"href":"https:\/\/www.automakersnews.cz\/index.php\/wp-json\/wp\/v2\/posts\/2181\/revisions"}],"wp:featuredmedia":[{"embeddable":true,"href":"https:\/\/www.automakersnews.cz\/index.php\/wp-json\/wp\/v2\/media\/2182"}],"wp:attachment":[{"href":"https:\/\/www.automakersnews.cz\/index.php\/wp-json\/wp\/v2\/media?parent=2181"}],"wp:term":[{"taxonomy":"category","embeddable":true,"href":"https:\/\/www.automakersnews.cz\/index.php\/wp-json\/wp\/v2\/categories?post=2181"},{"taxonomy":"post_tag","embeddable":true,"href":"https:\/\/www.automakersnews.cz\/index.php\/wp-json\/wp\/v2\/tags?post=2181"}],"curies":[{"name":"wp","href":"https:\/\/api.w.org\/{rel}","templated":true}]}}