{"id":21860,"date":"2023-02-14T07:45:32","date_gmt":"2023-02-14T07:45:32","guid":{"rendered":"https:\/\/www.automakersnews.cz\/?p=21860"},"modified":"2023-02-14T07:48:00","modified_gmt":"2023-02-14T07:48:00","slug":"nosovicky-hyundai-se-dohodl-s-odbory","status":"publish","type":"post","link":"https:\/\/www.automakersnews.cz\/index.php\/2023\/02\/14\/nosovicky-hyundai-se-dohodl-s-odbory\/","title":{"rendered":"No\u0161ovick\u00fd Hyundai se dohodl s odbory"},"content":{"rendered":"<p><strong>V no\u0161ovick\u00e9m z\u00e1vodu Hyundai byla potvrzena mzdov\u00e1 \u010d\u00e1st kolektivn\u00ed smlouvy (KS). R\u016fst z\u00e1kladn\u00edch mezd k 1. 4. 2023 bude v pr\u016fm\u011bru \u010dinit nejm\u00e9n\u011b 11,7 %. Pracovn\u00edk v pozici Oper\u00e1tor 3, kter\u00e1 je v z\u00e1vod\u011b HMMC nej\u010dast\u011bj\u0161\u00ed, si tak v dubnu polep\u0161\u00ed o 4000 K\u010d m\u011bs\u00ed\u010dn\u011b a od ledna 2024 o dal\u0161\u00ed 3 000 K\u010d.<\/strong><!--more--><\/p>\n<p>Sou\u010dasn\u00e1 mzdov\u00e1 \u010d\u00e1st KS plat\u00ed do 31. b\u0159ezna 2023, proto v \u0159\u00edjnu lo\u0148sk\u00e9ho roku za\u010dala no\u0161ovick\u00e1 automobilka Hyundai jednat s odbory o jej\u00ed nov\u00e9 podob\u011b. Po osm\u00e9m kole kolektivn\u00edho vyjedn\u00e1v\u00e1n\u00ed odbory p\u0159ed V\u00e1noci po\u017e\u00e1daly, aby se \u0159e\u0161en\u00ed sporn\u00fdch bod\u016f KS ujal zprost\u0159edkovatel. Ten pak po jedn\u00e1n\u00ed s ob\u011bma stranami doru\u010dil kompromisn\u00ed n\u00e1vrh na \u0159e\u0161en\u00ed kolektivn\u00edho sporu, se kter\u00fdm spole\u010dnost i odbory souhlasily.<\/p>\n<p>\u201eAutomobilov\u00fd pr\u016fmysl se musel v posledn\u00edch letech vypo\u0159\u00e1dat s \u0159adou obt\u00ed\u017en\u00fdch v\u00fdzev, kter\u00fdm nad\u00e1le \u010del\u00ed tak\u00e9 n\u00e1\u0161 v\u00fdrobn\u00ed z\u00e1vod. S ohledem na vn\u011bj\u0161\u00ed okolnosti nebylo pro \u017e\u00e1dnou ze stran jednoduch\u00e9 naj\u00edt pr\u016fse\u010d\u00edk mezi vz\u00e1jemn\u00fdmi p\u0159edstavami o podob\u011b nov\u00e9 kolektivn\u00ed smlouvy. Dohodnut\u00fd nadstandardn\u00ed r\u016fst mezd a dal\u0161\u00ed souvisej\u00edc\u00ed \u00fapravy jsou jednak ocen\u011bn\u00edm skv\u011bl\u00e9 pr\u00e1ce na\u0161ich zam\u011bstnanc\u016f, z\u00e1rove\u0148 je na\u0161\u00edm c\u00edlem udr\u017eet si pozici nejlep\u0161\u00edho zam\u011bstnavatele v Moravskoslezsk\u00e9m kraji a z\u016fstat na \u0161pi\u010dce v odm\u011b\u0148ov\u00e1n\u00ed zam\u011bstnanc\u016f i na \u00farovni \u010cesk\u00e9 republiky,\u201c uvedl Petr Michn\u00edk, vedouc\u00ed administrativn\u00ed subdivize HMMC.<\/p>\n<p>No\u0161ovick\u00e1 automobilka nab\u00edz\u00ed nejen v r\u00e1mci Moravskoslezsk\u00e9ho kraje nadpr\u016fm\u011brn\u00e9 finan\u010dn\u00ed ohodnocen\u00ed, pr\u016fm\u011brn\u00fd m\u011bs\u00ed\u010dn\u00ed v\u00fdd\u011blek v d\u011blnick\u00fdch pozic\u00edch za rok 2022 dos\u00e1hl na 47 518 K\u010d.<\/p>\n<p>Zam\u011bstnanci nav\u00edc po podpisu dodatku Kolektivn\u00ed smlouvy obdr\u017e\u00ed ve v\u00fdplat\u011b za \u00fanor mimo\u0159\u00e1dn\u00fd bonus ve v\u00fd\u0161i 30 000 K\u010d a dal\u0161\u00edch 10 000 K\u010d splatn\u00fdch do 30. 4. 2024. D\u00edky r\u016fstu z\u00e1kladn\u00edch mezd se propor\u010dn\u011b nav\u00fd\u0161\u00ed i bonusy a p\u0159\u00edplatky, odvozen\u00e9 od z\u00e1kladn\u00ed mzdy. O\u010dek\u00e1van\u00fd fin\u00e1ln\u00ed r\u016fst v\u00fdd\u011blk\u016f tak bude je\u0161t\u011b v\u00fdrazn\u011bj\u0161\u00ed, ne\u017e kolik \u010din\u00ed procentu\u00e1ln\u00ed nav\u00fd\u0161en\u00ed z\u00e1kladn\u00edch mezd.<\/p>\n<p>\u201eKolektivn\u00ed vyjedn\u00e1v\u00e1n\u00ed je v\u017edy o hled\u00e1n\u00ed kompromisu, a by\u0165 se tento rodil velice t\u011b\u017ece a problematicky, tak nakonec jsme k n\u011bmu p\u0159eci jen ur\u010dit\u00fdm zp\u016fsobem dokr\u00e1\u010deli. A a\u017e \u010das uk\u00e1\u017ee, jak\u00fd p\u0159\u00ednos pro zam\u011bstnance nov\u00e1 podoba mzdov\u00e9ho dodatku kolektivn\u00ed smlouvy bude re\u00e1ln\u011b m\u00edt, proto\u017ee jsme tentokr\u00e1t nejednali jen o n\u00e1r\u016fstu z\u00e1kladn\u00edch mezd a v\u00fd\u0161i kompenza\u010dn\u00edho bonusu, ale i o dal\u0161\u00edch slo\u017ek\u00e1ch mzdy, kter\u00e9 maj\u00ed rovn\u011b\u017e dopad na odm\u011b\u0148ov\u00e1n\u00ed zam\u011bstnanc\u016f,\u201c komentoval dohodu Patrik Fup\u0161o, p\u0159edseda odborov\u00e9 organizace.<\/p>\n<p>K podpisu dodatku kolektivn\u00ed smlouvy pro obdob\u00ed od dubna 2023 do konce b\u0159ezna 2025 dojde v\u00a0n\u00e1sleduj\u00edc\u00edch dnech. Nov\u00fd dodatek \u0159e\u0161\u00ed tak\u00e9 dal\u0161\u00ed \u00fapravy, kter\u00e9 budou m\u00edt pozitivn\u00ed vliv na finan\u010dn\u00ed ohodnocen\u00ed zam\u011bstnanc\u016f. Jedn\u00e1 se nap\u0159. o \u00fapravu pravidel pro vypl\u00e1cen\u00ed bonus\u016f za doch\u00e1zku, nav\u00fd\u0161en\u00ed p\u0159\u00edpatku za p\u0159es\u010dasy \u010di vy\u0161\u0161\u00ed p\u0159\u00edsp\u011bvek do Benefitn\u00ed kafeterie. Dal\u0161\u00ed novinka se t\u00fdk\u00e1 d\u00e9lky dovolen\u00e9 \u2013 zat\u00edmco doposud maj\u00ed zam\u011bstnanci n\u00e1rok na 25 dn\u016f dovolen\u00e9 a po 7 odpracovan\u00fdch letech v HMMC jim n\u00e1le\u017e\u00ed den volna nav\u00edc, nov\u011b budou m\u00edt n\u00e1rok na 26 dn\u016f dovolen\u00e9 ji\u017e po 5 letech a dal\u0161\u00ed jeden den dovolen\u00e9 jim p\u0159ipadne po 15 odpracovan\u00fdch letech.<\/p>\n","protected":false},"excerpt":{"rendered":"<div class=\"mh-excerpt\"><p>V no\u0161ovick\u00e9m z\u00e1vodu Hyundai byla potvrzena mzdov\u00e1 \u010d\u00e1st kolektivn\u00ed smlouvy (KS). R\u016fst z\u00e1kladn\u00edch mezd k 1. 4. 2023 bude v pr\u016fm\u011bru \u010dinit nejm\u00e9n\u011b 11,7 %. <a class=\"mh-excerpt-more\" href=\"https:\/\/www.automakersnews.cz\/index.php\/2023\/02\/14\/nosovicky-hyundai-se-dohodl-s-odbory\/\" title=\"No\u0161ovick\u00fd Hyundai se dohodl s odbory\">[&#8230;]<\/a><\/p>\n<\/div>","protected":false},"author":1,"featured_media":3418,"comment_status":"open","ping_status":"open","sticky":false,"template":"","format":"standard","meta":{"footnotes":""},"categories":[41],"tags":[],"class_list":["post-21860","post","type-post","status-publish","format-standard","has-post-thumbnail","hentry","category-vyroba"],"_links":{"self":[{"href":"https:\/\/www.automakersnews.cz\/index.php\/wp-json\/wp\/v2\/posts\/21860","targetHints":{"allow":["GET"]}}],"collection":[{"href":"https:\/\/www.automakersnews.cz\/index.php\/wp-json\/wp\/v2\/posts"}],"about":[{"href":"https:\/\/www.automakersnews.cz\/index.php\/wp-json\/wp\/v2\/types\/post"}],"author":[{"embeddable":true,"href":"https:\/\/www.automakersnews.cz\/index.php\/wp-json\/wp\/v2\/users\/1"}],"replies":[{"embeddable":true,"href":"https:\/\/www.automakersnews.cz\/index.php\/wp-json\/wp\/v2\/comments?post=21860"}],"version-history":[{"count":0,"href":"https:\/\/www.automakersnews.cz\/index.php\/wp-json\/wp\/v2\/posts\/21860\/revisions"}],"wp:featuredmedia":[{"embeddable":true,"href":"https:\/\/www.automakersnews.cz\/index.php\/wp-json\/wp\/v2\/media\/3418"}],"wp:attachment":[{"href":"https:\/\/www.automakersnews.cz\/index.php\/wp-json\/wp\/v2\/media?parent=21860"}],"wp:term":[{"taxonomy":"category","embeddable":true,"href":"https:\/\/www.automakersnews.cz\/index.php\/wp-json\/wp\/v2\/categories?post=21860"},{"taxonomy":"post_tag","embeddable":true,"href":"https:\/\/www.automakersnews.cz\/index.php\/wp-json\/wp\/v2\/tags?post=21860"}],"curies":[{"name":"wp","href":"https:\/\/api.w.org\/{rel}","templated":true}]}}