{"id":21863,"date":"2023-02-14T07:53:31","date_gmt":"2023-02-14T07:53:31","guid":{"rendered":"https:\/\/www.automakersnews.cz\/?p=21863"},"modified":"2023-02-14T07:54:11","modified_gmt":"2023-02-14T07:54:11","slug":"nippon-express-rozsiruje-najem-v-plzni","status":"publish","type":"post","link":"https:\/\/www.automakersnews.cz\/index.php\/2023\/02\/14\/nippon-express-rozsiruje-najem-v-plzni\/","title":{"rendered":"Nippon Express roz\u0161i\u0159uje n\u00e1jem v Plzni"},"content":{"rendered":"<div><strong>Nippon Express, dodavatel komponent pro n\u011bmeck\u00fd automobilov\u00fd pr\u016fmysl, roz\u0161\u00ed\u0159il sv\u016fj pron\u00e1jem v Prologis Park Pilsen II, kter\u00fd spole\u010dnosti nab\u00edz\u00ed strategickou lokaci p\u0159\u00edmo v srdci jej\u00ed mezin\u00e1rodn\u00ed transportn\u00ed s\u00edt\u011b.<\/strong><\/div>\n<p><!--more--><\/p>\n<div>Nippon Express si v parku od druh\u00e9ho \u010dtvrtlet\u00ed 2020 pronaj\u00edm\u00e1 6 941 metr\u016f \u010dtvere\u010dn\u00edch a nyn\u00ed sv\u00e9 p\u016fsoben\u00ed roz\u0161\u00ed\u0159il o dal\u0161\u00edch 5 790 metr\u016f \u010dtvere\u010dn\u00edch. V budov\u011b 1 tak zauj\u00edm\u00e1 celkovou plochu 12 731 metr\u016f \u010dtvere\u010dn\u00edch. Dodate\u010dn\u00fd pron\u00e1jem zprost\u0159edkovala spole\u010dnost Savills.<\/div>\n<div><\/div>\n<div>Spole\u010dnost si zde od druh\u00e9ho \u010dtvrtlet\u00ed 2020 pronaj\u00edmala 6 941 metr\u016f \u010dtvere\u010dn\u00edch a nyn\u00ed sv\u00e9 p\u016fsoben\u00ed roz\u0161\u00ed\u0159ila o dal\u0161\u00edch 5 790 metr\u016f \u010dtvere\u010dn\u00edch. V budov\u011b 1 plze\u0148sk\u00e9ho parku j\u00ed tak n\u00e1le\u017e\u00ed celkov\u00e1 plocha 12 731 metr\u016f \u010dtvere\u010dn\u00edch. Dodate\u010dn\u00fd pron\u00e1jem pro ni zprost\u0159edkovala spole\u010dnost Savills.<\/div>\n<div>\n<p>Prologis Park Pilsen II p\u0159edstavuje pro evropsk\u00fd dodavatelsk\u00fd \u0159et\u011bzec Nippon Express kl\u00ed\u010dov\u00fd uzel. Spole\u010dnost nakupuje komponenty v\u00a0balk\u00e1nsk\u00fdch zem\u00edch a dod\u00e1v\u00e1 z\u00a0nich zkompletovan\u00e9 sou\u010d\u00e1stky n\u011bmeck\u00fdm automobilk\u00e1m v\u00a0Bavorsku a B\u00e1densku. Sklad situovan\u00fd v\u00a0z\u00e1padn\u00edch \u010cech\u00e1ch tak le\u017e\u00ed p\u0159\u00edmo v\u00a0srdci jej\u00ed mezin\u00e1rodn\u00ed transportn\u00ed s\u00edt\u011b.<\/p>\n<p>\u201eNa\u0161e dosavadn\u00ed zku\u0161enost s\u00a0vyu\u017e\u00edv\u00e1n\u00edm prostor v\u00a0Prologis Park Pilsen II n\u00e1s p\u0159esv\u011bd\u010dila o pron\u00e1jmu dal\u0161\u00ed plochy v\u00a0n\u011bm,\u201c \u0159ekl Petr Kavalek, Branch Manager spole\u010dnosti Nippon Express. \u201ePark m\u00e1 optim\u00e1ln\u00ed polohu k\u00a0propojen\u00ed na\u0161ich dodavatel\u016f a z\u00e1kazn\u00edk\u016f. D\u00edky spolupr\u00e1ci s\u00a0t\u00fdmem Prologis se stal v\u00fdznamnou sou\u010d\u00e1st\u00ed na\u0161eho evropsk\u00e9ho dodavatelsk\u00e9ho \u0159et\u011bzce.\u201c<\/p>\n<p>Nov\u011b pronajat\u00e9 roz\u0161\u00ed\u0159en\u00e9 prostory budou nyn\u00ed do\u010dasn\u011b slou\u017eit k uskladn\u011bn\u00ed p\u0159ebytk\u016f produkce tepeln\u00fdch \u010derpadel. Do budoucnosti je napl\u00e1nov\u00e1no jejich vyu\u017eit\u00ed pro roz\u0161\u00ed\u0159en\u00ed p\u0159\u00edpravy kabelov\u00fdch svazk\u016f do v\u00fdroby osobn\u00edch automobil\u016f.<\/p>\n<p>\u201eJsme r\u00e1di, \u017ee jsme mohli pro Nippon Express zprost\u0159edkovat mo\u017enost vyt\u011b\u017eit z\u00a0jejich nov\u00e9ho z\u00e1zem\u00ed maximum,\u201c uvedla Anna J\u016fzov\u00e1, mana\u017eerka leasingu Prologis. \u201ePo celou dobu st\u00e1vaj\u00edc\u00edho pron\u00e1jmu jim byl k\u00a0dispozici n\u00e1\u0161 t\u00fdm pro z\u00e1kaznickou zku\u0161enost, kter\u00fd pom\u00e1hal \u0159e\u0161it v\u0161e pot\u0159ebn\u00e9. Nejinak tomu bude i v\u00a0p\u0159\u00edpad\u011b nov\u011b pronajat\u00e9 plochy, jej\u00ed\u017e role bude v\u00a0provozu Nippon Express nem\u00e9n\u011b d\u016fle\u017eit\u00e1.\u201c<\/p>\n<p>\u201eD\u00edky svoj\u00ed strategick\u00e9 poloze sk\u00fdt\u00e1 Prologis Park Pilsen II pro Nippon Express skv\u011bl\u00e9 z\u00e1zem\u00ed,\u201c popisuje Du\u0161an Dr\u00e1bek, Associate Director odd\u011blen\u00ed pr\u016fmyslov\u00fdch nemovitost\u00ed spole\u010dnosti Savills pro \u010ceskou republiku a Slovensko. \u201eNov\u00fd pron\u00e1jem roz\u0161i\u0159uj\u00edc\u00ed jejich plochu v\u00a0parku t\u00e9m\u011b\u0159 dvojn\u00e1sobn\u011b byl tedy ide\u00e1ln\u00edm \u0159e\u0161en\u00edm. Jeliko\u017e se jedn\u00e1 o expanzi ve stejn\u00e9 budov\u011b, lze jej\u00edm prost\u0159ednictv\u00edm dos\u00e1hnout v\u00fdznamn\u00fdch provozn\u00edch synergi\u00ed.\u201c<\/p>\n<p><img loading=\"lazy\" decoding=\"async\" class=\"alignnone size-large wp-image-21866\" src=\"http:\/\/www.automakersnews.cz\/wp-content\/uploads\/2023\/02\/Prologis-Park-Pilsen-II-1-1024x682.jpg\" alt=\"\" width=\"1024\" height=\"682\" \/><\/p>\n<\/div>\n","protected":false},"excerpt":{"rendered":"<div class=\"mh-excerpt\"><p>Nippon Express, dodavatel komponent pro n\u011bmeck\u00fd automobilov\u00fd pr\u016fmysl, roz\u0161\u00ed\u0159il sv\u016fj pron\u00e1jem v Prologis Park Pilsen II, kter\u00fd spole\u010dnosti nab\u00edz\u00ed strategickou lokaci p\u0159\u00edmo v srdci jej\u00ed <a class=\"mh-excerpt-more\" href=\"https:\/\/www.automakersnews.cz\/index.php\/2023\/02\/14\/nippon-express-rozsiruje-najem-v-plzni\/\" title=\"Nippon Express roz\u0161i\u0159uje n\u00e1jem v Plzni\">[&#8230;]<\/a><\/p>\n<\/div>","protected":false},"author":1,"featured_media":21864,"comment_status":"open","ping_status":"open","sticky":false,"template":"","format":"standard","meta":{"footnotes":""},"categories":[26],"tags":[],"class_list":["post-21863","post","type-post","status-publish","format-standard","has-post-thumbnail","hentry","category-logistika"],"_links":{"self":[{"href":"https:\/\/www.automakersnews.cz\/index.php\/wp-json\/wp\/v2\/posts\/21863","targetHints":{"allow":["GET"]}}],"collection":[{"href":"https:\/\/www.automakersnews.cz\/index.php\/wp-json\/wp\/v2\/posts"}],"about":[{"href":"https:\/\/www.automakersnews.cz\/index.php\/wp-json\/wp\/v2\/types\/post"}],"author":[{"embeddable":true,"href":"https:\/\/www.automakersnews.cz\/index.php\/wp-json\/wp\/v2\/users\/1"}],"replies":[{"embeddable":true,"href":"https:\/\/www.automakersnews.cz\/index.php\/wp-json\/wp\/v2\/comments?post=21863"}],"version-history":[{"count":0,"href":"https:\/\/www.automakersnews.cz\/index.php\/wp-json\/wp\/v2\/posts\/21863\/revisions"}],"wp:featuredmedia":[{"embeddable":true,"href":"https:\/\/www.automakersnews.cz\/index.php\/wp-json\/wp\/v2\/media\/21864"}],"wp:attachment":[{"href":"https:\/\/www.automakersnews.cz\/index.php\/wp-json\/wp\/v2\/media?parent=21863"}],"wp:term":[{"taxonomy":"category","embeddable":true,"href":"https:\/\/www.automakersnews.cz\/index.php\/wp-json\/wp\/v2\/categories?post=21863"},{"taxonomy":"post_tag","embeddable":true,"href":"https:\/\/www.automakersnews.cz\/index.php\/wp-json\/wp\/v2\/tags?post=21863"}],"curies":[{"name":"wp","href":"https:\/\/api.w.org\/{rel}","templated":true}]}}