{"id":21869,"date":"2023-02-14T08:00:31","date_gmt":"2023-02-14T08:00:31","guid":{"rendered":"https:\/\/www.automakersnews.cz\/?p=21869"},"modified":"2023-02-14T08:01:20","modified_gmt":"2023-02-14T08:01:20","slug":"dkv-rozsiri-sit-pro-dobijeni-vozidel","status":"publish","type":"post","link":"https:\/\/www.automakersnews.cz\/index.php\/2023\/02\/14\/dkv-rozsiri-sit-pro-dobijeni-vozidel\/","title":{"rendered":"DKV roz\u0161\u00ed\u0159\u00ed s\u00ed\u0165 pro dob\u00edjen\u00ed vozidel"},"content":{"rendered":"<p class=\"v1MsoNormal\"><strong>DKV Mobility, B2B platforma pro platby a \u0159e\u0161en\u00ed na cest\u00e1ch, roz\u0161i\u0159uje svou s\u00ed\u0165 pro dob\u00edjen\u00ed vozidel s elektrick\u00fdm pohonem. Z\u00e1kazn\u00edci mohou nyn\u00ed s kartou DKV +Charge nebo aplikac\u00ed DKV Mobility dob\u00edjet sv\u00e1 vozidla v jedn\u00e9 z nejv\u011bt\u0161\u00edch s\u00edt\u00ed pro nab\u00edjen\u00ed v cel\u00e9 Evrop\u011b.<\/strong><!--more--><\/p>\n<p class=\"v1MsoNormal\">K dispozici maj\u00ed ji\u017e v\u00edce ne\u017e 413 000 zcela nebo \u010d\u00e1ste\u010dn\u011b ve\u0159ejn\u00fdch dob\u00edjec\u00edch bod\u016f.<\/p>\n<p class=\"v1MsoNormal\">\u201eP\u0159ekro\u010den\u00edm hranice 400 000 dob\u00edjec\u00edch bod\u016f v cel\u00e9 Evrop\u011b upev\u0148ujeme na\u0161e postaven\u00ed mezi nejv\u011bt\u0161\u00edmi celoevropsk\u00fdmi poskytovateli slu\u017eeb pro dob\u00edjen\u00ed,&#8220; \u0159\u00edk\u00e1 Sven Mehringer, gener\u00e1ln\u00ed \u0159editel pro energetiku a slu\u017eby pro vozidla ve spole\u010dnosti DKV Mobility.<\/p>\n<p class=\"v1MsoNormal\">\u201eKrom\u011b p\u0159\u00edstupu ke zcela a \u010d\u00e1ste\u010dn\u011b ve\u0159ejn\u00fdm dob\u00edjec\u00edm bod\u016fm nab\u00edz\u00edme v n\u011bkter\u00fdch zem\u00edch na\u0161im z\u00e1kazn\u00edk\u016fm tak\u00e9 \u0159e\u0161en\u00ed pro nab\u00edjen\u00ed v jejich firemn\u00edch are\u00e1lech nebo v dom\u00e1cnostech \u0159idi\u010d\u016f slu\u017eebn\u00edch voz\u016f. Ka\u017edodenn\u00ed provoz na\u0161ich z\u00e1kazn\u00edk\u016f tak pokr\u00fdv\u00e1me komplexn\u00edmi \u0159e\u0161en\u00edmi pro spolehliv\u00e9 z\u00e1sobov\u00e1n\u00ed,&#8220; dopl\u0148uje Sven Mehringer.<\/p>\n","protected":false},"excerpt":{"rendered":"<div class=\"mh-excerpt\"><p>DKV Mobility, B2B platforma pro platby a \u0159e\u0161en\u00ed na cest\u00e1ch, roz\u0161i\u0159uje svou s\u00ed\u0165 pro dob\u00edjen\u00ed vozidel s elektrick\u00fdm pohonem. Z\u00e1kazn\u00edci mohou nyn\u00ed s kartou DKV <a class=\"mh-excerpt-more\" href=\"https:\/\/www.automakersnews.cz\/index.php\/2023\/02\/14\/dkv-rozsiri-sit-pro-dobijeni-vozidel\/\" title=\"DKV roz\u0161\u00ed\u0159\u00ed s\u00ed\u0165 pro dob\u00edjen\u00ed vozidel\">[&#8230;]<\/a><\/p>\n<\/div>","protected":false},"author":1,"featured_media":21870,"comment_status":"open","ping_status":"open","sticky":false,"template":"","format":"standard","meta":{"footnotes":""},"categories":[55,22],"tags":[],"class_list":["post-21869","post","type-post","status-publish","format-standard","has-post-thumbnail","hentry","category-alternativni-pohony","category-elektromobily"],"_links":{"self":[{"href":"https:\/\/www.automakersnews.cz\/index.php\/wp-json\/wp\/v2\/posts\/21869","targetHints":{"allow":["GET"]}}],"collection":[{"href":"https:\/\/www.automakersnews.cz\/index.php\/wp-json\/wp\/v2\/posts"}],"about":[{"href":"https:\/\/www.automakersnews.cz\/index.php\/wp-json\/wp\/v2\/types\/post"}],"author":[{"embeddable":true,"href":"https:\/\/www.automakersnews.cz\/index.php\/wp-json\/wp\/v2\/users\/1"}],"replies":[{"embeddable":true,"href":"https:\/\/www.automakersnews.cz\/index.php\/wp-json\/wp\/v2\/comments?post=21869"}],"version-history":[{"count":0,"href":"https:\/\/www.automakersnews.cz\/index.php\/wp-json\/wp\/v2\/posts\/21869\/revisions"}],"wp:featuredmedia":[{"embeddable":true,"href":"https:\/\/www.automakersnews.cz\/index.php\/wp-json\/wp\/v2\/media\/21870"}],"wp:attachment":[{"href":"https:\/\/www.automakersnews.cz\/index.php\/wp-json\/wp\/v2\/media?parent=21869"}],"wp:term":[{"taxonomy":"category","embeddable":true,"href":"https:\/\/www.automakersnews.cz\/index.php\/wp-json\/wp\/v2\/categories?post=21869"},{"taxonomy":"post_tag","embeddable":true,"href":"https:\/\/www.automakersnews.cz\/index.php\/wp-json\/wp\/v2\/tags?post=21869"}],"curies":[{"name":"wp","href":"https:\/\/api.w.org\/{rel}","templated":true}]}}