{"id":21873,"date":"2023-02-14T08:14:16","date_gmt":"2023-02-14T08:14:16","guid":{"rendered":"https:\/\/www.automakersnews.cz\/?p=21873"},"modified":"2023-02-14T08:14:16","modified_gmt":"2023-02-14T08:14:16","slug":"ami-communications-ma-nove-klienty","status":"publish","type":"post","link":"https:\/\/www.automakersnews.cz\/index.php\/2023\/02\/14\/ami-communications-ma-nove-klienty\/","title":{"rendered":"AMI Communications m\u00e1 nov\u00e9 klienty"},"content":{"rendered":"<p><strong>Nejv\u011bt\u0161\u00ed \u010desk\u00e1 PR agentura AMI Communications, kter\u00e1 dlouhodob\u011b spolupracuje nap\u0159\u00edklad s Ford Motor Company, nal\u00e1kala\u00a0 v uplynul\u00e9m roce 2022 ke spolupr\u00e1ci v\u00edce ne\u017e dvac\u00edtku nov\u00fdch klient\u016f.<\/strong><!--more--><\/p>\n<p>Mezi zapo\u010dat\u00e9 dlouhodob\u00e9 spolupr\u00e1ce pat\u0159\u00ed kontrakty s pr\u016fmyslov\u011b-logistick\u00fdm developerem CTP, se skupinou Colt CZ Group, pod n\u00ed\u017e spadaj\u00ed dva tradi\u010dn\u00ed v\u00fdrobci ru\u010dn\u00edch paln\u00fdch zbran\u00ed, americk\u00fd Colt a \u010cesk\u00e1 zbrojovka, \u010di s polsk\u00fdm internetov\u00fdm obchodem s kosmetikou Hebe, jemu\u017e AMI loni v l\u00e9t\u011b pomohla se vstupem na \u010desk\u00fd trh.<\/p>\n<p>Perspektivn\u00ed obory v\u00a0lo\u0148sk\u00e9m roce doplnila i\u00a0dom\u00e9na kryptom\u011bn \u2013 agentura se stala zakladatelem a\u00a0vydavatelem newsletteru\u00a0<em>KryptoNews<\/em>. Od lo\u0148sk\u00e9ho podzimu pom\u00e1h\u00e1 AMI Communications s\u00a0PR aktivitami pro zvy\u0161ov\u00e1n\u00ed investi\u010dn\u00ed gramotnosti p\u0159edn\u00ed \u010desko-slovensk\u00e9 finan\u010dn\u00ed skupin\u011b J&amp;T.<\/p>\n<p>Agentura se stala tak\u00e9 PR partnerem Energetick\u00e9ho holdingu Malina, logistick\u00e9 firmy DSV, sv\u011btov\u00e9 gastronomick\u00e9 skupiny Compass Group \u010di v\u00fdrobce lepic\u00edch p\u00e1sek Tesa.<\/p>\n<p>Mezi aktivity AMI Communications pat\u0159ila v\u00a0lo\u0148sk\u00e9m roce tak\u00e9 kauza ayahuasca.<\/p>\n<p>\u201eV n\u00ed se s\u00a0pomoc\u00ed \u0161irok\u00e9 ve\u0159ejnosti poda\u0159ilo dos\u00e1hnout spravedlnosti pro dva mlad\u00e9 lidi. Pouk\u00e1z\u00e1n\u00ed na p\u0159\u00edsn\u00fd rozsudek v\u00a0p\u0159\u00edpadu man\u017eel\u016f\u00a0<strong>Kordysov\u00fdch<\/strong>, kter\u00fd vych\u00e1zel ze zastaral\u00e9 legislativy a\u00a0nereflektoval sou\u010dasn\u00e9 v\u011bdeck\u00e9 poznatky, vyvolalo zna\u010dnou vlnu z\u00e1jmu m\u00e9di\u00ed i\u00a0ve\u0159ejnosti. Ta vy\u00fastila na konci roku 2022 v\u00a0prezidentskou milost pro oba man\u017eele a\u00a0zd\u016fraznila pot\u0159ebu aktualizace legislativy v\u00a0oblasti psychotropn\u00edch l\u00e1tek i\u00a0nutnost revize trestn\u00edho z\u00e1kona sm\u011brem k\u00a0v\u011bt\u0161\u00ed proporcionalit\u011b trest\u016f,\u201c uv\u00e1d\u00ed agentura.<\/p>\n","protected":false},"excerpt":{"rendered":"<div class=\"mh-excerpt\"><p>Nejv\u011bt\u0161\u00ed \u010desk\u00e1 PR agentura AMI Communications, kter\u00e1 dlouhodob\u011b spolupracuje nap\u0159\u00edklad s Ford Motor Company, nal\u00e1kala\u00a0 v uplynul\u00e9m roce 2022 ke spolupr\u00e1ci v\u00edce ne\u017e dvac\u00edtku nov\u00fdch <a class=\"mh-excerpt-more\" href=\"https:\/\/www.automakersnews.cz\/index.php\/2023\/02\/14\/ami-communications-ma-nove-klienty\/\" title=\"AMI Communications m\u00e1 nov\u00e9 klienty\">[&#8230;]<\/a><\/p>\n<\/div>","protected":false},"author":1,"featured_media":21902,"comment_status":"open","ping_status":"open","sticky":false,"template":"","format":"standard","meta":{"footnotes":""},"categories":[34],"tags":[],"class_list":["post-21873","post","type-post","status-publish","format-standard","has-post-thumbnail","hentry","category-pr"],"_links":{"self":[{"href":"https:\/\/www.automakersnews.cz\/index.php\/wp-json\/wp\/v2\/posts\/21873","targetHints":{"allow":["GET"]}}],"collection":[{"href":"https:\/\/www.automakersnews.cz\/index.php\/wp-json\/wp\/v2\/posts"}],"about":[{"href":"https:\/\/www.automakersnews.cz\/index.php\/wp-json\/wp\/v2\/types\/post"}],"author":[{"embeddable":true,"href":"https:\/\/www.automakersnews.cz\/index.php\/wp-json\/wp\/v2\/users\/1"}],"replies":[{"embeddable":true,"href":"https:\/\/www.automakersnews.cz\/index.php\/wp-json\/wp\/v2\/comments?post=21873"}],"version-history":[{"count":0,"href":"https:\/\/www.automakersnews.cz\/index.php\/wp-json\/wp\/v2\/posts\/21873\/revisions"}],"wp:featuredmedia":[{"embeddable":true,"href":"https:\/\/www.automakersnews.cz\/index.php\/wp-json\/wp\/v2\/media\/21902"}],"wp:attachment":[{"href":"https:\/\/www.automakersnews.cz\/index.php\/wp-json\/wp\/v2\/media?parent=21873"}],"wp:term":[{"taxonomy":"category","embeddable":true,"href":"https:\/\/www.automakersnews.cz\/index.php\/wp-json\/wp\/v2\/categories?post=21873"},{"taxonomy":"post_tag","embeddable":true,"href":"https:\/\/www.automakersnews.cz\/index.php\/wp-json\/wp\/v2\/tags?post=21873"}],"curies":[{"name":"wp","href":"https:\/\/api.w.org\/{rel}","templated":true}]}}