{"id":2189,"date":"2022-11-07T11:56:20","date_gmt":"2022-11-07T11:56:20","guid":{"rendered":"https:\/\/www.automakersnews.cz\/?p=2189"},"modified":"2022-11-07T11:56:20","modified_gmt":"2022-11-07T11:56:20","slug":"emil-frey-tendroval-medialni-agenturu","status":"publish","type":"post","link":"https:\/\/www.automakersnews.cz\/index.php\/2022\/11\/07\/emil-frey-tendroval-medialni-agenturu\/","title":{"rendered":"Emil Frey tendroval medi\u00e1ln\u00ed agenturu"},"content":{"rendered":"<p><strong>Import\u00e9r a\u00a0 prodejce voz\u016f Emil Frey tendroval medi\u00e1ln\u00ed agenturu pro roky 2023 a 2024. Jde o bal\u00edk pen\u011bz. Hrub\u00e9 medi\u00e1ln\u00ed investice zna\u010dek Stellantisu loni podle monitoringu Ad Intel \u010dinily 392 milion\u016f K\u010d.<\/strong><!--more--><\/p>\n<p>Tendr vyhr\u00e1la Knowmedia ze skupiny <a href=\"https:\/\/www.mediar.cz\/tema\/knowlimits\/\">Knowlimits<\/a>. Slu\u017eby bude poskytovat v\u0161em zna\u010dk\u00e1m ze skupiny Stellantis, kter\u00e9 Emil Frey Group zastupuje, tedy Abarth, Alfa Romeo, Citroen, DS, Fiat, Jeep, Opel a Peugeot.<\/p>\n<p>Organizaci v\u00fdb\u011brov\u00e9ho \u0159\u00edzen\u00ed m\u011bl na starosti\u00a0<strong>Martin Konr\u00e1d<\/strong>, managing director \u010desk\u00e9 pobo\u010dky agentury MMB Media Agency, mezin\u00e1rodn\u00ed s\u00edt\u011b nez\u00e1visl\u00fdch medi\u00e1ln\u00edch agentur orientovan\u00fdch na automobilov\u00fd pr\u016fmysl, zodpov\u011bdn\u00e9 za medi\u00e1ln\u00ed aktivity Emil Frey Group ve \u0160v\u00fdcarsku, N\u011bmecku, Francii, Ma\u010farsku, Chorvatsku, \u010cesku, na Slovensku, v\u00a0Srbsku, Bosn\u011b a\u00a0v Bulharsku.<\/p>\n<p>\u201eC\u00edlem v\u00fdb\u011brov\u00e9ho \u0159\u00edzen\u00ed bylo naj\u00edt siln\u00e9ho a\u00a0zku\u0161en\u00e9ho partnera, kter\u00fd souzn\u00ed s\u00a0filozofi\u00ed skupiny Emil Frey Group a\u00a0dok\u00e1\u017ee podpo\u0159it jej\u00ed dal\u0161\u00ed rozvoj,\u201c uvedl Konr\u00e1d, kter\u00fd\u00a0<a href=\"https:\/\/www.mediar.cz\/cinane-prodali-majoritu-v-medee-zpet-soukupovi\/\">loni kr\u00e1tce vedl M\u00e9deu<\/a>, v minulosti osm let \u0159\u00eddil prodej rozhlasov\u00e9 reklamy v Regie Radio Music, p\u016fsobil i na Prim\u011b.<\/p>\n<p>Knowmedia uv\u00e1d\u00ed, \u017ee disponuje t\u00fdmem t\u00e9m\u011b\u0159 200 odborn\u00edk\u016f.<\/p>\n<p>\u201eAutomobilku jsem mezi na\u0161imi klienty cht\u011bl vid\u011bt u\u017e del\u0161\u00ed dobu a te\u010f m\u00e1me mo\u017enost se postarat rovnou o n\u011bkolik zna\u010dek najednou,\u201c prohl\u00e1sil\u00a0<strong>Jan Vid\u00edm<\/strong>, zakladatel a\u00a0p\u0159edseda p\u0159edstavenstva Knowlimits.<\/p>\n","protected":false},"excerpt":{"rendered":"<div class=\"mh-excerpt\"><p>Import\u00e9r a\u00a0 prodejce voz\u016f Emil Frey tendroval medi\u00e1ln\u00ed agenturu pro roky 2023 a 2024. Jde o bal\u00edk pen\u011bz. Hrub\u00e9 medi\u00e1ln\u00ed investice zna\u010dek Stellantisu loni podle <a class=\"mh-excerpt-more\" href=\"https:\/\/www.automakersnews.cz\/index.php\/2022\/11\/07\/emil-frey-tendroval-medialni-agenturu\/\" title=\"Emil Frey tendroval medi\u00e1ln\u00ed agenturu\">[&#8230;]<\/a><\/p>\n<\/div>","protected":false},"author":1,"featured_media":2190,"comment_status":"open","ping_status":"open","sticky":false,"template":"","format":"standard","meta":{"footnotes":""},"categories":[30,27],"tags":[],"class_list":["post-2189","post","type-post","status-publish","format-standard","has-post-thumbnail","hentry","category-marketing","category-media"],"_links":{"self":[{"href":"https:\/\/www.automakersnews.cz\/index.php\/wp-json\/wp\/v2\/posts\/2189","targetHints":{"allow":["GET"]}}],"collection":[{"href":"https:\/\/www.automakersnews.cz\/index.php\/wp-json\/wp\/v2\/posts"}],"about":[{"href":"https:\/\/www.automakersnews.cz\/index.php\/wp-json\/wp\/v2\/types\/post"}],"author":[{"embeddable":true,"href":"https:\/\/www.automakersnews.cz\/index.php\/wp-json\/wp\/v2\/users\/1"}],"replies":[{"embeddable":true,"href":"https:\/\/www.automakersnews.cz\/index.php\/wp-json\/wp\/v2\/comments?post=2189"}],"version-history":[{"count":0,"href":"https:\/\/www.automakersnews.cz\/index.php\/wp-json\/wp\/v2\/posts\/2189\/revisions"}],"wp:featuredmedia":[{"embeddable":true,"href":"https:\/\/www.automakersnews.cz\/index.php\/wp-json\/wp\/v2\/media\/2190"}],"wp:attachment":[{"href":"https:\/\/www.automakersnews.cz\/index.php\/wp-json\/wp\/v2\/media?parent=2189"}],"wp:term":[{"taxonomy":"category","embeddable":true,"href":"https:\/\/www.automakersnews.cz\/index.php\/wp-json\/wp\/v2\/categories?post=2189"},{"taxonomy":"post_tag","embeddable":true,"href":"https:\/\/www.automakersnews.cz\/index.php\/wp-json\/wp\/v2\/tags?post=2189"}],"curies":[{"name":"wp","href":"https:\/\/api.w.org\/{rel}","templated":true}]}}