{"id":22,"date":"2021-09-17T10:06:01","date_gmt":"2021-09-17T10:06:01","guid":{"rendered":"http:\/\/www.automakersnews.cz\/?p=22"},"modified":"2021-09-17T10:06:01","modified_gmt":"2021-09-17T10:06:01","slug":"porsche-ceska-republika-meni-jednatele","status":"publish","type":"post","link":"https:\/\/www.automakersnews.cz\/index.php\/2021\/09\/17\/porsche-ceska-republika-meni-jednatele\/","title":{"rendered":"Porsche \u010cesk\u00e1 republika m\u011bn\u00ed jednatele"},"content":{"rendered":"<p><strong>Dosavadn\u00ed jednatel Porsche \u010cR Franz Pommer se po pl\u00e1novan\u00e9m ukon\u010den\u00ed sv\u00e9 mise vrac\u00ed do mate\u0159sk\u00e9 Porsche Holding Salzburg, kde p\u0159evezme dal\u0161\u00ed \u00fakoly. Ve veden\u00ed firmy ho 1. \u0159\u00edjna nahrad\u00ed nov\u00fd mana\u017eer, kter\u00fd p\u0159ich\u00e1z\u00ed z jihoamerick\u00e9ho Chile.<\/strong><span id=\"more-143945\"><\/span><!--more--><\/p>\n<p>Mag. Franz Pommer byl veden\u00ed Porsche \u010cesk\u00e1 republika od roku 2014. Jako jeden ze dvou jednatel\u016f se zam\u011b\u0159oval zejm\u00e9na na oblast poprodejn\u00edch slu\u017eeb, financ\u00ed, controllingu a zav\u00e1d\u011bn\u00ed digit\u00e1ln\u00edch technologi\u00ed.<\/p>\n<p>\u0158\u00eddil mj. implementaci pokro\u010dil\u00e9ho syst\u00e9mu managementu datov\u00e9ho centra import\u00e9ra, projekt komplexn\u00edho \u0159e\u0161en\u00ed nab\u00edjec\u00ed infrastruktury MOON pro elektromobily, zah\u00e1jen\u00ed v\u00fdstavby nov\u00e9ho Vzd\u011bl\u00e1vac\u00edho centra v obci Zlatn\u00edky-Hodkovice pro zvy\u0161ov\u00e1n\u00ed kvalifikace zam\u011bstnanc\u016f prodejn\u00ed a servisn\u00ed s\u00edt\u011b, nebo spu\u0161t\u011bn\u00ed port\u00e1lu CARJOBS.CZ, slou\u017e\u00edc\u00edho jako n\u00e1stroj pro personalisty autorizovan\u00fdch prodejc\u016f a servis\u016f a uchaze\u010de o pr\u00e1ci v automobilov\u00e9 bran\u017ei.<\/p>\n<p>\u201eB\u011bhem uplynul\u00fdch t\u00e9m\u011b\u0159 8 let jsem mohl n\u00e9st spoluzodpov\u011bdnost za \u00fakoly, kter\u00e9 byly velmi rozmanit\u00e9, zaj\u00edmav\u00e9, ale znamenaly tak\u00e9 velkou v\u00fdzvu,\u201c \u0159\u00edk\u00e1 Franz Pommer.<\/p>\n<p>\u201eSpole\u010dn\u011b s\u00a0vysoce motivovan\u00fdm t\u00fdmem Po\u010cR a vysoce profesion\u00e1ln\u00ed prodejn\u00ed a servisn\u00ed organizac\u00ed jsme velmi \u00fasp\u011b\u0161n\u011b zvl\u00e1dli mnoho technick\u00fdch, syst\u00e9mov\u00fdch, smluvn\u00edch a ekonomick\u00fdch v\u00fdzev. Tak\u00e9 jsme dok\u00e1zali dosahovat t\u011bch nejvy\u0161\u0161\u00edch v\u00fdsledk\u016f v\u00a0prodeji a obratu v\u00a0historii import\u00e9ra a dealer\u016f. Za tuto skv\u011blou podporu velmi srde\u010dn\u011b d\u011bkuji v\u0161em z\u00fa\u010dastn\u011bn\u00fdm. V\u00a0\u010cesk\u00e9 republice jsem se c\u00edtil od za\u010d\u00e1tku opravdu velmi dob\u0159e. Na tuto sou\u010d\u00e1st m\u00e9 profesn\u00ed dr\u00e1hy, kter\u00e1 byla z\u00a0hlediska ud\u00e1lost\u00ed nejbohat\u0161\u00ed a nejkr\u00e1sn\u011bj\u0161\u00ed b\u011bhem m\u00e9ho p\u016fsoben\u00ed, se ohl\u00ed\u017e\u00edm zp\u011bt s\u00a0velkou hrdost\u00ed a vd\u011b\u010dnost\u00ed.\u201c<\/p>\n<p>P\u0159ed p\u0159evzet\u00edm pozice jednatele Porsche \u010cesk\u00e1 republika Franz Pommer \u00fasp\u011b\u0161n\u011b\u00a0p\u016fsobil ve vedouc\u00edch funkc\u00edch v r\u00e1mci Porsche\u00a0Austria v Salzburgu. Mimo jin\u00e9\u00a0m\u011bl na starosti zahrani\u010dn\u00ed velkoobchod. Do Prahy p\u0159e\u0161el v roce 2014 z pozice mana\u017eera Porsche Austria zodpov\u011bdn\u00e9ho za oblast servisu,\u00a0d\u00edl\u016f a financ\u00ed, kterou zast\u00e1val od roku\u00a02002.<\/p>\n<p><strong>Nov\u00fd jednatel p\u0159ich\u00e1z\u00ed z Chile<\/strong><\/p>\n<p>Nov\u00fdm jednatelem spole\u010dnosti bude od Christoph Gr\u00fcn, kter\u00fd nejv\u011bt\u0161\u00edho dovozce automobil\u016f do \u010cR povede spole\u010dn\u011b se sou\u010dasn\u00fdm jednatelem Janem Hurtem.<\/p>\n<p>Christoph Gr\u00fcn p\u0159ich\u00e1z\u00ed do Prahy z\u00a0Chile, kde na pozici jednatele vedl tamn\u00edho import\u00e9ra Porsche Chile, dovozce koncernov\u00fdch zna\u010dek Volkswagen, Audi, \u0160koda, SEAT, MAN a Camiones y Buses.<\/p>\n<p>V\u00a0koncernu Porsche Holding Salzburg, kter\u00fd je i mate\u0159skou spole\u010dnost\u00ed \u010desk\u00e9ho dovozce, pracuje ji\u017e jeden\u00e1ct let. P\u0159ed t\u00edm, ne\u017e p\u0159evzal veden\u00ed pobo\u010dky v\u00a0Chile, pracoval jako finan\u010dn\u00ed \u0159editel v\u00a0Porsche Colombia SAS. Je absolventem magistersk\u00e9ho studia na Univerzit\u011b Karla Franzense ve \u0160t\u00fdrsk\u00e9m Hradci, obor v\u0161eobecn\u00e9 finance.<\/p>\n<p>\u201eJsem nad\u0161en\u00fd, \u017ee p\u0159eb\u00edr\u00e1m novou v\u00fdzvu v\u00a0Porsche \u010cesk\u00e1 republika, t\u011b\u0161\u00edm se, a\u017e za\u010dnu pozn\u00e1vat zdej\u0161\u00ed trh, zvyky, spole\u010dnost \u2013 a p\u0159edev\u0161\u00edm \u2013 \u010deskou kulturu. Chci se zam\u011b\u0159it hlavn\u011b na dal\u0161\u00ed rozvoj import\u00e9rsk\u00e9ho t\u00fdmu a dealersk\u00e9 s\u00edt\u011b, aby byly p\u0159ipraven\u00e9 na \u00e9ru digitalizace a<br \/>\ne-mobility. Chci cel\u00fd t\u00fdm Porsche CZ motivovat k\u00a0tomu, aby v\u00a0oblasti inovac\u00ed, digitalizace a zav\u00e1d\u011bn\u00ed nov\u00fdch technologii pat\u0159il mezi \u0161pi\u010dku v\u00a0cel\u00e9 automobilov\u00e9 bran\u017ei,\u201c \u0159\u00edk\u00e1 Christoph Gr\u00fcn o sv\u00fdch c\u00edlech a ambic\u00edch v\u00a0\u010cesku.<\/p>\n","protected":false},"excerpt":{"rendered":"<div class=\"mh-excerpt\"><p>Dosavadn\u00ed jednatel Porsche \u010cR Franz Pommer se po pl\u00e1novan\u00e9m ukon\u010den\u00ed sv\u00e9 mise vrac\u00ed do mate\u0159sk\u00e9 Porsche Holding Salzburg, kde p\u0159evezme dal\u0161\u00ed \u00fakoly. Ve veden\u00ed firmy <a class=\"mh-excerpt-more\" href=\"https:\/\/www.automakersnews.cz\/index.php\/2021\/09\/17\/porsche-ceska-republika-meni-jednatele\/\" title=\"Porsche \u010cesk\u00e1 republika m\u011bn\u00ed jednatele\">[&#8230;]<\/a><\/p>\n<\/div>","protected":false},"author":1,"featured_media":23,"comment_status":"open","ping_status":"open","sticky":false,"template":"","format":"standard","meta":{"footnotes":""},"categories":[3],"tags":[],"class_list":["post-22","post","type-post","status-publish","format-standard","has-post-thumbnail","hentry","category-personalie"],"_links":{"self":[{"href":"https:\/\/www.automakersnews.cz\/index.php\/wp-json\/wp\/v2\/posts\/22","targetHints":{"allow":["GET"]}}],"collection":[{"href":"https:\/\/www.automakersnews.cz\/index.php\/wp-json\/wp\/v2\/posts"}],"about":[{"href":"https:\/\/www.automakersnews.cz\/index.php\/wp-json\/wp\/v2\/types\/post"}],"author":[{"embeddable":true,"href":"https:\/\/www.automakersnews.cz\/index.php\/wp-json\/wp\/v2\/users\/1"}],"replies":[{"embeddable":true,"href":"https:\/\/www.automakersnews.cz\/index.php\/wp-json\/wp\/v2\/comments?post=22"}],"version-history":[{"count":0,"href":"https:\/\/www.automakersnews.cz\/index.php\/wp-json\/wp\/v2\/posts\/22\/revisions"}],"wp:featuredmedia":[{"embeddable":true,"href":"https:\/\/www.automakersnews.cz\/index.php\/wp-json\/wp\/v2\/media\/23"}],"wp:attachment":[{"href":"https:\/\/www.automakersnews.cz\/index.php\/wp-json\/wp\/v2\/media?parent=22"}],"wp:term":[{"taxonomy":"category","embeddable":true,"href":"https:\/\/www.automakersnews.cz\/index.php\/wp-json\/wp\/v2\/categories?post=22"},{"taxonomy":"post_tag","embeddable":true,"href":"https:\/\/www.automakersnews.cz\/index.php\/wp-json\/wp\/v2\/tags?post=22"}],"curies":[{"name":"wp","href":"https:\/\/api.w.org\/{rel}","templated":true}]}}