{"id":22079,"date":"2023-02-15T10:26:04","date_gmt":"2023-02-15T10:26:04","guid":{"rendered":"https:\/\/www.automakersnews.cz\/?p=22079"},"modified":"2023-02-15T10:26:04","modified_gmt":"2023-02-15T10:26:04","slug":"bmw-a-valeo-vyvinou-plne-autonomni-parkovani","status":"publish","type":"post","link":"https:\/\/www.automakersnews.cz\/index.php\/2023\/02\/15\/bmw-a-valeo-vyvinou-plne-autonomni-parkovani\/","title":{"rendered":"BMW a Valeo vyvinou pln\u011b autonomn\u00ed parkov\u00e1n\u00ed"},"content":{"rendered":"<p><strong>BMW Group a Valeo ned\u00e1vno za\u010daly kooperovat v oblasti asisten\u010dn\u00edch syst\u00e9m\u016f, senzor\u016f a softwaru pro parkov\u00e1n\u00ed a man\u00e9vrov\u00e1n\u00ed, ur\u010den\u00fdch pro chystanou novou generaci BMW Neue Klasse<sup>1.<\/sup> Nyn\u00ed ozn\u00e1mily spolupr\u00e1ci na v\u00fdvoji pln\u011b automatizovan\u00fdch parkovac\u00edch syst\u00e9m\u016f a\u017e do \u00farovn\u011b 4<sup>2<\/sup>.<\/strong><!--more--><\/p>\n<p>V lednu ob\u011b spole\u010dnosti podepsaly dohodu o strategick\u00e9 spolupr\u00e1ci zam\u011b\u0159enou na spole\u010dn\u00fd v\u00fdvoj nov\u00e9 generace technologi\u00ed, kter\u00e9 u\u017eivatel\u016fm p\u0159inesou zcela nov\u00e9 zku\u0161enosti p\u0159i parkov\u00e1n\u00ed na soukrom\u00fdch pozemc\u00edch a\u00a0parkovi\u0161t\u00edch. V\u0161echny funkce, od automatizovan\u00e9ho asistenta man\u00e9vrov\u00e1n\u00ed a\u017e po automatick\u00e9 parkov\u00e1n\u00ed s\u00a0autonomi\u00ed \u00farovn\u011b 4, budou vyu\u017e\u00edvat technologie a senzory integrovan\u00e9 ve vozidle.<\/p>\n<p>Spole\u010dn\u011b budou vyv\u00edjeny tak\u00e9 slu\u017eby vyu\u017e\u00edvaj\u00edc\u00ed infrastrukturu, kter\u00e9 umo\u017en\u00ed pln\u011b automatizovan\u00e9 parkov\u00e1n\u00ed a nab\u00edjen\u00ed v\u00a0odpov\u00eddaj\u00edc\u00edm zp\u016fsobem vybaven\u00fdch ve\u0159ejn\u00fdch parkovac\u00edch za\u0159\u00edzen\u00edch a are\u00e1lech.<\/p>\n<p>Software budouc\u00edch funkc\u00ed bude postaven na sou\u010dasn\u00fdch softwarov\u00fdch celc\u00edch, kter\u00e9 byly poprv\u00e9 uvedeny na trh v BMW iX v roce 2021. V dal\u0161\u00ed generaci bude tento syst\u00e9m roz\u0161\u00ed\u0159en o v\u00fdkonn\u011bj\u0161\u00ed v\u00fdpo\u010detn\u00ed platformu, hostuj\u00edc\u00ed spole\u010dn\u011b vyvinut\u00e9 algoritmy.<\/p>\n<p><em>\u201eTento spole\u010dn\u00fd v\u00fdvoj je pro BMW Group d\u016fle\u017eit\u00fdm miln\u00edkem v\u00a0ot\u00e1zk\u00e1ch nov\u00e9 generace automatizovan\u00e9ho \u0159\u00edzen\u00ed a parkov\u00e1n\u00ed. D\u00edky \u0161k\u00e1lovateln\u00fdm mo\u017enostem automatizovan\u00e9ho parkov\u00e1n\u00ed \u00farovn\u011b 4 potvrd\u00edme a\u00a0pos\u00edl\u00edme na\u0161i vedouc\u00ed pozici v t\u00e9to oblasti. K vytvo\u0159en\u00ed skute\u010dn\u011b \u00fachvatn\u00fdch funkc\u00ed pro koncov\u00e9 u\u017eivatele je nutn\u00e9 ve v\u0161ech aspektech digit\u00e1ln\u00edho hodnotov\u00e9ho \u0159et\u011bzce pou\u017eit\u00ed nejmodern\u011bj\u0161\u00edho softwaru a hardwaru, stejn\u011b jako vyu\u017e\u00edv\u00e1n\u00ed ekosyst\u00e9mu dat vozov\u00e9ho parku. BMW Group je nad\u0161ena, \u017ee touto strategickou spoluprac\u00ed d\u00e1le roz\u0161i\u0159uje sv\u00e9 dlouholet\u00e9 partnerstv\u00ed se spole\u010dnost\u00ed Valeo. Na\u0161\u00edm c\u00edlem je i nad\u00e1le na\u0161im z\u00e1kazn\u00edk\u016fm poskytovat prvot\u0159\u00eddn\u00ed slu\u017eby v\u00a0oblasti \u0159\u00edzen\u00ed a zku\u0161enost\u00ed z parkov\u00e1n\u00ed,\u201c<\/em> \u0159ekl Nicolai Martin, senior viceprezident pro z\u00e1\u017eitky z\u00a0\u0159\u00edzen\u00ed u BMW Group.<\/p>\n<p><em>\u201eJsme hrd\u00ed na dlouhodobou spolupr\u00e1ci mezi BMW Group a spole\u010dnost\u00ed Valeo. Spole\u010dn\u00fd v\u00fdvoj a zaveden\u00ed automatick\u00fdch parkovac\u00edch funkc\u00ed umo\u017en\u00ed do budouc\u00edch s\u00e9riov\u00fdch voz\u016f BMW p\u0159iv\u00e9st \u00farove\u0148 automatizace 4 nevy\u017eaduj\u00edc\u00ed obsluhu \u0159idi\u010dem,\u201c<\/em> \u0159ekl Marc Vrecko, \u0159editel produktov\u00e9 divize Valeo pro komfortn\u00ed a asisten\u010dn\u00ed syst\u00e9my. <em>\u201eTato spolupr\u00e1ce na z\u00e1klad\u011b ji\u017e existuj\u00edc\u00edch a na trh uveden\u00fdch komponent\u016f posune na\u0161e know-how a technologie, jako jsou pokro\u010dil\u00e9 algoritmy po\u010d\u00edta\u010dov\u00e9ho vid\u011bn\u00ed zalo\u017een\u00e9 na um\u011bl\u00e9 inteligenci, na novou \u00farove\u0148. Sou\u010dasn\u011b n\u00e1m umo\u017en\u00ed roz\u0161\u00ed\u0159it na\u0161e portfolio o funkce \u00farovn\u011b 4 a cloudov\u00e9 slu\u017eby. K t\u00e9to platform\u011b se budou moci p\u0159ipojit i dal\u0161\u00ed automobilky, p\u0159i\u010dem\u017e BMW op\u011bt nastav\u00ed standardy pro co nejintuitivn\u011bj\u0161\u00ed a nejp\u0159\u00edjemn\u011bj\u0161\u00ed u\u017eivatelsk\u00e9 prost\u0159ed\u00ed, kter\u00e9 jeho z\u00e1kazn\u00edci pr\u00e1vem o\u010dek\u00e1vaj\u00ed.\u201c<\/em><\/p>\n<p><strong>Co je syst\u00e9m automatizovan\u00e9ho parkov\u00e1n\u00ed bez \u0159idi\u010de \u2013 Automated Valet Parking?<\/strong><br \/>\nAutomated Valet Parking (AVP) nab\u00edz\u00ed \u0159idi\u010d\u016fm a cestuj\u00edc\u00edm pln\u011b automatizovan\u00e9 parkov\u00e1n\u00ed bez nutnosti obsluhy.<\/p>\n<p>V ur\u010den\u00e9 z\u00f3n\u011b \u0159idi\u010d vystoup\u00ed z\u00a0vozu a automobil s\u00e1m automatizovan\u011b p\u0159evezme \u00fakony, jako je vyhled\u00e1n\u00ed parkovac\u00edho m\u00edsta, nezbytn\u00e9 man\u00e9vry pro zaparkov\u00e1n\u00ed a vyjet\u00ed a\u00a0p\u0159\u00edpadn\u011b i n\u00e1sledn\u00e9 dojet\u00ed zp\u011bt do v\u00fddejn\u00ed z\u00f3ny, kde si jej \u0159idi\u010d op\u011bt p\u0159evezme.<\/p>\n<p>Pro efektivn\u00ed vyu\u017eit\u00ed doby parkov\u00e1n\u00ed lze aplikovat i dal\u0161\u00ed slu\u017eby, jako je t\u0159eba pln\u011b automatick\u00e9 nab\u00edjen\u00ed nebo umyt\u00ed vozu. Tyto slu\u017eby p\u0159in\u00e1\u0161ej\u00ed z\u00e1kazn\u00edk\u016fm v\u00edce komfortu a bezpe\u010dnosti p\u0159i pou\u017e\u00edv\u00e1n\u00ed jejich voz\u016f.<\/p>\n<p>Podle n\u00e1vrhu p\u0159ipravovan\u00e9 normy ISO budou automatizovan\u00e1 parkovac\u00ed \u0159e\u0161en\u00ed rozd\u011blena do dvou hlavn\u00edch kategori\u00ed, a to na syst\u00e9my typu 1 a\u00a0typu\u00a02.<\/p>\n<p>U syst\u00e9mu typu 1 budou pot\u0159ebn\u00e9 technologie (v\u010detn\u011b v\u0161ech senzor\u016f, v\u00fdpo\u010detn\u00edch jednotek a algoritm\u016f) integrov\u00e1ny ve vozidle, zat\u00edmco u syst\u00e9m\u016f typu 2 bude pou\u017e\u00edvan\u00e1 technika (v\u010detn\u011b senzor\u016f a syst\u00e9mu \u0159\u00edzen\u00ed automatick\u00e9ho parkov\u00e1n\u00ed) instalov\u00e1na v p\u0159\u00edslu\u0161n\u00e9 infrastruktu\u0159e, nap\u0159. v parkovac\u00edm za\u0159\u00edzen\u00ed, vozidlo tedy bude \u0159\u00edzeno infrastrukturou.<\/p>\n<p>Partnerstv\u00ed se zam\u011b\u0159uje na oba dva typy AVP (typ 1 i typ 2). V\u00a0nov\u00fdch generac\u00edch syst\u00e9m\u016f pro automatizovan\u00e9 parkov\u00e1n\u00ed bude usilovat o\u00a0co nejpokro\u010dilej\u0161\u00ed \u0159e\u0161en\u00ed a\u017e do \u00farovn\u011b 4, kter\u00e9 bude odpov\u00eddat po\u017eadavk\u016fm trhu a\u00a0z\u00e1kazn\u00edk\u016f.<\/p>\n","protected":false},"excerpt":{"rendered":"<div class=\"mh-excerpt\"><p>BMW Group a Valeo ned\u00e1vno za\u010daly kooperovat v oblasti asisten\u010dn\u00edch syst\u00e9m\u016f, senzor\u016f a softwaru pro parkov\u00e1n\u00ed a man\u00e9vrov\u00e1n\u00ed, ur\u010den\u00fdch pro chystanou novou generaci BMW Neue <a class=\"mh-excerpt-more\" href=\"https:\/\/www.automakersnews.cz\/index.php\/2023\/02\/15\/bmw-a-valeo-vyvinou-plne-autonomni-parkovani\/\" title=\"BMW a Valeo vyvinou pln\u011b autonomn\u00ed parkov\u00e1n\u00ed\">[&#8230;]<\/a><\/p>\n<\/div>","protected":false},"author":1,"featured_media":22080,"comment_status":"open","ping_status":"open","sticky":false,"template":"","format":"standard","meta":{"footnotes":""},"categories":[43,33],"tags":[],"class_list":["post-22079","post","type-post","status-publish","format-standard","has-post-thumbnail","hentry","category-software","category-vyrobci"],"_links":{"self":[{"href":"https:\/\/www.automakersnews.cz\/index.php\/wp-json\/wp\/v2\/posts\/22079","targetHints":{"allow":["GET"]}}],"collection":[{"href":"https:\/\/www.automakersnews.cz\/index.php\/wp-json\/wp\/v2\/posts"}],"about":[{"href":"https:\/\/www.automakersnews.cz\/index.php\/wp-json\/wp\/v2\/types\/post"}],"author":[{"embeddable":true,"href":"https:\/\/www.automakersnews.cz\/index.php\/wp-json\/wp\/v2\/users\/1"}],"replies":[{"embeddable":true,"href":"https:\/\/www.automakersnews.cz\/index.php\/wp-json\/wp\/v2\/comments?post=22079"}],"version-history":[{"count":0,"href":"https:\/\/www.automakersnews.cz\/index.php\/wp-json\/wp\/v2\/posts\/22079\/revisions"}],"wp:featuredmedia":[{"embeddable":true,"href":"https:\/\/www.automakersnews.cz\/index.php\/wp-json\/wp\/v2\/media\/22080"}],"wp:attachment":[{"href":"https:\/\/www.automakersnews.cz\/index.php\/wp-json\/wp\/v2\/media?parent=22079"}],"wp:term":[{"taxonomy":"category","embeddable":true,"href":"https:\/\/www.automakersnews.cz\/index.php\/wp-json\/wp\/v2\/categories?post=22079"},{"taxonomy":"post_tag","embeddable":true,"href":"https:\/\/www.automakersnews.cz\/index.php\/wp-json\/wp\/v2\/tags?post=22079"}],"curies":[{"name":"wp","href":"https:\/\/api.w.org\/{rel}","templated":true}]}}