{"id":22117,"date":"2023-02-15T09:07:01","date_gmt":"2023-02-15T09:07:01","guid":{"rendered":"https:\/\/www.automakersnews.cz\/?p=22117"},"modified":"2023-02-17T06:42:28","modified_gmt":"2023-02-17T06:42:28","slug":"svet-motoru-jde-na-nova-action","status":"publish","type":"post","link":"https:\/\/www.automakersnews.cz\/index.php\/2023\/02\/15\/svet-motoru-jde-na-nova-action\/","title":{"rendered":"Sv\u011bt motor\u016f byl na Nova Action"},"content":{"rendered":"<p class=\"v1MsoNoSpacing\"><strong>\u010casopis Sv\u011bt motor\u016f dosud fungoval v ti\u0161t\u011bn\u00e9 podob\u011b, p\u0159\u00edpadn\u011b jako \u010dl\u00e1nky na webu. Tuto st\u0159edu startovala jeho nov\u00e1, televizn\u00ed verze. Vydavatelstv\u00ed CNC se na n\u00ed dohodlo s Nova Action.<\/strong><!--more--><\/p>\n<p class=\"v1MsoNoSpacing\">&#8222;Ve st\u0159edu 15. \u00fanora ve 20.30 m\u011bl na stanici Nova Action premi\u00e9ru zbrusu novy\u0301 motoristicky\u0301 po\u0159ad. Jmenuje se Sv\u011bt motor\u016f a p\u0159ipravuj\u00ed ho redakto\u0159i motoristick\u00e9ho newsroomu na\u0161eho medi\u00e1ln\u00edho domu Czech News Center. Byli bychom neradi, kdyby to vyzn\u011blo neskromn\u011b, ale opravdu se m\u00e1te na\u010d t\u011b\u0161it! Televizn\u00ed verze na\u0161eho \u010dasopisu bude stejn\u011b pestr\u00e1 jako ta pap\u00edrov\u00e1. Po\u0159ad vznik\u00e1 ve spolupr\u00e1ci s na\u0161\u00edm sestersky\u0301m Czech Video Centrem a ve vy\u0301robn\u00edm \u0161t\u00e1bu jsou lid\u00e9 se zku\u0161enostmi z \u0159ady \u00fasp\u011b\u0161ny\u0301ch televizn\u00edch a webovy\u0301ch po\u0159ad\u016f,&#8220; uvedlo vydavatelstv\u00ed Czech News Center.<\/p>\n<p class=\"v1MsoNoSpacing\">Obsah je v\u0161ak pln\u011b na na\u0161ich redakc\u00edch. Postupn\u011b se na obrazovk\u00e1ch setk\u00e1te s v\u011bt\u0161inou redaktor\u016f, kter\u00e9 jste zat\u00edm znali jen ze str\u00e1nek \u010dasopisu Sv\u011bt motor\u016f a z web\u016f Auto.cz a Autorevue.cz, p\u0159ipomn\u011blo CNC.<\/p>\n<p class=\"v1MsoNoSpacing\">Ka\u017edy\u0301 ty\u0301den se b\u011bhem 40 minut dozv\u00ed o novy\u0301ch i ojety\u0301ch autech, i o b\u011b\u017eny\u0301ch probl\u00e9mech n\u00e1s motorist\u016f.<\/p>\n<p class=\"v1MsoNoSpacing\">&#8222;Jako v\u017edy budeme s\u00e1zet hlavn\u011b na kvalitn\u00ed informace opravdovy\u0301ch odborn\u00edk\u016f, \u010d\u00edm\u017e se chceme odli\u0161it od dal\u0161\u00edch po\u0159ad\u016f o autech a motocyklech. I proto v\u00e1s bude prov\u00e1d\u011bt cely\u0301m po\u0159adem v roli moder\u00e1tora v\u00e1\u0161 obl\u00edbenec Martin Vacul\u00edk. V den na\u0161eho televizn\u00edho startu p\u0159ijde tak\u00e9 p\u0159edstavit novinku do Sn\u00eddan\u011b s Novou. Pokud jste rann\u00ed pt\u00e1\u010data, tak prvn\u00ed vstup m\u00e1 napl\u00e1nov\u00e1n na 6.20,&#8220; uvedl \u0161\u00e9fredaktor SM Zby\u0161ek Pechr.<\/p>\n<p class=\"v1MsoNoSpacing\">Repr\u00edzy m\u016f\u017eete na stejn\u00e9 stanici zhl\u00e9dnout v p\u00e1tek 17. \u00fanora bu\u010f hodinu a p\u016fl po p\u016flnoci, nebo r\u00e1no od 7.40.<\/p>\n<p class=\"v1MsoNoSpacing\"><strong>Co \u010dekalo\u00a0 div\u00e1ky v 1. d\u00edlu<\/strong><\/p>\n<p class=\"v1MsoNoSpacing\">Srovn\u00e1n\u00ed dvou VW Multivan od Martina Jen\u00edka, Michala Dokoupila a Martina Vacul\u00edka<\/p>\n<p class=\"v1MsoNoSpacing\">Test Mazdy CX-60 od Stanislava Kolmana<\/p>\n<p class=\"v1MsoNoSpacing\">Co n\u00e1s zaujalo v auto-motosv\u011bt\u011b roku 2023<\/p>\n<p class=\"v1MsoNoSpacing\">Jak\u00e1 je \u0160koda Kamiq coby ojetina pod drobnohledem Martina Vacul\u00edka<\/p>\n<p class=\"v1MsoNoSpacing\">Kterak funguje placat\u00e9 auto na leti\u0161ti pohledem Tom\u00e1\u0161e Hada\u010de<\/p>\n<p><img loading=\"lazy\" decoding=\"async\" class=\"alignnone size-full wp-image-22365\" src=\"http:\/\/www.automakersnews.cz\/wp-content\/uploads\/2023\/02\/SM-Nova-Action-e1676539415811.jpg\" alt=\"\" width=\"500\" height=\"190\" srcset=\"https:\/\/www.automakersnews.cz\/wp-content\/uploads\/2023\/02\/SM-Nova-Action-e1676539415811.jpg 500w, https:\/\/www.automakersnews.cz\/wp-content\/uploads\/2023\/02\/SM-Nova-Action-e1676539415811-300x114.jpg 300w\" sizes=\"auto, (max-width: 500px) 100vw, 500px\" \/><\/p>\n","protected":false},"excerpt":{"rendered":"<div class=\"mh-excerpt\"><p>\u010casopis Sv\u011bt motor\u016f dosud fungoval v ti\u0161t\u011bn\u00e9 podob\u011b, p\u0159\u00edpadn\u011b jako \u010dl\u00e1nky na webu. Tuto st\u0159edu startovala jeho nov\u00e1, televizn\u00ed verze. Vydavatelstv\u00ed CNC se na n\u00ed <a class=\"mh-excerpt-more\" href=\"https:\/\/www.automakersnews.cz\/index.php\/2023\/02\/15\/svet-motoru-jde-na-nova-action\/\" title=\"Sv\u011bt motor\u016f byl na Nova Action\">[&#8230;]<\/a><\/p>\n<\/div>","protected":false},"author":1,"featured_media":22333,"comment_status":"open","ping_status":"open","sticky":false,"template":"","format":"standard","meta":{"footnotes":""},"categories":[27],"tags":[],"class_list":["post-22117","post","type-post","status-publish","format-standard","has-post-thumbnail","hentry","category-media"],"_links":{"self":[{"href":"https:\/\/www.automakersnews.cz\/index.php\/wp-json\/wp\/v2\/posts\/22117","targetHints":{"allow":["GET"]}}],"collection":[{"href":"https:\/\/www.automakersnews.cz\/index.php\/wp-json\/wp\/v2\/posts"}],"about":[{"href":"https:\/\/www.automakersnews.cz\/index.php\/wp-json\/wp\/v2\/types\/post"}],"author":[{"embeddable":true,"href":"https:\/\/www.automakersnews.cz\/index.php\/wp-json\/wp\/v2\/users\/1"}],"replies":[{"embeddable":true,"href":"https:\/\/www.automakersnews.cz\/index.php\/wp-json\/wp\/v2\/comments?post=22117"}],"version-history":[{"count":0,"href":"https:\/\/www.automakersnews.cz\/index.php\/wp-json\/wp\/v2\/posts\/22117\/revisions"}],"wp:featuredmedia":[{"embeddable":true,"href":"https:\/\/www.automakersnews.cz\/index.php\/wp-json\/wp\/v2\/media\/22333"}],"wp:attachment":[{"href":"https:\/\/www.automakersnews.cz\/index.php\/wp-json\/wp\/v2\/media?parent=22117"}],"wp:term":[{"taxonomy":"category","embeddable":true,"href":"https:\/\/www.automakersnews.cz\/index.php\/wp-json\/wp\/v2\/categories?post=22117"},{"taxonomy":"post_tag","embeddable":true,"href":"https:\/\/www.automakersnews.cz\/index.php\/wp-json\/wp\/v2\/tags?post=22117"}],"curies":[{"name":"wp","href":"https:\/\/api.w.org\/{rel}","templated":true}]}}