{"id":22121,"date":"2023-02-15T09:03:34","date_gmt":"2023-02-15T09:03:34","guid":{"rendered":"https:\/\/www.automakersnews.cz\/?p=22121"},"modified":"2023-02-16T11:27:24","modified_gmt":"2023-02-16T11:27:24","slug":"ep-zakazal-emise-aut-od-roku-2035","status":"publish","type":"post","link":"https:\/\/www.automakersnews.cz\/index.php\/2023\/02\/15\/ep-zakazal-emise-aut-od-roku-2035\/","title":{"rendered":"Evropsk\u00fd parlament: \u017e\u00e1dn\u00e9 emise nov\u00fdch aut od 2035"},"content":{"rendered":"<p class=\"c_dj g_fk\" data-dot=\"ogm-article-perex\"><strong>Evropsk\u00fd parlament v\u00a0\u00fater\u00fd definitivn\u011b schv\u00e1lil dohodu s\u00a0\u010dlensk\u00fdmi st\u00e1ty Evropsk\u00e9 unie o\u00a0nov\u00e9 norm\u011b o\u00a0nulov\u00fdch emis\u00edch, kter\u00e1 po\u010d\u00edt\u00e1 s\u00a0t\u00edm, \u017ee od roku 2035\u00a0m\u00e1 b\u00fdt v\u00a0\u010dlensk\u00fdch zem\u00edch prakticky nemo\u017en\u00e9 si po\u0159\u00eddit nov\u00fd automobil na benzin \u010di naftu.<\/strong><!--more--><\/p>\n<div class=\"g_fl\">\n<div class=\"ogm-main-media__container\" data-dot=\"ogm-main-media\" data-e2e=\"ogm-main-media\">\n<figure class=\"e_bo\" aria-label=\"Galerie Ilustra\u010dn\u00ed foto\" data-dot=\"mol-figure\" data-dot-data=\"{&quot;mediaItemType&quot;:&quot;foto&quot;}\">\n<div class=\"c_aH e_bp\">\n<div class=\"c_aI\" tabindex=\"0\"><\/div>\n<\/div>\n<\/figure>\n<\/div>\n<\/div>\n<div class=\"ogm-container _6231b388c0086990921bf42b\">\n<div class=\"g_fr\" data-e2e=\"ogm-article-layout\">\n<article class=\"g_ft\" role=\"article\" aria-labelledby=\"accessibility-article\">\n<h6 id=\"accessibility-article\" class=\"c_aC c_aG\"><strong><span style=\"font-size: 16px;\">Hlasov\u00e1n\u00ed p\u0159edch\u00e1zela bou\u0159liv\u00e1 rozprava. Stoupenci normy v n\u00ed zd\u016fraz\u0148ovali jej\u00ed o\u010dek\u00e1van\u00fd p\u0159\u00ednos pro zdrav\u011bj\u0161\u00ed ovzdu\u0161\u00ed a rozvoj nov\u00fdch technologi\u00ed, zat\u00edmco odp\u016frci sahali i po vizi zni\u010duj\u00edc\u00edch dopad\u016f na automobilov\u00fd pr\u016fmysl, evropskou prosperitu i pen\u011b\u017eenky oby\u010dejn\u00fdch lid\u00ed.<\/span><\/strong><\/h6>\n<div class=\"g_fs\" data-dot=\"ogm-article-content\">\n<div class=\"e_dd e_dp\">\n<div class=\"e_dj\" data-dot=\"mol-paragraph\">\n<p class=\"c_dj\"><span class=\"c_dB\">\u201eZastavme \u0161\u00edlenstv\u00ed!\u201c prohl\u00e1sil o \u201ez\u00e1kazu spalovac\u00edch motor\u016f\u201c Jens Gieseke, n\u011bmeck\u00fd k\u0159es\u0165ansk\u00fd demokrat z\u00a0poslaneck\u00e9ho klubu evropsk\u00fdch lidovc\u016f. Varoval, \u017ee na v\u00fdrob\u011b spalovac\u00edch motor\u016f jen v\u00a0N\u011bmecku z\u00e1vis\u00ed 600\u00a0000\u00a0pracovn\u00edch m\u00edst, kter\u00e1 se ocitnou v\u00a0ohro\u017een\u00ed.<\/span><\/p>\n<\/div>\n<div class=\"e_dj\" data-dot=\"mol-paragraph\">\n<p class=\"c_dj\"><span class=\"c_dB\">Proti n\u00e1vrhu se v\u00a0rozprav\u011b vyslovili i\u00a0\u010de\u0161t\u00ed europoslanci z\u00a0protip\u00f3l\u016f politick\u00e9ho spektra, Kate\u0159ina Kone\u010dn\u00e1 (KS\u010cM) a\u00a0Alexandr Vondra (ODS).<\/span><\/p>\n<\/div>\n<div class=\"e_eL js-ad e_aY\">\n<div class=\"e_dV\"><\/div>\n<div class=\"c_d c_h c_l e_dY e_dZ b_c\">\u201eKlimatick\u00fd bal\u00ed\u010dek je spravedliv\u00fd. Od roku 2035 bude mo\u017en\u00e9 prod\u00e1vat pouze auta s nulov\u00fdmi emisemi. Bude to dobr\u00e9 i pro trh,\u201c uvedla jm\u00e9nem evropsk\u00fdch socialist\u016f Sara Cerdasov\u00e1 z Portugalska. Dodala, \u017ee je d\u016fle\u017eit\u00e9 investovat do nov\u00fdch \u010dist\u00fdch technologi\u00ed. Argumentovala i vlivem emis\u00ed na \u00famrtnost, p\u0159i\u010dem\u017e pr\u00e1v\u011b doprava odpov\u00edd\u00e1 za \u010dtvrtinu emis\u00ed v Evrop\u011b. \u201eVytvo\u0159\u00edme p\u0159\u00edklad pro cel\u00fd sv\u011bt,\u201c prohl\u00e1sila.<\/div>\n<\/div>\n<div class=\"e_dj\" data-dot=\"mol-paragraph\">\n<p class=\"c_dj\"><span class=\"c_dB\">Dohodu, vyjednanou v\u00a0z\u00e1v\u011bru \u010desk\u00e9ho p\u0159edsednictv\u00ed na konci lo\u0148sk\u00e9ho roku, m\u00e1 je\u0161t\u011b form\u00e1ln\u011b schv\u00e1lit Rada EU, zastupuj\u00edc\u00ed \u010dlensk\u00e9 st\u00e1ty EU.<\/span><\/p>\n<p><strong>Zdroj: Novinky.cz<\/strong><\/p>\n<p><img loading=\"lazy\" decoding=\"async\" class=\"alignnone size-large wp-image-339\" src=\"http:\/\/www.automakersnews.cz\/wp-content\/uploads\/2022\/08\/Amazon-Nabijeci-stanice-pro-elektrokola-768x1024.jpg\" alt=\"\" width=\"768\" height=\"1024\" \/><\/p>\n<\/div>\n<\/div>\n<\/div>\n<\/article>\n<\/div>\n<\/div>\n","protected":false},"excerpt":{"rendered":"<div class=\"mh-excerpt\"><p>Evropsk\u00fd parlament v\u00a0\u00fater\u00fd definitivn\u011b schv\u00e1lil dohodu s\u00a0\u010dlensk\u00fdmi st\u00e1ty Evropsk\u00e9 unie o\u00a0nov\u00e9 norm\u011b o\u00a0nulov\u00fdch emis\u00edch, kter\u00e1 po\u010d\u00edt\u00e1 s\u00a0t\u00edm, \u017ee od roku 2035\u00a0m\u00e1 b\u00fdt v\u00a0\u010dlensk\u00fdch zem\u00edch prakticky <a class=\"mh-excerpt-more\" href=\"https:\/\/www.automakersnews.cz\/index.php\/2023\/02\/15\/ep-zakazal-emise-aut-od-roku-2035\/\" title=\"Evropsk\u00fd parlament: \u017e\u00e1dn\u00e9 emise nov\u00fdch aut od 2035\">[&#8230;]<\/a><\/p>\n<\/div>","protected":false},"author":1,"featured_media":715,"comment_status":"open","ping_status":"open","sticky":false,"template":"","format":"standard","meta":{"footnotes":""},"categories":[21],"tags":[],"class_list":["post-22121","post","type-post","status-publish","format-standard","has-post-thumbnail","hentry","category-legislativa"],"_links":{"self":[{"href":"https:\/\/www.automakersnews.cz\/index.php\/wp-json\/wp\/v2\/posts\/22121","targetHints":{"allow":["GET"]}}],"collection":[{"href":"https:\/\/www.automakersnews.cz\/index.php\/wp-json\/wp\/v2\/posts"}],"about":[{"href":"https:\/\/www.automakersnews.cz\/index.php\/wp-json\/wp\/v2\/types\/post"}],"author":[{"embeddable":true,"href":"https:\/\/www.automakersnews.cz\/index.php\/wp-json\/wp\/v2\/users\/1"}],"replies":[{"embeddable":true,"href":"https:\/\/www.automakersnews.cz\/index.php\/wp-json\/wp\/v2\/comments?post=22121"}],"version-history":[{"count":0,"href":"https:\/\/www.automakersnews.cz\/index.php\/wp-json\/wp\/v2\/posts\/22121\/revisions"}],"wp:featuredmedia":[{"embeddable":true,"href":"https:\/\/www.automakersnews.cz\/index.php\/wp-json\/wp\/v2\/media\/715"}],"wp:attachment":[{"href":"https:\/\/www.automakersnews.cz\/index.php\/wp-json\/wp\/v2\/media?parent=22121"}],"wp:term":[{"taxonomy":"category","embeddable":true,"href":"https:\/\/www.automakersnews.cz\/index.php\/wp-json\/wp\/v2\/categories?post=22121"},{"taxonomy":"post_tag","embeddable":true,"href":"https:\/\/www.automakersnews.cz\/index.php\/wp-json\/wp\/v2\/tags?post=22121"}],"curies":[{"name":"wp","href":"https:\/\/api.w.org\/{rel}","templated":true}]}}