{"id":22153,"date":"2023-02-16T09:02:06","date_gmt":"2023-02-16T09:02:06","guid":{"rendered":"https:\/\/www.automakersnews.cz\/?p=22153"},"modified":"2023-02-16T09:02:06","modified_gmt":"2023-02-16T09:02:06","slug":"komentar-zeleni-ideologove-sahaji-po-goebbelsovskych-lzich","status":"publish","type":"post","link":"https:\/\/www.automakersnews.cz\/index.php\/2023\/02\/16\/komentar-zeleni-ideologove-sahaji-po-goebbelsovskych-lzich\/","title":{"rendered":"Koment\u00e1\u0159: Zelen\u00ed ideologov\u00e9 sahaj\u00ed po goebbelsovsk\u00fdch l\u017e\u00edch"},"content":{"rendered":"<div class=\"opener\"><strong>Nervozita stoupenc\u016f zelen\u00e9 ideologie a v\u0161eplanet\u00e1rn\u00edho stra\u0161en\u00ed p\u0159eh\u0159\u00e1t\u00edm Zem\u011b je na pozad\u00ed energetick\u00e9 a s n\u00ed spojen\u00e9 ekonomick\u00e9 a soci\u00e1ln\u00ed krize vede dokonce k \u0161\u00ed\u0159en\u00ed nechutn\u00fdch l\u017e\u00ed.<\/strong><\/div>\n<p><!--more--><\/p>\n<div id=\"art-text\" class=\"text\">\n<p>N\u00e1\u0161 vysp\u011bl\u00fd z\u00e1padn\u00ed sv\u011bt se ocitl pod st\u00e1le v\u011bt\u0161\u00edm vlivem nik\u00fdm nevolen\u00fdch n\u00e1tlakov\u00fdch organizac\u00ed, kter\u00e9 se sv\u00fdm pochybn\u00fdm financov\u00e1n\u00edm vyd\u00edraj\u00ed sv\u011bt ve prosp\u011bch zelen\u00e9 ideologie. Jejich agitace a propaganda dosahuje na pozad\u00ed sou\u010dasn\u00e9 energetick\u00e9 a s n\u00ed spojen\u00e9 rostouc\u00ed ekonomick\u00e9 a soci\u00e1ln\u00ed krize neust\u00e1le nov\u00fdch vrchol\u016f. Nev\u00e1haj\u00ed p\u0159itom s\u00e1hnout k manipulac\u00edm a l\u017e\u00edm, za n\u011b\u017e by se z\u0159ejm\u011b nestyd\u011bl ani \u0161\u00e9f nacistick\u00e9 propagandy Gooebbels. Nejnov\u011bj\u0161\u00edm dokladem je vystoupen\u00ed \u0161\u00e9fky \u010desk\u00e9ho Hnut\u00ed Duha Anny K\u00e1rn\u00edkov\u00e9 v \u010cesk\u00e9m rozhlase.<\/p>\n<p>K\u00e1rn\u00edkov\u00e1 v \u010cesk\u00e9 rozhlase na jej\u00ed stanici<a href=\"https:\/\/www.irozhlas.cz\/komentare\/prezident-klimaticka-krize-petr-pavel-ocekavani-komentar-karnikova_2302140629_kac\" rel=\"nofollow\">\u00a0Radio Wave zve\u0159ejnila sv\u016fj koment\u00e1\u0159<\/a>, v n\u011bm\u017e jasn\u011b douf\u00e1, \u017ee nov\u011b zvolen\u00fd prezident Petr Pavel na rozd\u00edl od kon\u010d\u00edc\u00ed hlavy st\u00e1tu Milo\u0161e Zemana u\u017e nebude kritizovat ideologii Green Deal.<\/p>\n<p>Neztr\u00e1cejme \u010das p\u0159evypr\u00e1v\u011bn\u00edm obsahu slov \u0161\u00e9fky Hnut\u00ed Duha jako jedn\u00e9 z nejv\u00fdznamn\u011bj\u0161\u00edch n\u00e1tlakov\u00fdch zelen\u00fdch skupin, je\u017e si osobuj\u00ed pr\u00e1vo nejen komentovat ve\u0161ker\u00e9 d\u011bn\u00ed \u010cesku, ale p\u0159ipojovat se k soudn\u00edm atak\u016fm na cokoli, co nezapad\u00e1 do jejich zelen\u011b zkreslen\u00e9ho vid\u011bn\u00ed sv\u011bta. Pro charakteristiku koment\u00e1\u0159e pan\u00ed K\u00e1rn\u00edkov\u00e9 sta\u010d\u00ed jedin\u00e1 citace, \u017ee Green Deal\u00a0<strong>&#8222;dnes je obrann\u00fdm valem proti n\u00e1r\u016fstu cen energi\u00ed&#8220;.<\/strong><\/p>\n<p>Nic nen\u00ed tak vzd\u00e1leno pravd\u011b, jak tato le\u017e z \u00fast \u0161\u00e9fky Hnut\u00ed Duha. Ob\u010dan\u00e9 \u010cesk\u00e9 republiky jsou stejn\u011b jako v\u011bt\u0161ina obyvatel zem\u00ed Evropsk\u00e9 unie u\u017e po\u010d\u00ednaje rokem 2021 ob\u011bt\u00ed prudk\u00e9ho r\u016fstu cen energie, kter\u00fd \u010dinil a\u017e 15n\u00e1sobek norm\u00e1lu z roku 2020 a dlouh\u00e1 l\u00e9ta p\u0159ed n\u00edm.<\/p>\n<p>V\u00fdsledkem t\u00e9to krize je, \u017ee v\u011bt\u0161ina zem\u00ed EU s\u00e1hla po n\u011bjak\u00e9 form\u011b pomoci p\u0159i sn\u00ed\u017een\u00ed cen energie, je\u017e devastuj\u00ed rozpo\u010dty dom\u00e1cnost\u00ed a hospoda\u0159en\u00ed podnik\u016f. P\u0159ipome\u0148me, \u017ee vl\u00e1da \u010cR bude cenu energie v tomto roce dotovat celkem asi 300 miliardami korun, jimi\u017e zastropuje nap\u0159. cenu elekt\u0159iny spolu s regulovan\u00fdmi slo\u017ekami na v\u00edce ne\u017e 9 korun\u00e1ch.<\/p>\n<p>V t\u00e9to dotaci jsou sou\u010dasn\u011b prost\u0159edky, je\u017e z\u00edskaj\u00ed obchodn\u00edci s energi\u00ed, kdy\u017e prok\u00e1\u017e\u00ed, \u017ee na zastropovan\u00fdch cen\u00e1ch pro ob\u010dany a firmy prod\u011blali. I bohat\u00e9 N\u011bmecko na zastropov\u00e1n\u00ed a p\u0159\u00edmou dotaci cen elekt\u0159iny a plynu v\u011bnuje letos a a\u017e do dubna 2024 celkem 295 miliard eur, s p\u0159epo\u010dtem 7,2 bilionu korun asi t\u0159ikr\u00e1t v\u00edce ne\u017e co do po\u010dtu obyvatel osmkr\u00e1t men\u0161\u00ed \u010cesko. Ceny energie a \u0159e\u0161en\u00ed n\u00e1sledk\u016f m\u00edsto p\u0159\u00ed\u010din tohoto krizov\u00e9ho v\u00fdvoje energetiky jsou tak kl\u00ed\u010dov\u00fdm hybatelem inflace, je\u017e nyn\u00ed devastuje mzdy, d\u016fchody a \u00faspory \u010cech\u016f.<\/p>\n<p>Co ale zavinilo sou\u010dasnou energetickou krizi, kter\u00e1 zp\u016fsobuje \u010desk\u00fdm ob\u010dan\u016fm mdloby a tuzemsk\u00e9 podnikatele vede k \u00favah\u00e1m o ukon\u010den\u00ed podnik\u00e1n\u00ed nebo v nejlep\u0161\u00edm p\u0159\u00edpad\u011b o p\u0159esunu sv\u00fdch firem do Asie \u010di USA s desetinov\u00fdmi n\u00e1klady na energie? Nebyla to Putinova v\u00e1lka proti Ukrajin\u011b, to je v\u00edtan\u00e1 z\u00e1minka.<\/p>\n<p>Byla to a je pr\u00e1v\u011b realizace eurounijn\u00ed ideologie Green Deal (Zelen\u00fd \u00fad\u011bl), kter\u00e1 mj. slep\u011b s\u00e1z\u00ed na st\u00e1le masivn\u011bj\u0161\u00ed nasazen\u00ed ob\u010dasn\u00fdch zdroj\u016f energie (OZE) s dominanc\u00ed sol\u00e1rn\u00edch (FVE) a v\u011btrn\u00fdch (VTE) zdroj\u016f. Proto\u017ee tyto masivn\u011b dotovan\u00e9 zdroje funguj\u00ed jen v trpn\u00e9 v z\u00e1vislosti na slune\u010dn\u00edm svitu a pov\u011btrnostn\u00edch podm\u00ednk\u00e1ch, mus\u00ed se k nim v dob\u011b v\u00fdpadk\u016f produkce (u sol\u00e1r\u016f v 90 % z po\u010dtu 8760 hodin v roce a u v\u011btrn\u00edk\u016f asi v 80 % z ro\u010dn\u00edho \u010dasu) nasazovat \u201ez\u00e1lo\u017en\u00ed, rezervn\u00ed\u201c zdroje nyn\u00ed v uhl\u00ed, do budoucna jen z plynu. Tento koncept spol\u00e9haj\u00edc\u00ed hlavn\u011b v N\u011bmecku na levn\u00e9m rusk\u00e9m plynu se po rusk\u00e9 agresi proti Ukrajin\u011b zhroutil.<\/p>\n<p>Proto musely zem\u011b EU od roku 2021 s\u00e1hnout po st\u00e1le v\u011bt\u0161\u00ed t\u011b\u017eb\u011b a spot\u0159eb\u011b uhl\u00ed, p\u0159i\u010dem\u017e v \u010cesku se spot\u0159eba t\u00e9to zelen\u00fdmi ideology nen\u00e1vid\u011bn\u00e9 \u0161pinav\u00e9 emisn\u00ed komodity za lo\u0148sk\u00fdch dev\u011bt statisticky zn\u00e1m\u00fdch m\u011bs\u00edc\u016f zv\u00fd\u0161ila o 20 %. Ov\u0161em uhl\u00ed je nejv\u00edce zat\u00ed\u017eeno emisn\u00edmi povolenkami, jejich\u017e objem v EU loni dos\u00e1hl 750 miliard eur, tedy v p\u0159epo\u010dtu p\u0159es 18 bilion\u016f korun (na \u201ezbytek\u201c sv\u011bta p\u0159ipadaj\u00ed povolenky v objemu 100 miliard eur). P\u0159ipome\u0148me si, \u017ee povolenky prom\u00edtnut\u00e9 do ceny energie a produkt\u016f t\u011b\u017ek\u00e9ho pr\u016fmyslu jsou odv\u00e1d\u011bny do pokladny Evropsk\u00e9 komise, kter\u00e1 z nich pak p\u0159erozd\u011bluje \u201ezelen\u00e9 dotace\u201c podvolen\u00fdm \u010dlensk\u00fdm st\u00e1t\u016fm. Dokonal\u00fd p\u0159\u00edklad pro nefunk\u010dn\u00ed a ekonomicky zni\u010duj\u00edc\u00ed perpetuum mobile.<\/p>\n<p>Z lo\u0148sk\u00fdch 8 miliard tun uhl\u00ed vyt\u011b\u017een\u00fdch a spot\u0159ebovan\u00fdch ve sv\u011bt\u011b (meziro\u010dn\u011b plus 1,2 %) dle zpr\u00e1vy Mezin\u00e1rodn\u00ed agentury pro energii spot\u0159ebovala polovinu \u010c\u00edna, na \u201ebedn\u011b\u201c ve spot\u0159eb\u011b uhl\u00ed jsou d\u00e1le Indie a Indon\u00e9sie. \u010c\u00edna do roku 2024 zprovozn\u00ed v uhl\u00ed nov\u00e9 elektr\u00e1rny s v\u00fdkonem 247 GW a tento r\u016fst emis\u00ed pro planetu spolehliv\u011b p\u0159ekro\u010d\u00ed odstavov\u00e1n\u00ed jak\u00e9hokoli mno\u017estv\u00ed uheln\u00fdch elektr\u00e1ren na Z\u00e1pad\u011b. Snaha N\u011bmecka a po jeho vzoru o\u010dividn\u011b i \u010ceska (p\u0159i platn\u00e9 strategii \u010cEZ s odstavov\u00e1n\u00edm uheln\u00fdch zdroj\u016f, je\u017e \u010cesko dovede u\u017e za dva roku k z\u00e1vislosti na dovozu tak\u00e9 elekt\u0159iny) pou\u017e\u00edt jako rezervn\u00ed zdroje paroplynov\u00e9 elektr\u00e1rny je o to absurdn\u011bj\u0161\u00ed, \u017ee plyn v podob\u011b LNG a jeho energeticky n\u00e1ro\u010dn\u00e9ho stla\u010den\u00ed a zchlazen\u00ed na m\u00ednus 162 \u00b0C a dopraven\u00e9ho p\u0159es oce\u00e1n do EU je pro planetu stejn\u011b emisn\u00ed jako uhl\u00ed spalovan\u00e9 v m\u00edst\u011b t\u011b\u017eby. Plynov\u00e1 lobby m\u00e1 ale velk\u00e9 p\u00e1ky.<\/p>\n<p>Tyto z\u00e1lo\u017en\u00ed zdroje jsou spojen\u00e9 s kapacitn\u00edmi platbami, je\u017e si u\u017e dojednalo v Bruselu pro sv\u00e9 uheln\u00e9 a plynov\u00e9 zdroje N\u011bmecko. \u010cesko zat\u00edm nem\u00e1 dojedn\u00e1no nic. Provozovatel\u00e9 kapacitn\u00edch zdroj\u016f maj\u00ed v podstat\u011b st\u00e1tn\u00ed z\u00e1ruku, \u017ee i za omezen\u00fd provoz sv\u00fdch elektr\u00e1ren dopl\u0148uj\u00edc\u00ed nestabiln\u00ed produkce OZE dostanou plnohodnotnou n\u00e1hradu je\u0161t\u011b zv\u00fd\u0161enou o kompenzaci za technicky v\u011bt\u0161\u00ed z\u00e1t\u011b\u017e p\u0159eru\u0161ovan\u00e9 \u010dinnosti technick\u00e9ho za\u0159\u00edzen\u00ed, hlavn\u011b turb\u00edn. Vedle dotovan\u00fdch OZE zaplat\u00ed spot\u0159ebitel\u00e9 v cen\u011b energie i zdroje v kapacitn\u00ed z\u00e1loze.<\/p>\n<p>\u010cesko nav\u00edc \u010dek\u00e1 dle p\u0159\u00edkladu N\u011bmecka dal\u0161\u00ed r\u016fst ceny elekt\u0159iny. Nyn\u00ed je u\u017e v \u010desk\u00e9 elektroenergetick\u00e9 s\u00edti p\u0159ipojena kapacita sol\u00e1rn\u00edch zdroj\u016f s instalovan\u00fdm v\u00fdkonem 2,8 GW a podle \u010cEZ Distribuce je pod smlouvou o p\u0159ipojen\u00ed v \u010cR p\u0159ipravena dal\u0161\u00ed ob\u0159\u00ed kapacita 12 GW. Jak\u00e9 bude ale p\u0159ekvapen\u00ed nemal\u00e9 \u010d\u00e1sti vlastn\u00edk\u016f t\u011bchto FVE, \u017ee jejich sol\u00e1ry nebudou moci p\u0159ipojeny k s\u00edti, dokud se do n\u00ed neinvestuj\u00ed stamiliardy korun. To na zhruba ka\u017ed\u00fdch 60 miliard korun investic bude znamenat zdra\u017een\u00ed 1 kWh o korunu pro v\u0161echny spot\u0159ebitele, tak\u017ee \u00faspory ve spot\u0159eb\u011b elekt\u0159iny majetn\u00fdch vlastn\u00edk\u016f FVE zaplat\u00ed samoz\u0159ejm\u011b v\u0161ichni ostatn\u00ed. Za statisticky zn\u00e1m\u00fdch prvn\u00edch dev\u011bt m\u011bs\u00edc\u016f roku 2022 dodaly OZE margin\u00e1ln\u00edch 3,7 % v\u00fdroby elekt\u0159iny v \u010cR.<\/p>\n<p>Asi ch\u00e1peme, pro\u010d pro \u0161\u00ed\u0159en\u00ed sv\u00e9 ideologie \u201esv\u011btl\u00fdch zelen\u00fdch z\u00edt\u0159k\u016f\u201c nev\u00e1h\u00e1 \u0161\u00e9fka Hnut\u00ed Duha s\u00e1hnout po l\u017ei, \u017ee Green Deal, jako prokazateln\u00fd vin\u00edk prudk\u00e9ho zchudnut\u00ed obyvatel \u010cR a destabilizace pr\u016fmyslu je v jej\u00ed interpretaci ozna\u010den za \u201eobrann\u00fd val\u201c proti zni\u010duj\u00edc\u00ed vln\u011b zdra\u017eov\u00e1n\u00ed energie. Ale m\u016f\u017ee \u010cesk\u00fd rozhlas jako ve\u0159ejnopr\u00e1vn\u00ed m\u00e9dium, kter\u00e9 m\u00e1 ob\u010dan\u016fm p\u0159ed\u00e1vat objektivn\u00ed a vyv\u00e1\u017een\u00e9 informace, \u0161\u00ed\u0159it takov\u00e9to gobbelsovsk\u00e9 l\u017ei? Nebo m\u00e1 pan\u00ed K\u00e1rn\u00edkov\u00e1 ve sv\u00e9m koment\u00e1\u0159i pravdu v tom, \u017ee ve\u0161ker\u00e1 mainstreamov\u00e1 m\u00e9dia v \u010cR se u\u017e podvolila propagov\u00e1n\u00ed ideologie Green Deal? Nen\u00ed to n\u00e1m\u011bt pro nov\u00fd st\u00e1tn\u00ed \u00fa\u0159ad pro boj s dezinformacemi?<\/p>\n<p>O to v\u011bt\u0161\u00ed a siln\u011bj\u0161\u00ed bude brzk\u00e9 proz\u0159en\u00ed a rozho\u0159\u010den\u00ed ob\u010dan\u016f i cel\u00e9 spole\u010dnosti, jej\u00ed\u017e energetika vinou slep\u00e9 s\u00e1zky na nestabiln\u00ed a v kone\u010dn\u00e9m \u00fa\u010dtu ne\u00fanosn\u011b drah\u00e9 zdroje energie povede ke zhroucen\u00ed ekonomiky a spole\u010dnosti. V \u010cesku tento probl\u00e9m vyh\u0159ezne je\u0161t\u011b v\u00edce v roce 2025, a\u017e se stane zem\u011b z\u00e1vislou vedle dovozu plyny a ropy tak\u00e9 na importu elekt\u0159iny. Odkud a za kolik, to se ka\u017ed\u00fd ob\u010dan \u010cR m\u016f\u017ee opr\u00e1vn\u011bn\u011b ob\u00e1vat u\u017e nyn\u00ed.<\/p>\n<p>Pr\u00e1v\u011b proto cht\u011bjme v\u011b\u0159it, \u017ee na rozd\u00edl od douf\u00e1n\u00ed \u0161\u00e9fky Hnut\u00ed Duha v \u201ezelenou\u201c hlavu st\u00e1tu se nov\u011b zvolen\u00fd prezident republiky Petr Pavel bude cht\u00edt se sv\u00fdm expertn\u00edm t\u00fdmem st\u0159\u00edzliv\u011b a v\u011bcn\u011b, bez ideologick\u00fdch n\u00e1nos\u016f, v interakci s vl\u00e1dou a parlamentem zab\u00fdvat skute\u010dn\u00fdmi probl\u00e9my obyvatel zem\u011b. Energetick\u00e1 krize a jej\u00ed \u0159e\u0161en\u00ed je bez jak\u00fdchkoli pochybnost\u00ed nejv\u011bt\u0161\u00ed vnitropolitick\u00fd probl\u00e9m \u010ceska, proto\u017ee se siln\u011b propisuje do dal\u0161\u00edch probl\u00e9m\u016f \u010desk\u00fdch dom\u00e1cnost\u00ed a ekonomiky.<\/p>\n<\/div>\n<p>Zdroj:\u00a0<a href=\"https:\/\/smutny.blog.idnes.cz\/blog.aspx?c=798127\">https:\/\/smutny.blog.idnes.cz\/blog.aspx?c=798127<\/a><\/p>\n","protected":false},"excerpt":{"rendered":"<div class=\"mh-excerpt\"><p>Nervozita stoupenc\u016f zelen\u00e9 ideologie a v\u0161eplanet\u00e1rn\u00edho stra\u0161en\u00ed p\u0159eh\u0159\u00e1t\u00edm Zem\u011b je na pozad\u00ed energetick\u00e9 a s n\u00ed spojen\u00e9 ekonomick\u00e9 a soci\u00e1ln\u00ed krize vede dokonce k \u0161\u00ed\u0159en\u00ed <a class=\"mh-excerpt-more\" href=\"https:\/\/www.automakersnews.cz\/index.php\/2023\/02\/16\/komentar-zeleni-ideologove-sahaji-po-goebbelsovskych-lzich\/\" title=\"Koment\u00e1\u0159: Zelen\u00ed ideologov\u00e9 sahaj\u00ed po goebbelsovsk\u00fdch l\u017e\u00edch\">[&#8230;]<\/a><\/p>\n<\/div>","protected":false},"author":1,"featured_media":1137,"comment_status":"open","ping_status":"open","sticky":false,"template":"","format":"standard","meta":{"footnotes":""},"categories":[6,45],"tags":[],"class_list":["post-22153","post","type-post","status-publish","format-standard","has-post-thumbnail","hentry","category-analyza","category-komentar"],"_links":{"self":[{"href":"https:\/\/www.automakersnews.cz\/index.php\/wp-json\/wp\/v2\/posts\/22153","targetHints":{"allow":["GET"]}}],"collection":[{"href":"https:\/\/www.automakersnews.cz\/index.php\/wp-json\/wp\/v2\/posts"}],"about":[{"href":"https:\/\/www.automakersnews.cz\/index.php\/wp-json\/wp\/v2\/types\/post"}],"author":[{"embeddable":true,"href":"https:\/\/www.automakersnews.cz\/index.php\/wp-json\/wp\/v2\/users\/1"}],"replies":[{"embeddable":true,"href":"https:\/\/www.automakersnews.cz\/index.php\/wp-json\/wp\/v2\/comments?post=22153"}],"version-history":[{"count":0,"href":"https:\/\/www.automakersnews.cz\/index.php\/wp-json\/wp\/v2\/posts\/22153\/revisions"}],"wp:featuredmedia":[{"embeddable":true,"href":"https:\/\/www.automakersnews.cz\/index.php\/wp-json\/wp\/v2\/media\/1137"}],"wp:attachment":[{"href":"https:\/\/www.automakersnews.cz\/index.php\/wp-json\/wp\/v2\/media?parent=22153"}],"wp:term":[{"taxonomy":"category","embeddable":true,"href":"https:\/\/www.automakersnews.cz\/index.php\/wp-json\/wp\/v2\/categories?post=22153"},{"taxonomy":"post_tag","embeddable":true,"href":"https:\/\/www.automakersnews.cz\/index.php\/wp-json\/wp\/v2\/tags?post=22153"}],"curies":[{"name":"wp","href":"https:\/\/api.w.org\/{rel}","templated":true}]}}