{"id":22374,"date":"2023-02-16T10:52:43","date_gmt":"2023-02-16T10:52:43","guid":{"rendered":"https:\/\/www.automakersnews.cz\/?p=22374"},"modified":"2023-02-16T10:52:43","modified_gmt":"2023-02-16T10:52:43","slug":"renault-cr-meni-sefa-marketingu","status":"publish","type":"post","link":"https:\/\/www.automakersnews.cz\/index.php\/2023\/02\/16\/renault-cr-meni-sefa-marketingu\/","title":{"rendered":"Renault \u010cR m\u011bn\u00ed \u0161\u00e9fa marketingu"},"content":{"rendered":"<p><strong>Dosavadn\u00ed \u0161\u00e9f marketingu zna\u010dek Renault \/ Dacia \/ Alpine pro \u010ceskou a Slovensko Radek Mal\u00fd ode\u0161el z firmy za jin\u00fdmi v\u00fdzvami do jin\u00e9ho oboru i m\u011bsta. Kdo ho nahrad\u00ed?<\/strong><!--more--><\/p>\n<p>Na pozici market\u00e9ra se vyhoupl Jon\u00e1\u0161 Kone\u010dn\u00fd, kter\u00fd\u00a0 je ve firm\u011b v\u00edce ne\u017e deset let, b\u011bhem kter\u00fdch vyst\u0159\u00eddal n\u011bkolik pozic.<\/p>\n<p>Za\u010d\u00ednal na marketingu, kde m\u011bl zejm\u00e9na na starosti zna\u010dku Dacia, pot\u00e9 \u0159\u00eddil odd\u011blen\u00ed distribuce nov\u00fdch voz\u016f a na marketing se op\u011bt vr\u00e1til z pozice, kterou vykon\u00e1val n\u011bkolik let, z pozice z\u00f3nov\u00e9ho mana\u017eera dealersk\u00e9 s\u00edt\u011b.<\/p>\n","protected":false},"excerpt":{"rendered":"<div class=\"mh-excerpt\"><p>Dosavadn\u00ed \u0161\u00e9f marketingu zna\u010dek Renault \/ Dacia \/ Alpine pro \u010ceskou a Slovensko Radek Mal\u00fd ode\u0161el z firmy za jin\u00fdmi v\u00fdzvami do jin\u00e9ho oboru i <a class=\"mh-excerpt-more\" href=\"https:\/\/www.automakersnews.cz\/index.php\/2023\/02\/16\/renault-cr-meni-sefa-marketingu\/\" title=\"Renault \u010cR m\u011bn\u00ed \u0161\u00e9fa marketingu\">[&#8230;]<\/a><\/p>\n<\/div>","protected":false},"author":1,"featured_media":22403,"comment_status":"open","ping_status":"open","sticky":false,"template":"","format":"standard","meta":{"footnotes":""},"categories":[30,3],"tags":[],"class_list":["post-22374","post","type-post","status-publish","format-standard","has-post-thumbnail","hentry","category-marketing","category-personalie"],"_links":{"self":[{"href":"https:\/\/www.automakersnews.cz\/index.php\/wp-json\/wp\/v2\/posts\/22374","targetHints":{"allow":["GET"]}}],"collection":[{"href":"https:\/\/www.automakersnews.cz\/index.php\/wp-json\/wp\/v2\/posts"}],"about":[{"href":"https:\/\/www.automakersnews.cz\/index.php\/wp-json\/wp\/v2\/types\/post"}],"author":[{"embeddable":true,"href":"https:\/\/www.automakersnews.cz\/index.php\/wp-json\/wp\/v2\/users\/1"}],"replies":[{"embeddable":true,"href":"https:\/\/www.automakersnews.cz\/index.php\/wp-json\/wp\/v2\/comments?post=22374"}],"version-history":[{"count":0,"href":"https:\/\/www.automakersnews.cz\/index.php\/wp-json\/wp\/v2\/posts\/22374\/revisions"}],"wp:featuredmedia":[{"embeddable":true,"href":"https:\/\/www.automakersnews.cz\/index.php\/wp-json\/wp\/v2\/media\/22403"}],"wp:attachment":[{"href":"https:\/\/www.automakersnews.cz\/index.php\/wp-json\/wp\/v2\/media?parent=22374"}],"wp:term":[{"taxonomy":"category","embeddable":true,"href":"https:\/\/www.automakersnews.cz\/index.php\/wp-json\/wp\/v2\/categories?post=22374"},{"taxonomy":"post_tag","embeddable":true,"href":"https:\/\/www.automakersnews.cz\/index.php\/wp-json\/wp\/v2\/tags?post=22374"}],"curies":[{"name":"wp","href":"https:\/\/api.w.org\/{rel}","templated":true}]}}