{"id":22406,"date":"2023-02-16T11:06:54","date_gmt":"2023-02-16T11:06:54","guid":{"rendered":"https:\/\/www.automakersnews.cz\/?p=22406"},"modified":"2023-02-16T11:25:54","modified_gmt":"2023-02-16T11:25:54","slug":"sef-renaultu-cr-grunt-bilancoval-v-truhlarne","status":"publish","type":"post","link":"https:\/\/www.automakersnews.cz\/index.php\/2023\/02\/16\/sef-renaultu-cr-grunt-bilancoval-v-truhlarne\/","title":{"rendered":"\u0160\u00e9f Renaultu Grunt bilancoval v Truhl\u00e1rn\u011b"},"content":{"rendered":"<p><strong>\u0160\u00e9f Renaultu \u010cR Zden\u011bk Grunt svolal 15. \u00fanora v\u00fdro\u010dn\u00ed tiskovou konferenci importu do Karl\u00ednsk\u00e9 Truhl\u00e1rny. Zhodnotil lo\u0148sk\u00fd rok ve sv\u011bt\u011b i v \u010cesku, hovo\u0159il o pl\u00e1nech pro 2023 a p\u0159edstavil nov\u00e9ho \u0161\u00e9fa marketingu.<\/strong><!--more--><\/p>\n<p>Skupina Renault (t\u00e9\u017e zna\u010dky Dacia a Alpine) loni v \u010cR registrovala 15 876 aut loni, co\u017e znamenalo meziro\u010dn\u00ed p\u0159\u00edr\u016fstek 2 procenta. Osobn\u00ed vozy z toho \u010dinily 13 035 kus\u016f (plus 6,4 procenta meziro\u010dn\u011b). U\u017eitkov\u00e9 se pod\u00edlely 2827\u00a0 kusy (plus 6,3 %).<\/p>\n<p>Prodali bychom v\u00edce aut, ale nemohli jsme dodat v\u00edce kv\u016fli omezen\u00edm ve v\u00fdrob\u011b, post\u011b\u017eoval si Grunt s t\u00edm, \u017ee jeho zna\u010dky byly \u00fasp\u011b\u0161n\u00e9 zejm\u00e9na v prodej\u00edch priv\u00e1tn\u00edm z\u00e1kazn\u00edk\u016fm.<\/p>\n<p><img loading=\"lazy\" decoding=\"async\" class=\"alignnone size-large wp-image-22417\" src=\"http:\/\/www.automakersnews.cz\/wp-content\/uploads\/2023\/02\/Dacia-TK-Duster-TOP-3-1024x653.jpg\" alt=\"\" width=\"1024\" height=\"653\" srcset=\"https:\/\/www.automakersnews.cz\/wp-content\/uploads\/2023\/02\/Dacia-TK-Duster-TOP-3-1024x653.jpg 1024w, https:\/\/www.automakersnews.cz\/wp-content\/uploads\/2023\/02\/Dacia-TK-Duster-TOP-3-300x191.jpg 300w, https:\/\/www.automakersnews.cz\/wp-content\/uploads\/2023\/02\/Dacia-TK-Duster-TOP-3-768x490.jpg 768w, https:\/\/www.automakersnews.cz\/wp-content\/uploads\/2023\/02\/Dacia-TK-Duster-TOP-3-1536x979.jpg 1536w, https:\/\/www.automakersnews.cz\/wp-content\/uploads\/2023\/02\/Dacia-TK-Duster-TOP-3-2048x1305.jpg 2048w\" sizes=\"auto, (max-width: 1024px) 100vw, 1024px\" \/><\/p>\n<p>\u0158ada model\u016f automobilky se vyhoupla v t\u00e9to oblasti do TOP 2-4 nejprod\u00e1van\u011bj\u0161\u00edch model\u016f ve sv\u00e9m segmentu. To se t\u00fdk\u00e1 Renaultu i hojn\u011b prod\u00e1van\u00fdch daci\u00ed,\u00a0 Sandero, Duster, Jogger i Spring se um\u00edstily v top 2 a\u017e 3 ve sv\u00fdch segmentech.<\/p>\n<p><img loading=\"lazy\" decoding=\"async\" class=\"alignnone size-full wp-image-22413\" src=\"http:\/\/www.automakersnews.cz\/wp-content\/uploads\/2023\/02\/Renault-Clion-tabulka-small.jpg\" alt=\"\" width=\"591\" height=\"443\" srcset=\"https:\/\/www.automakersnews.cz\/wp-content\/uploads\/2023\/02\/Renault-Clion-tabulka-small.jpg 591w, https:\/\/www.automakersnews.cz\/wp-content\/uploads\/2023\/02\/Renault-Clion-tabulka-small-300x225.jpg 300w, https:\/\/www.automakersnews.cz\/wp-content\/uploads\/2023\/02\/Renault-Clion-tabulka-small-326x245.jpg 326w, https:\/\/www.automakersnews.cz\/wp-content\/uploads\/2023\/02\/Renault-Clion-tabulka-small-80x60.jpg 80w\" sizes=\"auto, (max-width: 591px) 100vw, 591px\" \/><\/p>\n<p>Rok 2023 p\u0159inese nov\u00fd model Austral, kter\u00fd u\u017e m\u011bl novin\u00e1\u0159skou premi\u00e9ru v Popovi\u010dk\u00e1ch. K prodejc\u016fm p\u0159ijde na ja\u0159e.<\/p>\n<p><img loading=\"lazy\" decoding=\"async\" class=\"alignnone size-full wp-image-22412\" src=\"http:\/\/www.automakersnews.cz\/wp-content\/uploads\/2023\/02\/Renault-novinky-2023-small.jpg\" alt=\"\" width=\"591\" height=\"443\" srcset=\"https:\/\/www.automakersnews.cz\/wp-content\/uploads\/2023\/02\/Renault-novinky-2023-small.jpg 591w, https:\/\/www.automakersnews.cz\/wp-content\/uploads\/2023\/02\/Renault-novinky-2023-small-300x225.jpg 300w, https:\/\/www.automakersnews.cz\/wp-content\/uploads\/2023\/02\/Renault-novinky-2023-small-326x245.jpg 326w, https:\/\/www.automakersnews.cz\/wp-content\/uploads\/2023\/02\/Renault-novinky-2023-small-80x60.jpg 80w\" sizes=\"auto, (max-width: 591px) 100vw, 591px\" \/><\/p>\n<p>K novink\u00e1m d\u00e1le bude pat\u0159it Kangoo e-Tech, ve druh\u00e9 polovin\u011b pak nov\u00e9 Clio facelift, nov\u00e1 verze Espace a p\u011btim\u00edstn\u00e9 Kangoo.<\/p>\n<p>Import tak\u00e9 pokra\u010duje v rebrandingu dealerstv\u00ed za\u010dek Renault a Dacia. &#8222;Nyn\u00ed za\u010d\u00edn\u00e1me pracovat na interi\u00e9rech p\u0159\u00edjmu Dacie do servisu,&#8220; up\u0159esnil \u0161\u00e9f importu.<\/p>\n<p><img loading=\"lazy\" decoding=\"async\" class=\"alignnone size-large wp-image-22415\" src=\"http:\/\/www.automakersnews.cz\/wp-content\/uploads\/2023\/02\/Alpine-TK-Grunt-2023-1024x585.jpg\" alt=\"\" width=\"1024\" height=\"585\" \/><\/p>\n<p>Pochvaloval si tak\u00e9 r\u016fst nov\u00e9 zna\u010dky Alpine, kde byl loni p\u0159edpoklad prodeje 5 voz\u016f a prodalo se osm aut. Na leto\u0161ek Grunt objednal 20 aut z v\u00fdroby.<\/p>\n<p><img loading=\"lazy\" decoding=\"async\" class=\"alignnone size-large wp-image-22419\" src=\"http:\/\/www.automakersnews.cz\/wp-content\/uploads\/2023\/02\/Renault-Konecny-orez-1-1024x728.jpg\" alt=\"\" width=\"1024\" height=\"728\" srcset=\"https:\/\/www.automakersnews.cz\/wp-content\/uploads\/2023\/02\/Renault-Konecny-orez-1-1024x728.jpg 1024w, https:\/\/www.automakersnews.cz\/wp-content\/uploads\/2023\/02\/Renault-Konecny-orez-1-300x213.jpg 300w, https:\/\/www.automakersnews.cz\/wp-content\/uploads\/2023\/02\/Renault-Konecny-orez-1-768x546.jpg 768w, https:\/\/www.automakersnews.cz\/wp-content\/uploads\/2023\/02\/Renault-Konecny-orez-1-1536x1091.jpg 1536w, https:\/\/www.automakersnews.cz\/wp-content\/uploads\/2023\/02\/Renault-Konecny-orez-1-2048x1455.jpg 2048w\" sizes=\"auto, (max-width: 1024px) 100vw, 1024px\" \/><\/p>\n<p>Na tiskovce se uk\u00e1zal tak\u00e9 nov\u00fd \u0161\u00e9f marketingu firmy (viz na\u0161e dal\u0161\u00ed zpr\u00e1va).<\/p>\n<p><strong>Zdroj: Erich Handl, Karl\u00edn<\/strong><\/p>\n","protected":false},"excerpt":{"rendered":"<div class=\"mh-excerpt\"><p>\u0160\u00e9f Renaultu \u010cR Zden\u011bk Grunt svolal 15. \u00fanora v\u00fdro\u010dn\u00ed tiskovou konferenci importu do Karl\u00ednsk\u00e9 Truhl\u00e1rny. Zhodnotil lo\u0148sk\u00fd rok ve sv\u011bt\u011b i v \u010cesku, hovo\u0159il o <a class=\"mh-excerpt-more\" href=\"https:\/\/www.automakersnews.cz\/index.php\/2023\/02\/16\/sef-renaultu-cr-grunt-bilancoval-v-truhlarne\/\" title=\"\u0160\u00e9f Renaultu Grunt bilancoval v Truhl\u00e1rn\u011b\">[&#8230;]<\/a><\/p>\n<\/div>","protected":false},"author":1,"featured_media":22408,"comment_status":"open","ping_status":"open","sticky":false,"template":"","format":"standard","meta":{"footnotes":""},"categories":[2],"tags":[],"class_list":["post-22406","post","type-post","status-publish","format-standard","has-post-thumbnail","hentry","category-news"],"_links":{"self":[{"href":"https:\/\/www.automakersnews.cz\/index.php\/wp-json\/wp\/v2\/posts\/22406","targetHints":{"allow":["GET"]}}],"collection":[{"href":"https:\/\/www.automakersnews.cz\/index.php\/wp-json\/wp\/v2\/posts"}],"about":[{"href":"https:\/\/www.automakersnews.cz\/index.php\/wp-json\/wp\/v2\/types\/post"}],"author":[{"embeddable":true,"href":"https:\/\/www.automakersnews.cz\/index.php\/wp-json\/wp\/v2\/users\/1"}],"replies":[{"embeddable":true,"href":"https:\/\/www.automakersnews.cz\/index.php\/wp-json\/wp\/v2\/comments?post=22406"}],"version-history":[{"count":0,"href":"https:\/\/www.automakersnews.cz\/index.php\/wp-json\/wp\/v2\/posts\/22406\/revisions"}],"wp:featuredmedia":[{"embeddable":true,"href":"https:\/\/www.automakersnews.cz\/index.php\/wp-json\/wp\/v2\/media\/22408"}],"wp:attachment":[{"href":"https:\/\/www.automakersnews.cz\/index.php\/wp-json\/wp\/v2\/media?parent=22406"}],"wp:term":[{"taxonomy":"category","embeddable":true,"href":"https:\/\/www.automakersnews.cz\/index.php\/wp-json\/wp\/v2\/categories?post=22406"},{"taxonomy":"post_tag","embeddable":true,"href":"https:\/\/www.automakersnews.cz\/index.php\/wp-json\/wp\/v2\/tags?post=22406"}],"curies":[{"name":"wp","href":"https:\/\/api.w.org\/{rel}","templated":true}]}}