{"id":22655,"date":"2023-02-17T11:36:44","date_gmt":"2023-02-17T11:36:44","guid":{"rendered":"https:\/\/www.automakersnews.cz\/?p=22655"},"modified":"2023-02-17T11:36:44","modified_gmt":"2023-02-17T11:36:44","slug":"kia-umi-dalkove-aktualizace-pro-vsechny-modely","status":"publish","type":"post","link":"https:\/\/www.automakersnews.cz\/index.php\/2023\/02\/17\/kia-umi-dalkove-aktualizace-pro-vsechny-modely\/","title":{"rendered":"Kia um\u00ed d\u00e1lkov\u00e9 aktualizace pro v\u0161echny modely"},"content":{"rendered":"<p><strong>Majitel\u016fm nejnov\u011bj\u0161\u00edch model\u016f Kia slibuje zna\u010dka snaz\u0161\u00ed a rychlej\u0161\u00ed stahov\u00e1n\u00ed nejnov\u011bj\u0161\u00edch funkc\u00ed infotainmentu pomoc\u00ed nov\u00e9 funkce vzd\u00e1len\u00e9ho p\u0159\u00edstupu OTA (over-the-air).<\/strong><!--more--><\/p>\n<p>Podpora funkce OTA, kter\u00e1 jen pro v\u0161echny vozy Kia od modelov\u00e9ho roku 2022, zajist\u00ed vzd\u00e1len\u00fd p\u0159\u00edstup pro bezdr\u00e1tov\u00e9 aktualizace syst\u00e9m\u016f navigace a infotainmentu. To znamen\u00e1, \u017ee kv\u016fli aktualizaci softwaru vozidla, ta je nezbytn\u00e1 pro aktivaci OTA, si ji\u017e z\u00e1kazn\u00edci nemus\u00ed stahovat data z\u00a0ofici\u00e1ln\u00edho aktualiza\u010dn\u00edho port\u00e1lu\u00a0<a href=\"https:\/\/update.kia.com\/EU\/CS\/navigationUpdate\">Kia Navigation Updates_CZE<\/a>\u00a0ani nav\u0161t\u011bvovat autorizovan\u00e9 prodejce Kia.<\/p>\n<p>Nejnov\u011bj\u0161\u00ed technologie OTA je k dispozici pro v\u0161echna vozidla Kia od modelov\u00e9ho proveden\u00ed MY22 ve v\u0161ech evropsk\u00fdch zem\u00edch v\u010detn\u011b \u010cesk\u00e9 republiky, kde je podporov\u00e1no p\u0159ipojen\u00ed Kia Connect. Technologie zajist\u00ed snadn\u00fd p\u0159\u00edstup k aktualizac\u00edm vestav\u011bn\u00e9 navigace a palubn\u00ed jednotky v\u010detn\u011b \u0159e\u0161en\u00ed p\u0159\u00edpadn\u00fdch softwarov\u00fdch chyb. Prvn\u00ed d\u00e1lkov\u00e1 aktualizace Kia nab\u00edz\u00ed \u0159adu konkr\u00e9tn\u00edch vylep\u0161en\u00ed v\u010detn\u011b nov\u00e9ho designov\u00e9ho motivu ECO pro elektrick\u00e9 modely, jen\u017e se zat\u00edm objevil pouze v modelu EV6; d\u00e1le budou k dispozici nov\u00e9 zvuky ze sv\u011bta p\u0159\u00edrody (Sounds of Nature) a vylep\u0161en\u00e9 ovl\u00e1d\u00e1n\u00ed klimatizace kabiny i sedadel.<\/p>\n<p>Podpora technologie OTA znamen\u00e1 pro z\u00e1kazn\u00edka v\u011bt\u0161\u00ed pohodl\u00ed a \u00fasporu \u010dasu, nebo\u0165 navigace i palubn\u00ed infotainment se udr\u017euje v aktu\u00e1ln\u00ed stavu automaticky. To je jeden z p\u0159\u00edklad\u016f toho, jak se Kia sna\u017e\u00ed poskytovat co nejlep\u0161\u00ed z\u00e1kaznick\u00e9 zku\u0161enosti s hladkou konektivitou cestou t\u011bch nejprogresivn\u011bj\u0161\u00edch technologi\u00ed.<\/p>\n","protected":false},"excerpt":{"rendered":"<div class=\"mh-excerpt\"><p>Majitel\u016fm nejnov\u011bj\u0161\u00edch model\u016f Kia slibuje zna\u010dka snaz\u0161\u00ed a rychlej\u0161\u00ed stahov\u00e1n\u00ed nejnov\u011bj\u0161\u00edch funkc\u00ed infotainmentu pomoc\u00ed nov\u00e9 funkce vzd\u00e1len\u00e9ho p\u0159\u00edstupu OTA (over-the-air).<\/p>\n<\/div>","protected":false},"author":1,"featured_media":22656,"comment_status":"open","ping_status":"open","sticky":false,"template":"","format":"standard","meta":{"footnotes":""},"categories":[43],"tags":[],"class_list":["post-22655","post","type-post","status-publish","format-standard","has-post-thumbnail","hentry","category-software"],"_links":{"self":[{"href":"https:\/\/www.automakersnews.cz\/index.php\/wp-json\/wp\/v2\/posts\/22655","targetHints":{"allow":["GET"]}}],"collection":[{"href":"https:\/\/www.automakersnews.cz\/index.php\/wp-json\/wp\/v2\/posts"}],"about":[{"href":"https:\/\/www.automakersnews.cz\/index.php\/wp-json\/wp\/v2\/types\/post"}],"author":[{"embeddable":true,"href":"https:\/\/www.automakersnews.cz\/index.php\/wp-json\/wp\/v2\/users\/1"}],"replies":[{"embeddable":true,"href":"https:\/\/www.automakersnews.cz\/index.php\/wp-json\/wp\/v2\/comments?post=22655"}],"version-history":[{"count":0,"href":"https:\/\/www.automakersnews.cz\/index.php\/wp-json\/wp\/v2\/posts\/22655\/revisions"}],"wp:featuredmedia":[{"embeddable":true,"href":"https:\/\/www.automakersnews.cz\/index.php\/wp-json\/wp\/v2\/media\/22656"}],"wp:attachment":[{"href":"https:\/\/www.automakersnews.cz\/index.php\/wp-json\/wp\/v2\/media?parent=22655"}],"wp:term":[{"taxonomy":"category","embeddable":true,"href":"https:\/\/www.automakersnews.cz\/index.php\/wp-json\/wp\/v2\/categories?post=22655"},{"taxonomy":"post_tag","embeddable":true,"href":"https:\/\/www.automakersnews.cz\/index.php\/wp-json\/wp\/v2\/tags?post=22655"}],"curies":[{"name":"wp","href":"https:\/\/api.w.org\/{rel}","templated":true}]}}