{"id":23122,"date":"2023-02-20T07:11:35","date_gmt":"2023-02-20T07:11:35","guid":{"rendered":"https:\/\/www.automakersnews.cz\/?p=23122"},"modified":"2023-02-20T07:12:18","modified_gmt":"2023-02-20T07:12:18","slug":"stellantis-ma-softwarove-centrum-v-gliwicich","status":"publish","type":"post","link":"https:\/\/www.automakersnews.cz\/index.php\/2023\/02\/20\/stellantis-ma-softwarove-centrum-v-gliwicich\/","title":{"rendered":"Nov\u00e9 softwarov\u00e9 centrum Stellantis v Gliwic\u00edch"},"content":{"rendered":"<p><strong>Automobilka Stellantis pos\u00edlila kapacity v oblasti in\u017een\u00fdrstv\u00ed a softwarov\u00e9ho v\u00fdvoje a otev\u00edr\u00e1 nov\u00e9 centrum v Polsku, \u010d\u00edm\u017e se jej\u00ed glob\u00e1ln\u00ed s\u00ed\u0165 roz\u0161i\u0159uje na osm st\u0159edisek. <\/strong><!--more--><\/p>\n<p>Polsk\u00e9 softwarov\u00e9 centrum, kter\u00e9 se nach\u00e1z\u00ed v Gliwic\u00edch, v bl\u00edzkosti v\u00fdrobn\u00edho z\u00e1vodu skupiny Stellantis, bude m\u00edt a\u017e 300 zam\u011bstnanc\u016f specializuj\u00edc\u00edch se na anal\u00fdzu dat, v\u00fdvoj a validaci softwaru.<\/p>\n<p>P\u0159i n\u00e1boru talent\u016f a budov\u00e1n\u00ed nov\u00e9ho softwarov\u00e9ho centra v Polsku spolupracuje Stellantis se spole\u010dnost\u00ed GlobalLogic Inc, poskytovatelem digit\u00e1ln\u00edch in\u017een\u00fdrsk\u00fdch slu\u017eeb. Centrum se bude op\u00edrat o vzd\u011bl\u00e1vac\u00ed za\u0159\u00edzen\u00ed technick\u00e9ho a akademick\u00e9ho typu v regionu a z\u00e1rove\u0148 dopln\u00ed st\u00e1vaj\u00edc\u00ed technick\u00e9 provozy skupiny Stellantis v Evrop\u011b o nov\u00e9 zdroje pro v\u00fdvoj softwaru. T\u00fdm polsk\u00e9ho softwarov\u00e9ho centra se zam\u011b\u0159\u00ed p\u0159edev\u0161\u00edm na v\u00fdvoj z\u00e1kladn\u00edho softwaru a softwarov\u00fdch aplikac\u00ed a tak\u00e9 na DevOps a automatickou validaci.<\/p>\n<p>\u201eOtev\u0159en\u00ed nov\u00e9ho softwarov\u00e9ho centra v Polsku p\u0159edstavuje dal\u0161\u00ed v\u00fdznamn\u00fd krok v realizaci na\u0161eho strategick\u00e9ho pl\u00e1nu Dare Forward 2030,\u201c uvedl Yves Bonnefont, softwarov\u00fd \u0159editel skupiny Stellantis. \u201eSoftware hraje kl\u00ed\u010dovou roli v na\u0161\u00ed snaze st\u00e1t se l\u00eddrem odv\u011btv\u00ed z hlediska z\u00e1kaznick\u00fdch zku\u0161enost\u00ed s produkty a slu\u017ebami, stejn\u011b jako z hlediska na\u0161eho z\u00e1vazku dos\u00e1hnout do roku 2038 uhl\u00edkov\u00e9 neutrality.\u201c Skupina Stellantis m\u00e1 nyn\u00ed osm center pro v\u00fdvoj softwaru v sedmi zem\u00edch:<\/p>\n<p>&#8211; Braz\u00edlie: Pernambuco<\/p>\n<p>&#8211; Francie: Poissy<\/p>\n<p>&#8211; N\u011bmecko: R\u00fcsselsheim<\/p>\n<p>&#8211; Indie: Bengal\u00far a Hajdar\u00e1b\u00e1d<\/p>\n<p>&#8211; It\u00e1lie: Tur\u00edn<\/p>\n<p>&#8211; Polsko: Gliwice<\/p>\n<p>&#8211; USA: Auburn Hills (st\u00e1t Michigan)<\/p>\n<p>T\u00fdm v Polsku se bude pod\u00edlet na v\u00fdvoji glob\u00e1ln\u00ed s\u00edt\u011b pro tvorbu softwaru Stellantis, co\u017e je kl\u00ed\u010dem k \u00fasp\u011bchu p\u0159i v\u00fdvoji softwarov\u011b definovan\u00fdch voz\u016f, kter\u00e9 budou schopn\u00e9 nab\u00edzet funkce zam\u011b\u0159en\u00e9 na z\u00e1kazn\u00edka po celou dobu sv\u00e9 \u017eivotnosti, v\u010detn\u011b aktualizac\u00ed a p\u0159\u00edpadn\u00e9ho p\u0159id\u00e1v\u00e1n\u00ed nov\u00fdch funkc\u00ed i n\u011bkolik let po uveden\u00ed vozidla do provozu.<\/p>\n<p>\u201eVytvo\u0159en\u00ed infrastruktury ve vozidle, kter\u00e1 se dok\u00e1\u017ee bez n\u00e1mahy p\u0159izp\u016fsobit o\u010dek\u00e1v\u00e1n\u00edm na\u0161ich z\u00e1kazn\u00edk\u016f, je z\u00e1kladn\u00ed sou\u010d\u00e1st\u00ed glob\u00e1ln\u00ed snahy skupiny Stellantis poskytovat \u0161pi\u010dkov\u00e1 \u0159e\u0161en\u00ed mobility,\u201c uvedla Tara Vatcher, senior viceprezidentka pro softwarovou architekturu a v\u00fdvoj ve skupin\u011b Stellantis.<\/p>\n<p>Softwarov\u00e1 strategie skupiny Stellantis si klade za c\u00edl rozv\u00edjet technologick\u00e9 platformy nov\u00e9 generace s vyu\u017eit\u00edm st\u00e1vaj\u00edc\u00edch schopnost\u00ed propojen\u00fdch vozidel a m\u011bnit tak zp\u016fsob, jak\u00fdm z\u00e1kazn\u00edci komunikuj\u00ed se sv\u00fdmi automobily. Do roku 2030 by tak m\u011bl Stellantis vygenerovat dodate\u010dn\u00e9 ro\u010dn\u00ed p\u0159\u00edjmy ve v\u00fd\u0161i 20 miliard eur.<\/p>\n<p><img loading=\"lazy\" decoding=\"async\" class=\"alignnone wp-image-23124\" src=\"http:\/\/www.automakersnews.cz\/wp-content\/uploads\/2023\/02\/sm1200x678softwarehubs-63ecd7ac8bfef-small-2-300x170.jpg\" alt=\"\" width=\"695\" height=\"394\" srcset=\"https:\/\/www.automakersnews.cz\/wp-content\/uploads\/2023\/02\/sm1200x678softwarehubs-63ecd7ac8bfef-small-2-300x170.jpg 300w, https:\/\/www.automakersnews.cz\/wp-content\/uploads\/2023\/02\/sm1200x678softwarehubs-63ecd7ac8bfef-small-2-1024x579.jpg 1024w, https:\/\/www.automakersnews.cz\/wp-content\/uploads\/2023\/02\/sm1200x678softwarehubs-63ecd7ac8bfef-small-2-768x434.jpg 768w, https:\/\/www.automakersnews.cz\/wp-content\/uploads\/2023\/02\/sm1200x678softwarehubs-63ecd7ac8bfef-small-2.jpg 1200w\" sizes=\"auto, (max-width: 695px) 100vw, 695px\" \/><\/p>\n","protected":false},"excerpt":{"rendered":"<div class=\"mh-excerpt\"><p>Automobilka Stellantis pos\u00edlila kapacity v oblasti in\u017een\u00fdrstv\u00ed a softwarov\u00e9ho v\u00fdvoje a otev\u00edr\u00e1 nov\u00e9 centrum v Polsku, \u010d\u00edm\u017e se jej\u00ed glob\u00e1ln\u00ed s\u00ed\u0165 roz\u0161i\u0159uje na osm st\u0159edisek.<\/p>\n<\/div>","protected":false},"author":4,"featured_media":23123,"comment_status":"open","ping_status":"open","sticky":false,"template":"","format":"standard","meta":{"footnotes":""},"categories":[43],"tags":[],"class_list":["post-23122","post","type-post","status-publish","format-standard","has-post-thumbnail","hentry","category-software"],"_links":{"self":[{"href":"https:\/\/www.automakersnews.cz\/index.php\/wp-json\/wp\/v2\/posts\/23122","targetHints":{"allow":["GET"]}}],"collection":[{"href":"https:\/\/www.automakersnews.cz\/index.php\/wp-json\/wp\/v2\/posts"}],"about":[{"href":"https:\/\/www.automakersnews.cz\/index.php\/wp-json\/wp\/v2\/types\/post"}],"author":[{"embeddable":true,"href":"https:\/\/www.automakersnews.cz\/index.php\/wp-json\/wp\/v2\/users\/4"}],"replies":[{"embeddable":true,"href":"https:\/\/www.automakersnews.cz\/index.php\/wp-json\/wp\/v2\/comments?post=23122"}],"version-history":[{"count":0,"href":"https:\/\/www.automakersnews.cz\/index.php\/wp-json\/wp\/v2\/posts\/23122\/revisions"}],"wp:featuredmedia":[{"embeddable":true,"href":"https:\/\/www.automakersnews.cz\/index.php\/wp-json\/wp\/v2\/media\/23123"}],"wp:attachment":[{"href":"https:\/\/www.automakersnews.cz\/index.php\/wp-json\/wp\/v2\/media?parent=23122"}],"wp:term":[{"taxonomy":"category","embeddable":true,"href":"https:\/\/www.automakersnews.cz\/index.php\/wp-json\/wp\/v2\/categories?post=23122"},{"taxonomy":"post_tag","embeddable":true,"href":"https:\/\/www.automakersnews.cz\/index.php\/wp-json\/wp\/v2\/tags?post=23122"}],"curies":[{"name":"wp","href":"https:\/\/api.w.org\/{rel}","templated":true}]}}