{"id":23161,"date":"2023-02-20T07:10:16","date_gmt":"2023-02-20T07:10:16","guid":{"rendered":"https:\/\/www.automakersnews.cz\/?p=23161"},"modified":"2023-02-20T07:10:16","modified_gmt":"2023-02-20T07:10:16","slug":"bmw-vyrobilo-v-lipsku-3-333-333-aut","status":"publish","type":"post","link":"https:\/\/www.automakersnews.cz\/index.php\/2023\/02\/20\/bmw-vyrobilo-v-lipsku-3-333-333-aut\/","title":{"rendered":"BMW vyrobilo v Lipsku 3 333 333 aut"},"content":{"rendered":"<p><strong>V numerologii m\u00e1 \u010d\u00edslo t\u0159i \u00fadajn\u011b zvl\u00e1\u0161tn\u00ed v\u00fdznam: \u010dasto je spojov\u00e1no se \u0161t\u011bst\u00edm, \u00fasp\u011bchem, rozmanitost\u00ed a kreativitou. Nejnov\u011bj\u0161\u00ed \u00fasp\u011bch tov\u00e1rny BMW Group v Lipsku zahrnuje ne jednu, ale hned sedm trojek, tak mus\u00ed b\u00fdt sedmin\u00e1sobn\u011b \u00fasp\u011b\u0161n\u00fd! Od zah\u00e1jen\u00ed v\u00fdroby v roce 2005 vzniklo v Lipsku ji\u017e 3\u00a0333\u00a0333 z\u00e1kaznick\u00fdch voz\u016f BMW.<\/strong><!--more--><\/p>\n<p>Ze t\u0159\u00ed model\u016f, kter\u00e9 v sou\u010dasn\u00e9 dob\u011b sj\u00ed\u017ed\u011bj\u00ed z v\u00fdrobn\u00edch linek v Lipsku \u2013 BMW \u0159ady 1, BMW \u0159ady 2 Gran Coup\u00e9 a BMW \u0159ady 2 Active Tourer \u2013 tento sv\u00e9r\u00e1zn\u00fd miln\u00edk oslavilo pr\u00e1v\u011b BMW \u0159ady 1. Konkr\u00e9tn\u011b BMW 128ti* s\u00a0\u010derven\u00fdm metalick\u00fdm lakem Melbourne Red s\u00a0\u010dern\u00fdmi ozdobn\u00fdmi prvky. Tento sportovn\u00ed model se specifick\u00fdmi dopl\u0148ky exteri\u00e9ru i interi\u00e9ru vznik\u00e1 v\u00fdhradn\u011b v z\u00e1vod\u011b v Lipsku. Pod jeho kapotou se ukr\u00fdv\u00e1 motor o objemu 2,0 litru s technologi\u00ed BMW TwinPower Turbo a v\u00fdkonem 195 kW (265 k). Jeho suver\u00e9nn\u00ed v\u00fdkon nazna\u010duje o\u017eiven\u00e9 ozna\u010den\u00ed zkratkou \u201eTI\u201c, pozd\u011bji tak\u00e9 ve tvaru \u201eti\u201c, kter\u00e1 se pou\u017e\u00edvala v\u00a060. letech minul\u00e9ho stolet\u00ed a znamen\u00e1 \u201eTurismo Internazionale\u201c. Jen p\u0159ipome\u0148me, \u017ee tuto zkratku m\u011bly ve sv\u00fdch ozna\u010den\u00edch nap\u0159\u00edklad ikonick\u00e9 modely BMW 1800 TI, BMW 2002 TI, BMW 323ti Compact a BMW 325ti Compact z\u00a0konce 90. let.<\/p>\n<p><img loading=\"lazy\" decoding=\"async\" class=\"alignnone wp-image-23166\" src=\"http:\/\/www.automakersnews.cz\/wp-content\/uploads\/2023\/02\/bmw-small-3-300x200.jpg\" alt=\"\" width=\"791\" height=\"527\" srcset=\"https:\/\/www.automakersnews.cz\/wp-content\/uploads\/2023\/02\/bmw-small-3-300x200.jpg 300w, https:\/\/www.automakersnews.cz\/wp-content\/uploads\/2023\/02\/bmw-small-3-1024x684.jpg 1024w, https:\/\/www.automakersnews.cz\/wp-content\/uploads\/2023\/02\/bmw-small-3-768x513.jpg 768w, https:\/\/www.automakersnews.cz\/wp-content\/uploads\/2023\/02\/bmw-small-3-1536x1026.jpg 1536w, https:\/\/www.automakersnews.cz\/wp-content\/uploads\/2023\/02\/bmw-small-3-2048x1368.jpg 2048w\" sizes=\"auto, (max-width: 791px) 100vw, 791px\" \/><\/p>\n<p>\u010cerven\u00fd kompaktn\u00ed sportovn\u00ed v\u016fz BMW 128ti vyroben\u00fd v\u00a0Lipsku je zat\u00edm posledn\u00edm z \u0159ady t\u011bchto speci\u00e1ln\u00edch voz\u016f. Lipsk\u00e1 tov\u00e1rna BMW Group zah\u00e1jila svoji produkci modelem BMW 320i v\u00a0roce 2005. O \u0161est let pozd\u011bji, v prosinci 2011, zde vznikl miliont\u00fd v\u016fz, kter\u00fdm bylo BMW 116d v b\u00edl\u00e9 barv\u011b Alpine White. Vozem \u201eBMW Made in Leipzig\u201c s\u00a0po\u0159adov\u00fdm \u010d\u00edslem dva miliony bylo BMW i3 v\u00a0modr\u00e9 barv\u011b Protonic Blue. Oran\u017eov\u00e9 BMW M240i Cabrio v\u00a0roce 2021 oslavilo metu t\u0159\u00ed milion\u016f vyroben\u00fdch voz\u016f ve zdej\u0161\u00ed tov\u00e1rn\u011b.<\/p>\n<p>Dal\u0161\u00edm \u201emilionov\u00fdm\u201c vozem z Lipska s po\u0159adov\u00fdm \u010d\u00edslem \u010dty\u0159i bude n\u00e9st bu\u010f zna\u010dku BMW, nebo MINI, proto\u017ee v\u00fdrobn\u00ed program zdej\u0161\u00ed tov\u00e1rny roz\u0161\u00ed\u0159\u00ed nov\u00e9 MINI Countryman. P\u0159\u00edchodem t\u00e9to novinky se Lipsko stane prvn\u00ed tov\u00e1rnou v r\u00e1mci BMW Group na sv\u011bt\u011b, kde se vedle sebe budou vyr\u00e1b\u011bt jak vozy BMW, tak MINI.<\/p>\n<p><img loading=\"lazy\" decoding=\"async\" class=\"alignnone wp-image-23165\" src=\"http:\/\/www.automakersnews.cz\/wp-content\/uploads\/2023\/02\/bmw-small-1-300x198.jpg\" alt=\"\" width=\"752\" height=\"496\" srcset=\"https:\/\/www.automakersnews.cz\/wp-content\/uploads\/2023\/02\/bmw-small-1-300x198.jpg 300w, https:\/\/www.automakersnews.cz\/wp-content\/uploads\/2023\/02\/bmw-small-1-1024x676.jpg 1024w, https:\/\/www.automakersnews.cz\/wp-content\/uploads\/2023\/02\/bmw-small-1-768x507.jpg 768w, https:\/\/www.automakersnews.cz\/wp-content\/uploads\/2023\/02\/bmw-small-1-1536x1014.jpg 1536w, https:\/\/www.automakersnews.cz\/wp-content\/uploads\/2023\/02\/bmw-small-1.jpg 1961w\" sizes=\"auto, (max-width: 752px) 100vw, 752px\" \/><\/p>\n","protected":false},"excerpt":{"rendered":"<div class=\"mh-excerpt\"><p>V numerologii m\u00e1 \u010d\u00edslo t\u0159i \u00fadajn\u011b zvl\u00e1\u0161tn\u00ed v\u00fdznam: \u010dasto je spojov\u00e1no se \u0161t\u011bst\u00edm, \u00fasp\u011bchem, rozmanitost\u00ed a kreativitou. Nejnov\u011bj\u0161\u00ed \u00fasp\u011bch tov\u00e1rny BMW Group v Lipsku zahrnuje <a class=\"mh-excerpt-more\" href=\"https:\/\/www.automakersnews.cz\/index.php\/2023\/02\/20\/bmw-vyrobilo-v-lipsku-3-333-333-aut\/\" title=\"BMW vyrobilo v Lipsku 3 333 333 aut\">[&#8230;]<\/a><\/p>\n<\/div>","protected":false},"author":4,"featured_media":23162,"comment_status":"open","ping_status":"open","sticky":false,"template":"","format":"standard","meta":{"footnotes":""},"categories":[33],"tags":[],"class_list":["post-23161","post","type-post","status-publish","format-standard","has-post-thumbnail","hentry","category-vyrobci"],"_links":{"self":[{"href":"https:\/\/www.automakersnews.cz\/index.php\/wp-json\/wp\/v2\/posts\/23161","targetHints":{"allow":["GET"]}}],"collection":[{"href":"https:\/\/www.automakersnews.cz\/index.php\/wp-json\/wp\/v2\/posts"}],"about":[{"href":"https:\/\/www.automakersnews.cz\/index.php\/wp-json\/wp\/v2\/types\/post"}],"author":[{"embeddable":true,"href":"https:\/\/www.automakersnews.cz\/index.php\/wp-json\/wp\/v2\/users\/4"}],"replies":[{"embeddable":true,"href":"https:\/\/www.automakersnews.cz\/index.php\/wp-json\/wp\/v2\/comments?post=23161"}],"version-history":[{"count":0,"href":"https:\/\/www.automakersnews.cz\/index.php\/wp-json\/wp\/v2\/posts\/23161\/revisions"}],"wp:featuredmedia":[{"embeddable":true,"href":"https:\/\/www.automakersnews.cz\/index.php\/wp-json\/wp\/v2\/media\/23162"}],"wp:attachment":[{"href":"https:\/\/www.automakersnews.cz\/index.php\/wp-json\/wp\/v2\/media?parent=23161"}],"wp:term":[{"taxonomy":"category","embeddable":true,"href":"https:\/\/www.automakersnews.cz\/index.php\/wp-json\/wp\/v2\/categories?post=23161"},{"taxonomy":"post_tag","embeddable":true,"href":"https:\/\/www.automakersnews.cz\/index.php\/wp-json\/wp\/v2\/tags?post=23161"}],"curies":[{"name":"wp","href":"https:\/\/api.w.org\/{rel}","templated":true}]}}