{"id":23234,"date":"2023-02-20T07:25:39","date_gmt":"2023-02-20T07:25:39","guid":{"rendered":"https:\/\/www.automakersnews.cz\/?p=23234"},"modified":"2023-02-20T08:21:10","modified_gmt":"2023-02-20T08:21:10","slug":"pre-zprovoznila-dobijecku-pro-elektromobily-v-chuchli","status":"publish","type":"post","link":"https:\/\/www.automakersnews.cz\/index.php\/2023\/02\/20\/pre-zprovoznila-dobijecku-pro-elektromobily-v-chuchli\/","title":{"rendered":"Mana\u017ee\u0159i zprovoznili dob\u00edje\u010dku PRE v Chuchli"},"content":{"rendered":"<p align=\"JUSTIFY\"><strong>Mana\u017ee\u0159i Pra\u017esk\u00e9 energetiky, HORNBACHu a Porsche \u010cR v p\u00e1tek 17. \u00fanora slavnostn\u011b otev\u0159eli ve\u0159ejnou dob\u00edjec\u00ed stanici pro elektromobily PREpoint v pra\u017esk\u00e9 Chuchli.<\/strong> <!--more--><\/p>\n<p align=\"JUSTIFY\">Novou dob\u00edje\u010dku odhalili p\u0159edseda p\u0159edstavenstva a gener\u00e1ln\u00ed \u0159editel Pra\u017esk\u00e9 energetiky Pavel Ellis a Lada \u0160molkov\u00e1 \u2013 jednatelka, Hornbach Baumarkt CS, spole\u010dn\u011b se z\u00e1stupci ministerstva dopravy a pra\u017esk\u00e9ho magistr\u00e1tu.<\/p>\n<p align=\"JUSTIFY\">Za automotive sektor se openingu dob\u00edje\u010dky typu MOON z\u00fa\u010dastnili jednatel Porsche \u010cR Jan Hurt a \u0161\u00e9f zna\u010dky VW U\u017eitkov\u00e9 Jakub \u0160ebesta.<\/p>\n<p align=\"JUSTIFY\">Jde v po\u0159ad\u00ed u\u017e o 500. dob\u00edje\u010dku PREpointu v \u010cR. Na parkovi\u0161ti Horbachu je nyn\u00ed elektromobilist\u016fm otev\u0159ena soustava t\u0159ech dob\u00edjec\u00edch stanic, kter\u00e9 umo\u017en\u00ed nab\u00edjet sou\u010dasn\u011b a\u017e \u0161est vozidel.<\/p>\n<p align=\"JUSTIFY\">Z\u00e1stupci Porsche \u010cR p\u0159edvedli na openingu ultrarychl\u00e9 dob\u00edjen\u00ed unik\u00e1tn\u00edho vozu VW ID. Buzz.<\/p>\n<p align=\"JUSTIFY\">&#8222;Zna\u010dka Volkswagen U\u017eitkov\u00e9 vozy byla v minulosti spojena sp\u00ed\u0161e s dieselov\u00fdmi motory, ale s n\u00e1stupem modelu ID. Buzz m\u016f\u017eeme nab\u00eddnout plnohodnotn\u00fd elektromobil, kter\u00fd se dob\u00edj\u00ed 30 minut a m\u00e1 dojezd p\u0159es 400 kilometr\u016f na jedno nabit\u00ed,&#8220; uvedl Jakub \u0160ebesta.<\/p>\n<p align=\"JUSTIFY\"><strong>Zdroj: Erich Handl, Chuchle<\/strong><\/p>\n<p align=\"JUSTIFY\"><img loading=\"lazy\" decoding=\"async\" class=\"alignnone size-large wp-image-23267\" src=\"http:\/\/www.automakersnews.cz\/wp-content\/uploads\/2023\/02\/PRE-Chuchle-Hurt-1024x768.jpg\" alt=\"\" width=\"1024\" height=\"768\" \/><\/p>\n","protected":false},"excerpt":{"rendered":"<div class=\"mh-excerpt\"><p>Mana\u017ee\u0159i Pra\u017esk\u00e9 energetiky, HORNBACHu a Porsche \u010cR v p\u00e1tek 17. \u00fanora slavnostn\u011b otev\u0159eli ve\u0159ejnou dob\u00edjec\u00ed stanici pro elektromobily PREpoint v pra\u017esk\u00e9 Chuchli.<\/p>\n<\/div>","protected":false},"author":1,"featured_media":23265,"comment_status":"open","ping_status":"open","sticky":false,"template":"","format":"standard","meta":{"footnotes":""},"categories":[55,10],"tags":[],"class_list":["post-23234","post","type-post","status-publish","format-standard","has-post-thumbnail","hentry","category-alternativni-pohony","category-eventy"],"_links":{"self":[{"href":"https:\/\/www.automakersnews.cz\/index.php\/wp-json\/wp\/v2\/posts\/23234","targetHints":{"allow":["GET"]}}],"collection":[{"href":"https:\/\/www.automakersnews.cz\/index.php\/wp-json\/wp\/v2\/posts"}],"about":[{"href":"https:\/\/www.automakersnews.cz\/index.php\/wp-json\/wp\/v2\/types\/post"}],"author":[{"embeddable":true,"href":"https:\/\/www.automakersnews.cz\/index.php\/wp-json\/wp\/v2\/users\/1"}],"replies":[{"embeddable":true,"href":"https:\/\/www.automakersnews.cz\/index.php\/wp-json\/wp\/v2\/comments?post=23234"}],"version-history":[{"count":0,"href":"https:\/\/www.automakersnews.cz\/index.php\/wp-json\/wp\/v2\/posts\/23234\/revisions"}],"wp:featuredmedia":[{"embeddable":true,"href":"https:\/\/www.automakersnews.cz\/index.php\/wp-json\/wp\/v2\/media\/23265"}],"wp:attachment":[{"href":"https:\/\/www.automakersnews.cz\/index.php\/wp-json\/wp\/v2\/media?parent=23234"}],"wp:term":[{"taxonomy":"category","embeddable":true,"href":"https:\/\/www.automakersnews.cz\/index.php\/wp-json\/wp\/v2\/categories?post=23234"},{"taxonomy":"post_tag","embeddable":true,"href":"https:\/\/www.automakersnews.cz\/index.php\/wp-json\/wp\/v2\/tags?post=23234"}],"curies":[{"name":"wp","href":"https:\/\/api.w.org\/{rel}","templated":true}]}}