{"id":23566,"date":"2023-02-21T11:46:07","date_gmt":"2023-02-21T11:46:07","guid":{"rendered":"https:\/\/www.automakersnews.cz\/?p=23566"},"modified":"2023-02-21T11:46:07","modified_gmt":"2023-02-21T11:46:07","slug":"nissan-ma-obri-svolavacku-na-463-tisic-aut","status":"publish","type":"post","link":"https:\/\/www.automakersnews.cz\/index.php\/2023\/02\/21\/nissan-ma-obri-svolavacku-na-463-tisic-aut\/","title":{"rendered":"Nissan m\u00e1 ob\u0159\u00ed svol\u00e1va\u010dku na 463 tis\u00edc aut"},"content":{"rendered":"<p><strong><span class=\"e1id0 e4id0 advancedHighlight SearchKeywordHighlight\" data-id=\"0\" data-classic=\"true\">Nissan<\/span> ozn\u00e1mil svol\u00e1vac\u00ed akci glob\u00e1ln\u00ed povahy, t\u00fdk\u00e1 se 463 tis\u00edc voz\u016f. V\u011bt\u0161ina z posti\u017een\u00fdch model\u016f jezd\u00e1 v USA, ale n\u011bkter\u00e9 byly prod\u00e1ny i v Evrop\u011b.<\/strong><!--more--><\/p>\n<p>Server\u00a0<em>Autoblog uvedl<\/em>, \u017ee Nissan postupn\u011b st\u00e1hne z ob\u011bhu ke kontrole p\u0159es 463 000 vozidel z d\u016fvod\u016f vadn\u00e9ho airbagu u \u0159idi\u010de. V t\u00e9to souvislosti nejde o airbag samotn\u00fd, ale logo um\u00edst\u011bn\u00e9 na volantu, kter\u00e9 by se \u2013 v p\u0159\u00edpad\u011b odchl\u00edpnut\u00ed, odlepen\u00ed, po\u0161kozen\u00ed \u2013 p\u0159i aktivaci za\u0159\u00edzen\u00ed mohlo utrhnout a \u0161of\u00e9rovi ubl\u00ed\u017eit, a to podobn\u00fdm zp\u016fsobem jako let\u00edc\u00ed projektil. Zna\u010dka potvrdila, \u017ee aktu\u00e1ln\u011b registruje \u010dty\u0159i p\u0159\u00edpady ubl\u00ed\u017een\u00ed na zdrav\u00ed.<\/p>\n<p><em>\u201eMajitel\u00e9 s uvoln\u011bn\u00fdm, praskl\u00fdm nebo chyb\u011bj\u00edc\u00edm embl\u00e9mem by m\u011bli kontaktovat m\u00edstn\u00edho autorizovan\u00e9ho prodejce Nissan, kter\u00fd provede diagnostiku. Pokud kontrola usoud\u00ed, \u017ee je nutn\u00fd z\u00e1sah, oprava bude provedena neprodlen\u011b,\u201c<\/em>\u00a0\u0159ekl mluv\u010d\u00ed Nissan Stephen O\u2019Neil. Z\u00e1rove\u0148 v\u0161ak dodal, \u017ee v p\u0159\u00edpad\u011b vysok\u00e9ho po\u010dtu p\u0159\u00edpad\u016f by mohla nastat men\u0161\u00ed prodleva skrz nedostatek n\u00e1hradn\u00edch d\u00edl\u016f.<\/p>\n<p>I kdy\u017e jde o z\u00e1le\u017eitost glob\u00e1ln\u00ed povahy, drtiv\u00e1 v\u011bt\u0161ina aut vy\u017eaduj\u00edc\u00edch revizi se nach\u00e1z\u00ed ve Spojen\u00fdch st\u00e1tech. Z\u00e1kazn\u00edci budou upozorn\u011bni elektronicky nejpozd\u011bji do konce dubna.<\/p>\n<p>V\u00fd\u010det automobil\u016f je n\u00e1sleduj\u00edc\u00ed \u2013 Nissan Frontier (r.v. 2008 a\u017e 2011), Titan, Xterra, takt\u00e9\u017e Pathfinder i Armada; op\u011bt se shodn\u00fdm datem v\u00fdroby, tedy 2008 a\u017e 2011.<\/p>\n<p><strong>Zdroj:<\/strong> https:\/\/elektrickevozy.cz\/clanky\/airbag-ktery-vas-muze-zranit-<span class=\"advancedHighlight SearchKeywordHighlight\" data-classic=\"true\">nissan<\/span>-ma-obri-svolavaci-akci-na-463-tisic-aut<\/p>\n","protected":false},"excerpt":{"rendered":"<div class=\"mh-excerpt\"><p>Nissan ozn\u00e1mil svol\u00e1vac\u00ed akci glob\u00e1ln\u00ed povahy, t\u00fdk\u00e1 se 463 tis\u00edc voz\u016f. V\u011bt\u0161ina z posti\u017een\u00fdch model\u016f jezd\u00e1 v USA, ale n\u011bkter\u00e9 byly prod\u00e1ny i v Evrop\u011b.<\/p>\n<\/div>","protected":false},"author":1,"featured_media":589,"comment_status":"open","ping_status":"open","sticky":false,"template":"","format":"standard","meta":{"footnotes":""},"categories":[17],"tags":[],"class_list":["post-23566","post","type-post","status-publish","format-standard","has-post-thumbnail","hentry","category-servis"],"_links":{"self":[{"href":"https:\/\/www.automakersnews.cz\/index.php\/wp-json\/wp\/v2\/posts\/23566","targetHints":{"allow":["GET"]}}],"collection":[{"href":"https:\/\/www.automakersnews.cz\/index.php\/wp-json\/wp\/v2\/posts"}],"about":[{"href":"https:\/\/www.automakersnews.cz\/index.php\/wp-json\/wp\/v2\/types\/post"}],"author":[{"embeddable":true,"href":"https:\/\/www.automakersnews.cz\/index.php\/wp-json\/wp\/v2\/users\/1"}],"replies":[{"embeddable":true,"href":"https:\/\/www.automakersnews.cz\/index.php\/wp-json\/wp\/v2\/comments?post=23566"}],"version-history":[{"count":0,"href":"https:\/\/www.automakersnews.cz\/index.php\/wp-json\/wp\/v2\/posts\/23566\/revisions"}],"wp:featuredmedia":[{"embeddable":true,"href":"https:\/\/www.automakersnews.cz\/index.php\/wp-json\/wp\/v2\/media\/589"}],"wp:attachment":[{"href":"https:\/\/www.automakersnews.cz\/index.php\/wp-json\/wp\/v2\/media?parent=23566"}],"wp:term":[{"taxonomy":"category","embeddable":true,"href":"https:\/\/www.automakersnews.cz\/index.php\/wp-json\/wp\/v2\/categories?post=23566"},{"taxonomy":"post_tag","embeddable":true,"href":"https:\/\/www.automakersnews.cz\/index.php\/wp-json\/wp\/v2\/tags?post=23566"}],"curies":[{"name":"wp","href":"https:\/\/api.w.org\/{rel}","templated":true}]}}