{"id":23569,"date":"2023-02-21T12:17:36","date_gmt":"2023-02-21T12:17:36","guid":{"rendered":"https:\/\/www.automakersnews.cz\/?p=23569"},"modified":"2023-02-22T08:10:19","modified_gmt":"2023-02-22T08:10:19","slug":"soukupova-agentura-medea-v-inslovenci","status":"publish","type":"post","link":"https:\/\/www.automakersnews.cz\/index.php\/2023\/02\/21\/soukupova-agentura-medea-v-inslovenci\/","title":{"rendered":"Soukupova M\u00e9dea v insolven\u010dn\u00edm \u0159\u00edzen\u00ed"},"content":{"rendered":"<div class=\"d_i2 _608bd5f5042d89402533b190\">\n<p class=\"e_ae d_fC\" data-dot=\"ogm-article-perex\"><strong>Soud schv\u00e1lil zah\u00e1jen\u00ed insolven\u010dn\u00edho \u0159\u00edzen\u00ed s komunika\u010dn\u00ed firmou M\u00e9dea pat\u0159\u00edc\u00ed do skupiny finan\u010dn\u00edka a moder\u00e1tora Jarom\u00edra Soukupa. Podle n\u00e1vrhu dlu\u017e\u00ed v\u011b\u0159itel\u016fm 3,5 milionu korun. K dal\u0161\u00edm v\u011b\u0159itel\u016fm firmy, kter\u00e1 v minulosti zastupovala nap\u0159\u00edklad \u010cEZ nebo zna\u010dku Hyundai, pat\u0159\u00ed \u0159ada \u010desk\u00fdch m\u00e9di\u00ed, kter\u00e9 maj\u00ed u agentury pen\u00edze za inzerci.<\/strong><\/p>\n<\/div>\n<p><!--more--><\/p>\n<div class=\"d_i2 _608bd6b73316103f15d31ccc\">\n<div class=\"d_e\" data-e2e=\"ogm-article-layout\">\n<article class=\"d_g6\" role=\"article\" aria-labelledby=\"accessibility-article\">\n<div class=\"d_bg\" data-dot=\"ogm-article-content\">\n<div class=\"g_bh mol-rich-content--for-article\">\n<div class=\"g_ae\" data-dot=\"mol-paragraph\"><\/div>\n<div class=\"g_ae\" data-dot=\"mol-paragraph\">\n<p class=\"e_ae\"><span class=\"atm-text-decorator\">Podle zji\u0161t\u011bn\u00ed Seznam Zpr\u00e1v M\u011bstsk\u00fd soud v\u00a0Praze minul\u00fd p\u00e1tek zah\u00e1jil s\u00a0medi\u00e1ln\u00ed a\u00a0komunika\u010dn\u00ed firmou M\u00e9dea insolven\u010dn\u00ed \u0159\u00edzen\u00ed.<\/span><\/p>\n<\/div>\n<div class=\"g_ae\" data-dot=\"mol-paragraph\">\n<p class=\"e_ae\"><span class=\"atm-text-decorator\">\u201eSoud touto vyhl\u00e1\u0161kou oznamuje, \u017ee dne 17.\u00a0\u00fanora 2023\u00a0bylo zah\u00e1jeno insolven\u010dn\u00ed \u0159\u00edzen\u00ed a\u00a0dne 21.\u00a0\u00fanora 2023\u00a0byla tato vyhl\u00e1\u0161ka zve\u0159ejn\u011bna v\u00a0insolven\u010dn\u00edm rejst\u0159\u00edku. Soud vyz\u00fdv\u00e1 v\u011b\u0159itele dlu\u017en\u00edka, kte\u0159\u00ed cht\u011bj\u00ed sv\u00e9 pohled\u00e1vky uplatnit v\u00a0insolven\u010dn\u00edm \u0159\u00edzen\u00ed, aby podali u\u00a0zdej\u0161\u00edho soudu p\u0159ihl\u00e1\u0161ku sv\u00e9 pohled\u00e1vky ve lh\u016ft\u011b do rozhodnut\u00ed soudu o\u00a0\u00fapadku,\u201c stoj\u00ed v\u00a0soudn\u00ed vyhl\u00e1\u0161ce.<\/span><\/p>\n<\/div>\n<h2 class=\"e_V e_O g_V\">Dlu\u017e\u00edte miliony<\/h2>\n<div class=\"g_ae\" data-dot=\"mol-paragraph\">\n<p class=\"e_ae\"><span class=\"atm-text-decorator\">Z dokument\u016f v\u00a0insolven\u010dn\u00edm rejst\u0159\u00edku vypl\u00fdv\u00e1, \u017ee za insolven\u010dn\u00edm n\u00e1vrhem na M\u00e9deu stoj\u00ed t\u0159i v\u011b\u0159itel\u00e9\u00a0\u2013 respektive firmy, kter\u00fdm m\u00e1 Soukupova firma dlu\u017eit pen\u00edze. Jde o\u00a0prodejce reklamy CineXpres, spole\u010dnost Cinema City Czech a\u00a0spole\u010dnost Knowlimits Group.<\/span><\/p>\n<\/div>\n<div class=\"g_ae\" data-dot=\"mol-paragraph\">\n<p class=\"e_ae\"><span class=\"atm-text-decorator\">Cinema City pohled\u00e1v\u00e1 u\u00a0spole\u010dnosti moder\u00e1tora a\u00a0vlastn\u00edka TV Barrandov t\u00e9m\u011b\u0159 dva miliony korun, firma CineXpress 896\u00a0tis\u00edc korun a\u00a0spole\u010dnost Knowlimits 642\u00a0tis\u00edc korun. Jednotliv\u00e9 strany sporu se mohou nyn\u00ed k\u00a0n\u00e1vrh\u016fm vyjad\u0159ovat.<\/span><\/p>\n<\/div>\n<div class=\"g_eq\" data-dot=\"mol-document-links\">\n<div class=\"k_e0\">\n<div class=\"g_es\" data-dot=\"mol-document-link\">\n<div class=\"g_iN\" data-dot=\"mol-article-card\" data-e2e=\"mol-article-card\">\n<div>\n<div class=\"k_hX g_hX\">\n<div class=\"k_hY g_hY\" data-dot=\"mol-article-card-media\">\n<div class=\"e_X\">\n<div class=\"e_cC\"><\/div>\n<\/div>\n<\/div>\n<\/div>\n<\/div>\n<\/div>\n<\/div>\n<\/div>\n<\/div>\n<div class=\"g_ae\" data-dot=\"mol-paragraph\">\n<p class=\"e_ae\"><span class=\"atm-text-decorator\">Podnikatel Soukup na dotazy Seznam Zpr\u00e1v, co \u0159\u00edk\u00e1 na zah\u00e1jen\u00e9 insolven\u010dn\u00ed \u0159\u00edzen\u00ed \u010di zda pova\u017euje pohled\u00e1vky za opr\u00e1vn\u011bn\u00e9, do vyd\u00e1n\u00ed \u010dl\u00e1nku nereagoval. <\/span><\/p>\n<\/div>\n<div class=\"g_ae\" data-dot=\"mol-paragraph\">\n<p class=\"e_ae\"><span class=\"atm-text-decorator\">Region\u00e1ln\u00ed mana\u017eerka Cinema City Ren\u00e1ta Ben necht\u011bla situaci komentovat, stejn\u011b tak marketingov\u00fd mana\u017eer kin Cinestar Tom\u00e1\u0161 Volt, pro kter\u00e1 agentura CineXpress zaji\u0161\u0165uje prodej reklamy.<\/span><\/p>\n<\/div>\n<div class=\"g_ae\" data-dot=\"mol-paragraph\">\n<p class=\"e_ae\"><span class=\"atm-text-decorator\">M\u00e9dea je sou\u010d\u00e1st\u00ed Soukupovy medi\u00e1ln\u00ed a\u00a0komunika\u010dn\u00ed skupiny M\u00e9dea Group. \u201eJsme nejv\u011bt\u0161\u00ed komunika\u010dn\u00ed a\u00a0medi\u00e1ln\u00ed spole\u010dnost na \u010desk\u00e9m trhu. Zastupujeme v\u00edce ne\u017e 600\u00a0klient\u016f. I\u00a0tomu nejmen\u0161\u00edmu klientovi v\u011bnujeme stejn\u00fd servis jako nadn\u00e1rodn\u00ed korporaci. Na t\u00e9 nejvy\u0161\u0161\u00ed \u00farovni,\u201c p\u00ed\u0161e o\u00a0sob\u011b firma moder\u00e1tora TV Barrandov.<\/span><\/p>\n<p><strong>Dluhy v\u016f\u010di motoristik\u00fdm m\u00e9di\u00edm<\/strong><\/p>\n<p>Pen\u00edze za inzerci dlu\u017e\u00ed M\u00e9dea podle dostupn\u00fdch informac\u00ed \u0159ad\u011b dal\u0161\u00edch m\u00e9di\u00ed, v\u010detn\u011b motoristick\u00fdch titul\u016f. Pat\u0159\u00ed k nim i \u010dasopis Automakers.<\/p>\n<\/div>\n<\/div>\n<\/div>\n<\/article>\n<\/div>\n<\/div>\n","protected":false},"excerpt":{"rendered":"<div class=\"mh-excerpt\"><p>Soud schv\u00e1lil zah\u00e1jen\u00ed insolven\u010dn\u00edho \u0159\u00edzen\u00ed s komunika\u010dn\u00ed firmou M\u00e9dea pat\u0159\u00edc\u00ed do skupiny finan\u010dn\u00edka a moder\u00e1tora Jarom\u00edra Soukupa. Podle n\u00e1vrhu dlu\u017e\u00ed v\u011b\u0159itel\u016fm 3,5 milionu korun. K <a class=\"mh-excerpt-more\" href=\"https:\/\/www.automakersnews.cz\/index.php\/2023\/02\/21\/soukupova-agentura-medea-v-inslovenci\/\" title=\"Soukupova M\u00e9dea v insolven\u010dn\u00edm \u0159\u00edzen\u00ed\">[&#8230;]<\/a><\/p>\n<\/div>","protected":false},"author":1,"featured_media":23598,"comment_status":"open","ping_status":"open","sticky":false,"template":"","format":"standard","meta":{"footnotes":""},"categories":[2],"tags":[],"class_list":["post-23569","post","type-post","status-publish","format-standard","has-post-thumbnail","hentry","category-news"],"_links":{"self":[{"href":"https:\/\/www.automakersnews.cz\/index.php\/wp-json\/wp\/v2\/posts\/23569","targetHints":{"allow":["GET"]}}],"collection":[{"href":"https:\/\/www.automakersnews.cz\/index.php\/wp-json\/wp\/v2\/posts"}],"about":[{"href":"https:\/\/www.automakersnews.cz\/index.php\/wp-json\/wp\/v2\/types\/post"}],"author":[{"embeddable":true,"href":"https:\/\/www.automakersnews.cz\/index.php\/wp-json\/wp\/v2\/users\/1"}],"replies":[{"embeddable":true,"href":"https:\/\/www.automakersnews.cz\/index.php\/wp-json\/wp\/v2\/comments?post=23569"}],"version-history":[{"count":0,"href":"https:\/\/www.automakersnews.cz\/index.php\/wp-json\/wp\/v2\/posts\/23569\/revisions"}],"wp:featuredmedia":[{"embeddable":true,"href":"https:\/\/www.automakersnews.cz\/index.php\/wp-json\/wp\/v2\/media\/23598"}],"wp:attachment":[{"href":"https:\/\/www.automakersnews.cz\/index.php\/wp-json\/wp\/v2\/media?parent=23569"}],"wp:term":[{"taxonomy":"category","embeddable":true,"href":"https:\/\/www.automakersnews.cz\/index.php\/wp-json\/wp\/v2\/categories?post=23569"},{"taxonomy":"post_tag","embeddable":true,"href":"https:\/\/www.automakersnews.cz\/index.php\/wp-json\/wp\/v2\/tags?post=23569"}],"curies":[{"name":"wp","href":"https:\/\/api.w.org\/{rel}","templated":true}]}}