{"id":23773,"date":"2023-02-22T08:37:36","date_gmt":"2023-02-22T08:37:36","guid":{"rendered":"https:\/\/www.automakersnews.cz\/?p=23773"},"modified":"2023-02-22T08:45:04","modified_gmt":"2023-02-22T08:45:04","slug":"italie-chce-chranit-svuj-automobilovy-prumysl","status":"publish","type":"post","link":"https:\/\/www.automakersnews.cz\/index.php\/2023\/02\/22\/italie-chce-chranit-svuj-automobilovy-prumysl\/","title":{"rendered":"It\u00e1lie chce chr\u00e1nit sv\u016fj autopr\u016fmysl (VIDEO)"},"content":{"rendered":"<p><strong><span class=\"e5id6 advancedHighlight\" data-id=\"0\" data-classic=\"false\">Ital\u0161t\u00ed<\/span>\u00a0<span class=\"e5id6 advancedHighlight\" data-id=\"0\" data-classic=\"false\">minist\u0159i<\/span>\u00a0kritizuj\u00ed z\u00e1kaz\u00a0<span class=\"e5id1 advancedHighlight\" data-id=\"2\" data-classic=\"false\">v\u00fdroby<\/span> aut se spalovac\u00edmi motory v roce 2035, kter\u00fd schv\u00e1lil <span class=\"e1id0 advancedHighlight\" data-id=\"3\" data-classic=\"false\">Evropsk\u00fd<\/span>\u00a0<span class=\"e1id0 advancedHighlight\" data-id=\"3\" data-classic=\"false\">parlament<\/span>. Podle\u00a0<span class=\"e0id0 advancedHighlight\" data-id=\"5\" data-classic=\"false\">\u0158\u00edma<\/span>, kde vl\u00e1dnou pravicov\u00e9 a krajn\u011b pravicov\u00e9 s\u00edly, se jedn\u00e1 o ideologick\u00e9 rozhodnut\u00ed, kter\u00e9 po\u0161kod\u00ed italsk\u00fd a evropsk\u00fd pr\u016fmysl.<\/strong><!--more--><\/p>\n<p><span class=\"e0id0 advancedHighlight\" data-id=\"5\" data-classic=\"false\">\u0158\u00edm<\/span>\u00a0chce podle\u00a0<span class=\"e1id1 e4id0 advancedHighlight\" data-id=\"7\" data-classic=\"false\">\u010cTK<\/span>\u00a0vyu\u017e\u00edt revizn\u00edho term\u00ednu v roce 2026, kdy by\u00a0<span class=\"e1id2 advancedHighlight\" data-id=\"8\" data-classic=\"false\">Evropsk\u00e1<\/span>\u00a0<span class=\"e1id2 advancedHighlight\" data-id=\"8\" data-classic=\"false\">unie<\/span>\u00a0m\u011bla vyhodnotit, jak se\u00a0<span class=\"e5id0 advancedHighlight e-personGeneral SearchKeywordHighlight\" data-id=\"10\" data-classic=\"true\">automobilov\u00fd<\/span>\u00a0<span class=\"e5id0 advancedHighlight\" data-id=\"11\" data-classic=\"false\">pr\u016fmysl<\/span>\u00a0na zm\u011bnu p\u0159ipravil.<\/p>\n<p>Podle\u00a0<span class=\"e5id2 advancedHighlight\" data-id=\"12\" data-classic=\"false\">\u0161\u00e9fa<\/span>\u00a0italsk\u00e9 diplomacie Tajaniho\u00a0<span class=\"e0id1 advancedHighlight\" data-id=\"13\" data-classic=\"false\">It\u00e1lie<\/span>\u00a0navrhne, aby i po roce 2035 automobilky mohly vyr\u00e1b\u011bt deset procent voz\u016f se spalovac\u00edmi motory.<\/p>\n<p>&#8222;Mus\u00edme chr\u00e1nit n\u00e1\u0161\u00a0<span class=\"e5id0 advancedHighlight e-personGeneral SearchKeywordHighlight\" data-id=\"10\" data-classic=\"true\">automobilov\u00fd<\/span>\u00a0<span class=\"e5id0 advancedHighlight\" data-id=\"11\" data-classic=\"false\">pr\u016fmysl<\/span>,&#8220; \u0159ekl Tajani den\u00edku\u00a0<span class=\"e3id1 advancedHighlight\" data-id=\"16\" data-classic=\"false\">Corriere<\/span>\u00a0<span class=\"e3id1 advancedHighlight\" data-id=\"16\" data-classic=\"false\">della<\/span>\u00a0<span class=\"e3id1 advancedHighlight\" data-id=\"16\" data-classic=\"false\">Sera<\/span>. Podle <span class=\"e5id3 advancedHighlight\" data-id=\"22\" data-classic=\"false\">ministra<\/span>\u00a0podnik\u016f Ursa\u00a0<span class=\"e0id1 advancedHighlight\" data-id=\"13\" data-classic=\"false\">It\u00e1lie<\/span>\u00a0chce vyu\u017e\u00edt revizn\u00edho term\u00ednu v roce 2026, aby prosadila zm\u011bnu dohody. &#8222;Revizn\u00ed term\u00edn v roce 2026 bude kl\u00ed\u010dovou etapou a pro n\u00e1s mus\u00ed b\u00fdt obratem,&#8220; \u0159ekl Urso den\u00edku\u00a0<span class=\"e3id2 advancedHighlight\" data-id=\"24\" data-classic=\"false\">La<\/span>\u00a0<span class=\"e3id2 advancedHighlight\" data-id=\"24\" data-classic=\"false\">Stampa<\/span>.<\/p>\n<p>Ten je sou\u010d\u00e1st\u00ed skupiny\u00a0<span class=\"e3id0 advancedHighlight\" data-id=\"26\" data-classic=\"false\">Gedi<\/span>, kterou spoluvlastn\u00ed rodina\u00a0<span class=\"e1id5 advancedHighlight\" data-id=\"27\" data-classic=\"false\">Agnelli\u016f<\/span>, kl\u00ed\u010dov\u00ed\u00a0<span class=\"e5id4 advancedHighlight\" data-id=\"28\" data-classic=\"false\">akcion\u00e1\u0159i<\/span>\u00a0<span class=\"advancedHighlight SearchKeywordHighlight\" data-classic=\"true\">automobilov\u00e9<\/span>\u00a0skupiny\u00a0<span class=\"e1id3 advancedHighlight\" data-id=\"30\" data-classic=\"false\">Stellantis<\/span>. Urso dodal, \u017ee v roce 2026 bude ve funkci &#8222;nov\u00fd\u00a0<span class=\"e1id0 advancedHighlight\" data-id=\"3\" data-classic=\"false\">Evropsk\u00fd<\/span>\u00a0<span class=\"e1id0 advancedHighlight\" data-id=\"3\" data-classic=\"false\">parlament<\/span>\u00a0a nov\u00e1\u00a0<span class=\"e1id4 advancedHighlight\" data-id=\"33\" data-classic=\"false\">Evropsk\u00e1<\/span>\u00a0<span class=\"e1id4 advancedHighlight\" data-id=\"33\" data-classic=\"false\">komise<\/span>&#8222;. V\u00a0<span class=\"e0id1 advancedHighlight\" data-id=\"13\" data-classic=\"false\">It\u00e1lii<\/span>\u00a0volebn\u00ed obdob\u00ed kon\u010d\u00ed v roce 2027.<\/p>\n<p>Urso v rozhovoru p\u0159ipustil, \u017ee\u00a0<span class=\"e0id1 advancedHighlight\" data-id=\"13\" data-classic=\"false\">It\u00e1lie<\/span>\u00a0je na p\u0159echod na elektromobilitu \u0161patn\u011b p\u0159ipravena. Relativn\u011b \u0159\u00eddk\u00e1 je nap\u0159\u00edklad s\u00ed\u0165 dob\u00edjec\u00edch stanic. Pod\u00edl elektromobil\u016f na prodan\u00fdch nov\u00fdch automobilech v roce 2022 byl rovn\u011b\u017e n\u00edzk\u00fd a tvo\u0159il zhruba \u010dty\u0159i procenta.<\/p>\n<p>Podle sdru\u017een\u00ed italsk\u00e9ho\u00a0<span class=\"e5id0 advancedHighlight e-personGeneral SearchKeywordHighlight\" data-id=\"10\" data-classic=\"true\">automobilov\u00e9ho<\/span>\u00a0<span class=\"e5id0 advancedHighlight\" data-id=\"11\" data-classic=\"false\">pr\u016fmyslu<\/span>\u00a0ANFIA\u00a0<span class=\"e5id1 advancedHighlight\" data-id=\"2\" data-classic=\"false\">v\u00fdroba<\/span>\u00a0aut v\u00a0<span class=\"e0id1 advancedHighlight\" data-id=\"13\" data-classic=\"false\">It\u00e1lii<\/span>\u00a0zam\u011bstn\u00e1v\u00e1 na 270.000 lid\u00ed. Produkce automobilek a jejich dodavatel\u016f tvo\u0159\u00ed zhruba p\u011bt procent italsk\u00e9ho HDP.<\/p>\n<iframe loading=\"lazy\"  style=\"display: block; margin: 0px auto;\"  id=\"_ytid_51048\"  width=\"800\" height=\"450\"  data-origwidth=\"800\" data-origheight=\"450\" src=\"https:\/\/www.youtube.com\/embed\/AbnoRx0rhtU?enablejsapi=1&autoplay=1&cc_load_policy=0&iv_load_policy=1&loop=1&playlist=AbnoRx0rhtU&modestbranding=0&fs=1&playsinline=0&controls=1&color=red&cc_lang_pref=&rel=1&autohide=2&theme=dark&\" class=\"__youtube_prefs__  no-lazyload\" title=\"YouTube player\"  allow=\"accelerometer; autoplay; clipboard-write; encrypted-media; gyroscope; picture-in-picture\" allowfullscreen data-no-lazy=\"1\" data-skipgform_ajax_framebjll=\"\"><\/iframe>\n","protected":false},"excerpt":{"rendered":"<div class=\"mh-excerpt\"><p>Ital\u0161t\u00ed\u00a0minist\u0159i\u00a0kritizuj\u00ed z\u00e1kaz\u00a0v\u00fdroby aut se spalovac\u00edmi motory v roce 2035, kter\u00fd schv\u00e1lil Evropsk\u00fd\u00a0parlament. Podle\u00a0\u0158\u00edma, kde vl\u00e1dnou pravicov\u00e9 a krajn\u011b pravicov\u00e9 s\u00edly, se jedn\u00e1 o ideologick\u00e9 rozhodnut\u00ed, <a class=\"mh-excerpt-more\" href=\"https:\/\/www.automakersnews.cz\/index.php\/2023\/02\/22\/italie-chce-chranit-svuj-automobilovy-prumysl\/\" title=\"It\u00e1lie chce chr\u00e1nit sv\u016fj autopr\u016fmysl (VIDEO)\">[&#8230;]<\/a><\/p>\n<\/div>","protected":false},"author":1,"featured_media":715,"comment_status":"open","ping_status":"open","sticky":false,"template":"","format":"standard","meta":{"footnotes":""},"categories":[2],"tags":[],"class_list":["post-23773","post","type-post","status-publish","format-standard","has-post-thumbnail","hentry","category-news"],"_links":{"self":[{"href":"https:\/\/www.automakersnews.cz\/index.php\/wp-json\/wp\/v2\/posts\/23773","targetHints":{"allow":["GET"]}}],"collection":[{"href":"https:\/\/www.automakersnews.cz\/index.php\/wp-json\/wp\/v2\/posts"}],"about":[{"href":"https:\/\/www.automakersnews.cz\/index.php\/wp-json\/wp\/v2\/types\/post"}],"author":[{"embeddable":true,"href":"https:\/\/www.automakersnews.cz\/index.php\/wp-json\/wp\/v2\/users\/1"}],"replies":[{"embeddable":true,"href":"https:\/\/www.automakersnews.cz\/index.php\/wp-json\/wp\/v2\/comments?post=23773"}],"version-history":[{"count":0,"href":"https:\/\/www.automakersnews.cz\/index.php\/wp-json\/wp\/v2\/posts\/23773\/revisions"}],"wp:featuredmedia":[{"embeddable":true,"href":"https:\/\/www.automakersnews.cz\/index.php\/wp-json\/wp\/v2\/media\/715"}],"wp:attachment":[{"href":"https:\/\/www.automakersnews.cz\/index.php\/wp-json\/wp\/v2\/media?parent=23773"}],"wp:term":[{"taxonomy":"category","embeddable":true,"href":"https:\/\/www.automakersnews.cz\/index.php\/wp-json\/wp\/v2\/categories?post=23773"},{"taxonomy":"post_tag","embeddable":true,"href":"https:\/\/www.automakersnews.cz\/index.php\/wp-json\/wp\/v2\/tags?post=23773"}],"curies":[{"name":"wp","href":"https:\/\/api.w.org\/{rel}","templated":true}]}}