{"id":238,"date":"2022-07-22T07:39:21","date_gmt":"2022-07-22T07:39:21","guid":{"rendered":"http:\/\/www.automakersnews.cz\/?p=238"},"modified":"2022-07-22T07:39:21","modified_gmt":"2022-07-22T07:39:21","slug":"vlada-snizila-pridaneni-sluzebniho-auta","status":"publish","type":"post","link":"https:\/\/www.automakersnews.cz\/index.php\/2022\/07\/22\/vlada-snizila-pridaneni-sluzebniho-auta\/","title":{"rendered":"Vl\u00e1da sn\u00ed\u017eila p\u0159idan\u011bn\u00ed slu\u017eebn\u00edho auta"},"content":{"rendered":"<p><strong>Vl\u00e1da od \u010dervence sn\u00ed\u017eila p\u0159idan\u011bn\u00ed obl\u00edben\u00e9ho zam\u011bstnaneck\u00e9ho benefitu &#8211; slu\u017eebn\u00edho auta vyu\u017e\u00edvan\u00e9ho k soukrom\u00fdm j\u00edzd\u00e1m (jako sou\u010d\u00e1sti dan\u011b z p\u0159\u00edjmu zam\u011bstnance).<\/strong><!--more--><\/p>\n<p>&#8222;Pr\u00e1v\u011b na tuto oblast m\u00ed\u0159\u00ed opat\u0159en\u00ed, kter\u00e9 k 1. \u010dervenci vstoupilo v platnost, a kter\u00e9 jsme ji\u017e del\u0161\u00ed dobu vl\u00e1d\u011b doporu\u010dovali. Pro n\u00edzkoemisn\u00ed vozy tak nov\u011b plat\u00ed v\u00fd\u0161e 0,5 pct z po\u0159izovac\u00ed ceny vozu, kter\u00e1 je zpravidla dvojn\u00e1sobn\u00e1 oproti &#8222;konven\u010dn\u00edm vozidl\u016fm&#8220;. Odpad\u00e1 tak jedna z bari\u00e9r,&#8220; uvedlo Sdru\u017een\u00ed automobilov\u00e9ho pr\u016fmyslu.<\/p>\n<p>V \u010cesku kupuj\u00ed nov\u00e1 auta zhruba ze t\u0159\u00ed \u010dtvrtin firmy. U elektrick\u00fdch aut je tento pod\u00edl dokonce vy\u0161\u0161\u00ed ne\u017e 90 procent.<\/p>\n<p>V\u00edce o t\u00e9matu najdete zde: <a href=\"https:\/\/lnkd.in\/eYSiZnfH\" data-attribute-index=\"2\">https:\/\/lnkd.in\/eYSiZnfH<\/a><br \/>\nPodrobn\u00e9 pokyny a konkr\u00e9tn\u00ed p\u0159\u00edklady pou\u017eit\u00ed vydala\u00a0<a href=\"https:\/\/www.linkedin.com\/company\/financnisprava\/\" data-attribute-index=\"0\" data-entity-hovercard-id=\"urn:li:fs_miniCompany:24975132\" data-entity-type=\"MINI_COMPANY\">Finan\u010dn\u00ed spr\u00e1va \u010cR<\/a>:<\/p>\n","protected":false},"excerpt":{"rendered":"<div class=\"mh-excerpt\"><p>Vl\u00e1da od \u010dervence sn\u00ed\u017eila p\u0159idan\u011bn\u00ed obl\u00edben\u00e9ho zam\u011bstnaneck\u00e9ho benefitu &#8211; slu\u017eebn\u00edho auta vyu\u017e\u00edvan\u00e9ho k soukrom\u00fdm j\u00edzd\u00e1m (jako sou\u010d\u00e1sti dan\u011b z p\u0159\u00edjmu zam\u011bstnance).<\/p>\n<\/div>","protected":false},"author":1,"featured_media":74,"comment_status":"open","ping_status":"open","sticky":false,"template":"","format":"standard","meta":{"footnotes":""},"categories":[21],"tags":[],"class_list":["post-238","post","type-post","status-publish","format-standard","has-post-thumbnail","hentry","category-legislativa"],"_links":{"self":[{"href":"https:\/\/www.automakersnews.cz\/index.php\/wp-json\/wp\/v2\/posts\/238","targetHints":{"allow":["GET"]}}],"collection":[{"href":"https:\/\/www.automakersnews.cz\/index.php\/wp-json\/wp\/v2\/posts"}],"about":[{"href":"https:\/\/www.automakersnews.cz\/index.php\/wp-json\/wp\/v2\/types\/post"}],"author":[{"embeddable":true,"href":"https:\/\/www.automakersnews.cz\/index.php\/wp-json\/wp\/v2\/users\/1"}],"replies":[{"embeddable":true,"href":"https:\/\/www.automakersnews.cz\/index.php\/wp-json\/wp\/v2\/comments?post=238"}],"version-history":[{"count":0,"href":"https:\/\/www.automakersnews.cz\/index.php\/wp-json\/wp\/v2\/posts\/238\/revisions"}],"wp:featuredmedia":[{"embeddable":true,"href":"https:\/\/www.automakersnews.cz\/index.php\/wp-json\/wp\/v2\/media\/74"}],"wp:attachment":[{"href":"https:\/\/www.automakersnews.cz\/index.php\/wp-json\/wp\/v2\/media?parent=238"}],"wp:term":[{"taxonomy":"category","embeddable":true,"href":"https:\/\/www.automakersnews.cz\/index.php\/wp-json\/wp\/v2\/categories?post=238"},{"taxonomy":"post_tag","embeddable":true,"href":"https:\/\/www.automakersnews.cz\/index.php\/wp-json\/wp\/v2\/tags?post=238"}],"curies":[{"name":"wp","href":"https:\/\/api.w.org\/{rel}","templated":true}]}}