{"id":23812,"date":"2023-02-22T10:20:56","date_gmt":"2023-02-22T10:20:56","guid":{"rendered":"https:\/\/www.automakersnews.cz\/?p=23812"},"modified":"2023-02-22T12:28:48","modified_gmt":"2023-02-22T12:28:48","slug":"martin-machala-konci-ve-svete-motoru","status":"publish","type":"post","link":"https:\/\/www.automakersnews.cz\/index.php\/2023\/02\/22\/martin-machala-konci-ve-svete-motoru\/","title":{"rendered":"Martin Machala kon\u010d\u00ed ve Sv\u011bt\u011b motor\u016f"},"content":{"rendered":"<p><strong>S t\u00fdden\u00edkem Sv\u011bt motor\u016f se zhruba po dvaceti letech p\u016fsoben\u00ed lou\u010d\u00ed Martin Machala. Novin\u00e1\u0159 p\u0159ech\u00e1z\u00ed do konkuren\u010dn\u00ed webov\u00e9 platformy.<\/strong><!--more--><\/p>\n<p>Martin se narodil roku 1983 a jeho prvn\u00ed slovo pr\u00fd bylo \u201eauto\u201c. Vzhledem k tomuto faktu a od d\u011btstv\u00ed p\u011bstovan\u00e9 z\u00e1lib\u011b v tv\u016fr\u010d\u00edm psan\u00ed nep\u0159ich\u00e1zela v \u00favahu jin\u00e1 pr\u00e1ce ne\u017e motoristick\u00fd novin\u00e1\u0159.<\/p>\n<p>Sv\u011btu motor\u016f byl dlouho v\u011brn\u00fd, jako externista nastoupil v roce 2003, po dokon\u010den\u00ed studia \u017eurnalistiky nastoupil v roce 2006 na pln\u00fd \u00favazek.<\/p>\n<p>&#8222;Po dvaceti letech jsem se rozhodl pro zm\u011bnu, p\u0159ech\u00e1z\u00edm do projektu Gar\u00e1\u017e, kde budu od b\u0159ezna p\u016fsobit jako redaktor i editor,&#8220; \u0159ekl n\u00e1m Machala.<\/p>\n<p>V podstat\u011b p\u0159evezme \u010d\u00e1st pr\u00e1ce b\u00fdval\u00e9ho \u0161\u00e9fredaktora Gar\u00e1\u017ee Dominika Val\u00e1\u0161ka, jeho\u017e pozice byla zru\u0161ena a kter\u00fd se s Gar\u00e1\u017e\u00ed rozlou\u010dil koncem minul\u00e9ho roku.<\/p>\n<figure id=\"attachment_5921\" aria-describedby=\"caption-attachment-5921\" style=\"width: 1024px\" class=\"wp-caption alignnone\"><img loading=\"lazy\" decoding=\"async\" class=\"size-large wp-image-5921\" src=\"http:\/\/www.automakersnews.cz\/wp-content\/uploads\/2022\/12\/Dominik-Valasek-1024x768.jpg\" alt=\"\" width=\"1024\" height=\"768\" srcset=\"https:\/\/www.automakersnews.cz\/wp-content\/uploads\/2022\/12\/Dominik-Valasek-1024x768.jpg 1024w, https:\/\/www.automakersnews.cz\/wp-content\/uploads\/2022\/12\/Dominik-Valasek-300x225.jpg 300w, https:\/\/www.automakersnews.cz\/wp-content\/uploads\/2022\/12\/Dominik-Valasek-768x576.jpg 768w, https:\/\/www.automakersnews.cz\/wp-content\/uploads\/2022\/12\/Dominik-Valasek-1536x1152.jpg 1536w, https:\/\/www.automakersnews.cz\/wp-content\/uploads\/2022\/12\/Dominik-Valasek-678x509.jpg 678w, https:\/\/www.automakersnews.cz\/wp-content\/uploads\/2022\/12\/Dominik-Valasek-326x245.jpg 326w, https:\/\/www.automakersnews.cz\/wp-content\/uploads\/2022\/12\/Dominik-Valasek-80x60.jpg 80w, https:\/\/www.automakersnews.cz\/wp-content\/uploads\/2022\/12\/Dominik-Valasek.jpg 2040w\" sizes=\"auto, (max-width: 1024px) 100vw, 1024px\" \/><figcaption id=\"caption-attachment-5921\" class=\"wp-caption-text\">Dominik Val\u00e1\u0161ek spol\u00e9h\u00e1 v dal\u0161\u00ed kari\u00e9\u0159e na zbrojn\u00ed pr\u016fkazy<\/figcaption><\/figure>\n<p>\u201eO ukon\u010den\u00ed spolupr\u00e1ce jsem se dozv\u011bd\u011bl 28. listopadu, byla to rychl\u00e1 akce. D\u016fvodem byly z\u0159ejm\u011b \u00faspory a pl\u00e1novan\u00fd p\u0159echod Gar\u00e1\u017ee na jin\u00fd form\u00e1t v p\u0159\u00ed\u0161t\u00edm roce. D\u00e1l se budu v\u011bnovat psan\u00ed a vedle toho bych se cht\u011bl \u017eivit jako instruktor z\u00e1jemc\u016f o zbrojn\u00ed pr\u016fkaz,\u201c \u0159ekl letos v lednu na\u0161emu \u010dasopisu Val\u00e1\u0161ek.<\/p>\n","protected":false},"excerpt":{"rendered":"<div class=\"mh-excerpt\"><p>S t\u00fdden\u00edkem Sv\u011bt motor\u016f se zhruba po dvaceti letech p\u016fsoben\u00ed lou\u010d\u00ed Martin Machala. Novin\u00e1\u0159 p\u0159ech\u00e1z\u00ed do konkuren\u010dn\u00ed webov\u00e9 platformy.<\/p>\n<\/div>","protected":false},"author":1,"featured_media":23814,"comment_status":"open","ping_status":"open","sticky":false,"template":"","format":"standard","meta":{"footnotes":""},"categories":[2],"tags":[],"class_list":["post-23812","post","type-post","status-publish","format-standard","has-post-thumbnail","hentry","category-news"],"_links":{"self":[{"href":"https:\/\/www.automakersnews.cz\/index.php\/wp-json\/wp\/v2\/posts\/23812","targetHints":{"allow":["GET"]}}],"collection":[{"href":"https:\/\/www.automakersnews.cz\/index.php\/wp-json\/wp\/v2\/posts"}],"about":[{"href":"https:\/\/www.automakersnews.cz\/index.php\/wp-json\/wp\/v2\/types\/post"}],"author":[{"embeddable":true,"href":"https:\/\/www.automakersnews.cz\/index.php\/wp-json\/wp\/v2\/users\/1"}],"replies":[{"embeddable":true,"href":"https:\/\/www.automakersnews.cz\/index.php\/wp-json\/wp\/v2\/comments?post=23812"}],"version-history":[{"count":0,"href":"https:\/\/www.automakersnews.cz\/index.php\/wp-json\/wp\/v2\/posts\/23812\/revisions"}],"wp:featuredmedia":[{"embeddable":true,"href":"https:\/\/www.automakersnews.cz\/index.php\/wp-json\/wp\/v2\/media\/23814"}],"wp:attachment":[{"href":"https:\/\/www.automakersnews.cz\/index.php\/wp-json\/wp\/v2\/media?parent=23812"}],"wp:term":[{"taxonomy":"category","embeddable":true,"href":"https:\/\/www.automakersnews.cz\/index.php\/wp-json\/wp\/v2\/categories?post=23812"},{"taxonomy":"post_tag","embeddable":true,"href":"https:\/\/www.automakersnews.cz\/index.php\/wp-json\/wp\/v2\/tags?post=23812"}],"curies":[{"name":"wp","href":"https:\/\/api.w.org\/{rel}","templated":true}]}}