{"id":23819,"date":"2023-02-22T10:36:28","date_gmt":"2023-02-22T10:36:28","guid":{"rendered":"https:\/\/www.automakersnews.cz\/?p=23819"},"modified":"2023-02-22T10:42:59","modified_gmt":"2023-02-22T10:42:59","slug":"meeting-point-czechtrade-nalakal-stovky-firem","status":"publish","type":"post","link":"https:\/\/www.automakersnews.cz\/index.php\/2023\/02\/22\/meeting-point-czechtrade-nalakal-stovky-firem\/","title":{"rendered":"Meeting Point CzechTrade l\u00e1kal export\u00e9ry"},"content":{"rendered":"<p><strong><span style=\"color: #333333;\">V Kongresov\u00e9m centru Praha se 21. \u00fanora se\u0161li z\u00e1stupci \u010desk\u00fdch firem nap\u0159\u00ed\u010d v\u0161emi obory. V\u011bt\u0161inu \u00fa\u010dastn\u00edk\u016f akce spojuje podobn\u00fd motiv \u2013 hled\u00e1n\u00ed nov\u00fdch zahrani\u010dn\u00edch trh\u016f jako reakce na slo\u017eit\u011bj\u0161\u00ed ekonomick\u00e9 podm\u00ednky. Na tiskovce promluvil i ministr financ\u00ed Zbyn\u011bk Sta\u0148jura.<\/span><\/strong><!--more--><\/p>\n<p><span style=\"color: #333333;\"><i>\u201eKlienti po zahrani\u010dn\u00edch kancel\u00e1\u0159\u00edch \u010dasto vy\u017eaduj\u00ed komplexn\u011bj\u0161\u00ed slu\u017eby. Nejen vyhled\u00e1n\u00ed a osloven\u00ed obchodn\u00edch partner\u016f, ale i detailn\u00ed anal\u00fdzy tr\u017en\u00edho potenci\u00e1lu,\u201c<\/i><\/span><span style=\"color: #333333;\"> vysv\u011btluje <\/span><span style=\"color: #333333;\"><b>gener\u00e1ln\u00ed \u0159editel CzechTrade Radomil Dole\u017eal<\/b><\/span><span style=\"color: #333333;\"> s\u00a0t\u00edm, \u017ee v\u00edce ne\u017e d\u0159\u00edve se spole\u010dnosti orientuj\u00ed na trhy mimo Evropu a m\u00edsto subdod\u00e1vek a z\u00e1kladn\u00edho spot\u0159ebn\u00edho zbo\u017e\u00ed se soust\u0159ed\u00ed na technologick\u00e9 produkty s\u00a0vy\u0161\u0161\u00ed p\u0159idanou hodnotou. <\/span><\/p>\n<p><span style=\"color: #333333;\">V\u00a0tomto sm\u011bru hraj\u00ed kl\u00ed\u010dovou roli nejen Exportn\u00ed inkub\u00e1tory a Exportn\u00ed aliance, ale tak\u00e9 Design Centrum agentury CzechTrade.<\/span><\/p>\n<figure id=\"attachment_23824\" aria-describedby=\"caption-attachment-23824\" style=\"width: 886px\" class=\"wp-caption alignnone\"><img loading=\"lazy\" decoding=\"async\" class=\"size-full wp-image-23824\" src=\"http:\/\/www.automakersnews.cz\/wp-content\/uploads\/2023\/02\/TK-Meeting-Point-CzechTrade.jpg\" alt=\"\" width=\"886\" height=\"591\" srcset=\"https:\/\/www.automakersnews.cz\/wp-content\/uploads\/2023\/02\/TK-Meeting-Point-CzechTrade.jpg 886w, https:\/\/www.automakersnews.cz\/wp-content\/uploads\/2023\/02\/TK-Meeting-Point-CzechTrade-300x200.jpg 300w, https:\/\/www.automakersnews.cz\/wp-content\/uploads\/2023\/02\/TK-Meeting-Point-CzechTrade-768x512.jpg 768w\" sizes=\"auto, (max-width: 886px) 100vw, 886px\" \/><figcaption id=\"caption-attachment-23824\" class=\"wp-caption-text\">Tiskovka za \u00fa\u010dasti ministra financ\u00ed Zby\u0148ka Sta\u0148jury<\/figcaption><\/figure>\n<p><span style=\"color: #333333;\">P\u0159\u00edle\u017eitosti pro \u010desk\u00e9 export\u00e9ry se v\u00fdrazn\u011b rozv\u00edj\u00ed ve Spojen\u00fdch st\u00e1tech. Na to agentura CzechTrade reaguje lep\u0161\u00edm pokryt\u00edm tamn\u00edho trhu, kdy\u017e v\u00a0leto\u0161n\u00edm roce otev\u0159e zahrani\u010dn\u00ed kancel\u00e1\u0159 v\u00a0texask\u00e9m Austinu, kde doposud \u017e\u00e1dn\u00e1 \u010desk\u00e1 entita na podporu exportu nep\u016fsobila. Nejv\u011bt\u0161\u00ed z\u00e1jem je v\u0161ak st\u00e1le o geograficky nejbli\u017e\u0161\u00ed trhy v\u00a0r\u00e1mci Evropy. <\/span><\/p>\n<p><span style=\"color: #333333;\">Podle odborn\u00edk\u016f CzechTrade roste po\u010det firem, kter\u00e9 cht\u011bj\u00ed do oblasti st\u0159edn\u00ed Evropy exportovat slu\u017eby, zejm\u00e9na r\u016fzn\u00e1 digit\u00e1ln\u00ed \u0159e\u0161en\u00ed. Z\u00e1rove\u0148 si firmy v\u00edce uv\u011bdomuj\u00ed v\u00fdznam produktov\u00e9ho designu, kter\u00fd um\u00ed vt\u011blit do fin\u00e1ln\u00ed podoby jejich v\u00fdrobk\u016f. Sou\u010dasn\u011b se \u010de\u0161t\u00ed v\u00fdvozci posunuj\u00ed v\u00fd\u0161e v\u00a0hodnotov\u00e9m \u0159et\u011bzci, p\u0159ib\u00fdv\u00e1 firem, kter\u00e9 nab\u00edzej\u00ed fin\u00e1ln\u00ed produkty.<\/span><\/p>\n<p><strong>Zdroj: Erich Handl, Kongresov\u00e9 centrum Praha<\/strong><\/p>\n<p><img loading=\"lazy\" decoding=\"async\" class=\"alignnone size-large wp-image-23827\" src=\"http:\/\/www.automakersnews.cz\/wp-content\/uploads\/2023\/02\/Meeting-Point-CzechTrade-konzultace-1024x683.jpg\" alt=\"\" width=\"1024\" height=\"683\" \/><\/p>\n<p>&nbsp;<\/p>\n","protected":false},"excerpt":{"rendered":"<div class=\"mh-excerpt\"><p>V Kongresov\u00e9m centru Praha se 21. \u00fanora se\u0161li z\u00e1stupci \u010desk\u00fdch firem nap\u0159\u00ed\u010d v\u0161emi obory. V\u011bt\u0161inu \u00fa\u010dastn\u00edk\u016f akce spojuje podobn\u00fd motiv \u2013 hled\u00e1n\u00ed nov\u00fdch zahrani\u010dn\u00edch trh\u016f <a class=\"mh-excerpt-more\" href=\"https:\/\/www.automakersnews.cz\/index.php\/2023\/02\/22\/meeting-point-czechtrade-nalakal-stovky-firem\/\" title=\"Meeting Point CzechTrade l\u00e1kal export\u00e9ry\">[&#8230;]<\/a><\/p>\n<\/div>","protected":false},"author":1,"featured_media":23820,"comment_status":"open","ping_status":"open","sticky":false,"template":"","format":"standard","meta":{"footnotes":""},"categories":[10,48],"tags":[],"class_list":["post-23819","post","type-post","status-publish","format-standard","has-post-thumbnail","hentry","category-eventy","category-export"],"_links":{"self":[{"href":"https:\/\/www.automakersnews.cz\/index.php\/wp-json\/wp\/v2\/posts\/23819","targetHints":{"allow":["GET"]}}],"collection":[{"href":"https:\/\/www.automakersnews.cz\/index.php\/wp-json\/wp\/v2\/posts"}],"about":[{"href":"https:\/\/www.automakersnews.cz\/index.php\/wp-json\/wp\/v2\/types\/post"}],"author":[{"embeddable":true,"href":"https:\/\/www.automakersnews.cz\/index.php\/wp-json\/wp\/v2\/users\/1"}],"replies":[{"embeddable":true,"href":"https:\/\/www.automakersnews.cz\/index.php\/wp-json\/wp\/v2\/comments?post=23819"}],"version-history":[{"count":0,"href":"https:\/\/www.automakersnews.cz\/index.php\/wp-json\/wp\/v2\/posts\/23819\/revisions"}],"wp:featuredmedia":[{"embeddable":true,"href":"https:\/\/www.automakersnews.cz\/index.php\/wp-json\/wp\/v2\/media\/23820"}],"wp:attachment":[{"href":"https:\/\/www.automakersnews.cz\/index.php\/wp-json\/wp\/v2\/media?parent=23819"}],"wp:term":[{"taxonomy":"category","embeddable":true,"href":"https:\/\/www.automakersnews.cz\/index.php\/wp-json\/wp\/v2\/categories?post=23819"},{"taxonomy":"post_tag","embeddable":true,"href":"https:\/\/www.automakersnews.cz\/index.php\/wp-json\/wp\/v2\/tags?post=23819"}],"curies":[{"name":"wp","href":"https:\/\/api.w.org\/{rel}","templated":true}]}}