{"id":2389,"date":"2022-11-08T09:58:15","date_gmt":"2022-11-08T09:58:15","guid":{"rendered":"https:\/\/www.automakersnews.cz\/?p=2389"},"modified":"2022-11-08T08:59:17","modified_gmt":"2022-11-08T08:59:17","slug":"piloti-chystaji-demonstraci-proti-gigafactory","status":"publish","type":"post","link":"https:\/\/www.automakersnews.cz\/index.php\/2022\/11\/08\/piloti-chystaji-demonstraci-proti-gigafactory\/","title":{"rendered":"Piloti chystaj\u00ed demonstraci proti Gigafactory"},"content":{"rendered":"<div>\n<div class=\"container\">\n<article>\n<div class=\"container-fluid\">\n<div id=\"archive\" class=\"row\">\n<div class=\"col-md-12\">\n<div class=\"row\">\n<div class=\"col-sm-9 col-md-7\">\n<div class=\"ArticleDetail\" data-role=\"tooltip\">\n<div class=\"padding-top\" role=\"tabpanel\">\n<div class=\"tab-content\">\n<div id=\"Text\" class=\"tab-pane active\" role=\"tabpanel\"><strong><span class=\"e5id5 advancedHighlight\" data-id=\"0\" data-classic=\"false\">P\u0159edseda<\/span>\u00a0\u010cesk\u00e9ho svazu letectv\u00ed V\u00e1clav Va\u0161ek svol\u00e1v\u00e1 na 15. listopadu \u010desk\u00e9 piloty a aviatiky k celorepublikov\u00e9mu protestu proti likvidaci leti\u0161t\u011b\u00a0<span class=\"e0id14 advancedHighlight e-location SearchKeywordHighlight\" data-id=\"1\" data-classic=\"true\">L\u00edn\u011b<\/span>\u00a0na\u00a0<span class=\"e0id0 advancedHighlight\" data-id=\"2\" data-classic=\"false\">Plze\u0148sku<\/span>, kde by mohla vyr\u016fst gigafactory Vokswagenu na <span class=\"e5id0 advancedHighlight\" data-id=\"3\" data-classic=\"false\">v\u00fdrobu<\/span>\u00a0bateri\u00ed do elektroaut. Va\u0161ek neburcuje jen\u00a0<span class=\"e5id4 advancedHighlight\" data-id=\"4\" data-classic=\"false\">piloty<\/span>\u00a0nad\u0161ence, c\u00edl\u00ed i na profesion\u00e1ly a arm\u00e1dn\u00ed\u00a0<span class=\"e5id4 advancedHighlight\" data-id=\"4\" data-classic=\"false\">letce<\/span>.<\/strong><\/div>\n<div role=\"tabpanel\"><\/div>\n<div class=\"tab-pane active\" role=\"tabpanel\">\n<p>\u201eVyz\u00fdv\u00e1m V\u00e1s, sou\u010dasn\u00e9 vojensk\u00e9 piloty a techniky ze z\u00e1kladen\u00a0<span class=\"e0id1 advancedHighlight\" data-id=\"12\" data-classic=\"false\">\u010c\u00e1slav<\/span>,\u00a0<span class=\"e0id2 advancedHighlight\" data-id=\"13\" data-classic=\"false\">N\u00e1m\u011b\u0161\u0165<\/span>\u00a0<span class=\"e0id2 advancedHighlight\" data-id=\"13\" data-classic=\"false\">nad<\/span>\u00a0<span class=\"e0id2 advancedHighlight\" data-id=\"13\" data-classic=\"false\">Oslavou<\/span>,\u00a0<span class=\"e0id16 advancedHighlight\" data-id=\"16\" data-classic=\"false\">Praha-Kbely<\/span>,\u00a0<span class=\"e0id3 advancedHighlight\" data-id=\"17\" data-classic=\"false\">Pardubice<\/span>\u00a0a podobn\u011b, p\u0159esta\u0148te se b\u00e1t vyj\u00e1d\u0159it nahlas sv\u016fj n\u00e1zor. Neohl\u00ed\u017eejte se na odtajn\u011bn\u00e9 ofici\u00e1ln\u00ed stanovisko\u00a0<span class=\"e5id1 advancedHighlight\" data-id=\"18\" data-classic=\"false\">ministryn\u011b<\/span>\u00a0<span class=\"e5id1 advancedHighlight\" data-id=\"18\" data-classic=\"false\">obrany<\/span>, \u017ee\u00a0<span class=\"e1id0 advancedHighlight\" data-id=\"20\" data-classic=\"false\">Arm\u00e1da<\/span>\u00a0<span class=\"e1id0 advancedHighlight\" data-id=\"20\" data-classic=\"false\">\u010cesk\u00e9<\/span>\u00a0<span class=\"e1id0 advancedHighlight\" data-id=\"20\" data-classic=\"false\">republiky<\/span>\u00a0leti\u0161t\u011b\u00a0<span class=\"e0id14 advancedHighlight e-location SearchKeywordHighlight\" data-id=\"1\" data-classic=\"true\">L\u00edn\u011b<\/span>\u00a0nepot\u0159ebuje. Toto stanovisko postr\u00e1d\u00e1 ve\u0161kerou vojenskou logiku,\u201c apeluje\u00a0<span class=\"e5id5 advancedHighlight\" data-id=\"0\" data-classic=\"false\">p\u0159edseda<\/span>\u00a0\u010cesk\u00e9ho svazu letectv\u00ed V\u00e1clav Va\u0161ek.<\/p>\n<p>V\u00e1clav Va\u0161ek je pova\u017eov\u00e1n za legendu \u010deskoslovensk\u00e9ho st\u00edhac\u00edho letectva. V letech 1975-87 slou\u017eil u 11. st\u00edhac\u00edho leteck\u00e9ho pluku v\u00a0<span class=\"e0id18 advancedHighlight\" data-id=\"25\" data-classic=\"false\">\u017datci<\/span>, z toho posledn\u00edch sedm let jako\u00a0<span class=\"e5id8 advancedHighlight\" data-id=\"26\" data-classic=\"false\">velitel<\/span>\u00a0pluku. Pot\u00e9 byl v letech 1987-1990 z\u00e1stupcem\u00a0<span class=\"e5id8 advancedHighlight\" data-id=\"26\" data-classic=\"false\">velitele<\/span>\u00a03. divize protivzdu\u0161n\u00e9 obrany st\u00e1tu. Jako\u00a0<span class=\"e5id9 advancedHighlight\" data-id=\"28\" data-classic=\"false\">n\u00e1\u010deln\u00edk<\/span>\u00a0st\u00edhac\u00edho letectva arm\u00e1dy\u00a0<span class=\"e0id4 advancedHighlight\" data-id=\"29\" data-classic=\"false\">\u010ceskoslovensk\u00e9<\/span>\u00a0<span class=\"e0id4 advancedHighlight\" data-id=\"29\" data-classic=\"false\">federativn\u00ed<\/span>\u00a0<span class=\"e0id4 advancedHighlight\" data-id=\"29\" data-classic=\"false\">republiky<\/span>\u00a0byl v roce 1992 p\u0159ed rozpadem zem\u011b za\u0159azen do skupiny, kter\u00e1 m\u011bla p\u0159ipravit rozd\u011blen\u00ed letectva mezi\u00a0<span class=\"e0id5 advancedHighlight\" data-id=\"32\" data-classic=\"false\">\u010ceskou<\/span>\u00a0<span class=\"e0id5 advancedHighlight\" data-id=\"32\" data-classic=\"false\">republiku<\/span>\u00a0a\u00a0<span class=\"e0id6 advancedHighlight\" data-id=\"34\" data-classic=\"false\">Slovensko<\/span>. Arm\u00e1du opustil v roce 1994 po sporu s\u00a0<span class=\"e5id1 advancedHighlight\" data-id=\"18\" data-classic=\"false\">ministrem<\/span>\u00a0<span class=\"e5id1 advancedHighlight\" data-id=\"18\" data-classic=\"false\">obrany<\/span>\u00a0<span class=\"e2id2 advancedHighlight\" data-id=\"37\" data-classic=\"false\">Anton\u00ednem<\/span>\u00a0<span class=\"e2id2 advancedHighlight\" data-id=\"37\" data-classic=\"false\">Baudy\u0161em<\/span>. Pot\u00e9 je\u0161t\u011b \u0159adu let l\u00e9tal jako civiln\u00ed\u00a0<span class=\"e5id4 advancedHighlight\" data-id=\"4\" data-classic=\"false\">pilot<\/span>.<\/p>\n<p>O probl\u00e9mech s pl\u00e1novanou\u00a0<span class=\"e5id2 advancedHighlight\" data-id=\"40\" data-classic=\"false\">v\u00fdstavbou<\/span>\u00a0gigafactory a faktickou likvidac\u00ed leti\u0161t\u011b, kter\u00e9 umo\u017e\u0148uje p\u0159ij\u00edmat civiln\u00ed i vojensk\u00e9 stroje, informoval Ekonomick\u00fd den\u00edk ZDE.<\/p>\n<p>Z\u00e1m\u011br vybudovat podnikatelskou z\u00f3nu o rozloze 391 hektar\u016f na plo\u0161e n\u011bkdej\u0161\u00edho arm\u00e1dn\u00edho leti\u0161t\u011b s v\u00edce ne\u017e dvoukilometrovou dr\u00e1hou, na kter\u00e9 mohou v p\u0159\u00edpad\u011b pot\u0159eby p\u0159ist\u00e1vat i startovat na z\u00e1klad\u011b certifikace letadla typu\u00a0<span class=\"e3id0 advancedHighlight\" data-id=\"41\" data-classic=\"false\">ATR<\/span>\u00a0<span class=\"e3id0 advancedHighlight\" data-id=\"41\" data-classic=\"false\">72<\/span>\u00a0(kter\u00e1 p\u0159eprav\u00ed a\u017e 70 cestuj\u00edc\u00edch), kde v sou\u010dasnosti p\u016fsob\u00ed n\u011bkolik\u00a0<span class=\"e1id12 advancedHighlight\" data-id=\"43\" data-classic=\"false\">aeroklub\u016f<\/span>, leteck\u00fdch \u0161kol nebo zde m\u00e1 z\u00e1lkadnu leteck\u00e1 z\u00e1chranka, schv\u00e1lila v p\u016flce pr\u00e1zdnin vl\u00e1da.<\/p>\n<p><span class=\"e1id9 e4id1 advancedHighlight\" data-id=\"44\" data-classic=\"false\">Volkswagen<\/span>\u00a0zde zva\u017euje\u00a0<span class=\"e5id2 advancedHighlight\" data-id=\"40\" data-classic=\"false\">v\u00fdstavbu<\/span>\u00a0tov\u00e1rny na baterie pro 4 500\u00a0<span class=\"e5id10 advancedHighlight\" data-id=\"46\" data-classic=\"false\">zam\u011bstnanc\u016f<\/span>, p\u0159i\u010dem\u017e projekt by vy\u0161el na zhruba 98 a\u017e 122 miliard korun.<\/p>\n<p>\u201eMnoz\u00ed m\u00e1me v pam\u011bti, \u017ee v prvn\u00ed polovin\u011b devades\u00e1tek minul\u00e9ho stolet\u00ed Klausova vl\u00e1da rozhodla o nevratn\u00e9m zru\u0161en\u00ed vojensk\u00e9ho leti\u0161t\u011b v\u00a0<span class=\"e0id18 advancedHighlight\" data-id=\"25\" data-classic=\"false\">\u017datci<\/span>, co\u017e byla nejmodern\u011bj\u0161\u00ed leteck\u00e1 z\u00e1kladna v\u00a0<span class=\"e0id4 advancedHighlight\" data-id=\"29\" data-classic=\"false\">\u010ceskoslovensku<\/span>\u00a0do t\u00e9 doby. Jednalo se o symbol, jak dopadne cel\u00e9 vojensk\u00e9 letectvo. A tak se stalo. Dnes by firmy v z\u00f3n\u011b Triangle byly vd\u011b\u010dn\u00e9 za svoje leti\u0161t\u011b. V\u011b\u0159te, \u017ee v\u00edm, o \u010dem hovo\u0159\u00edm. Sou\u010dasn\u00e1\u00a0<span class=\"e1id5 advancedHighlight\" data-id=\"51\" data-classic=\"false\">Fialova<\/span>\u00a0<span class=\"e1id5 advancedHighlight\" data-id=\"51\" data-classic=\"false\">vl\u00e1da<\/span>\u00a0dne 19.10.2022 p\u0159ijala usnesen\u00ed \u010d. 879 o likvidaci leti\u0161t\u011b\u00a0<span class=\"e0id7 advancedHighlight\" data-id=\"53\" data-classic=\"false\">Plze\u0148<\/span>\u00a0\u2013\u00a0<span class=\"e0id14 advancedHighlight e-location SearchKeywordHighlight\" data-id=\"1\" data-classic=\"true\">L\u00edn\u011b<\/span>, \u00fadajn\u011b ve prosp\u011bch zelen\u00e9 demagogie, v n\u011bm\u017e u\u017e slibuje koncernu\u00a0<span class=\"e1id9 e4id1 advancedHighlight\" data-id=\"44\" data-classic=\"false\">Volkswagen<\/span>, \u017ee mu umete cesti\u010dku. Kdo z n\u00e1s objektivn\u011b v\u00ed, kde je pravda? \u017d\u00e1dn\u00fd\u00a0<span class=\"e5id11 advancedHighlight\" data-id=\"56\" data-classic=\"false\">\u010dlen<\/span>\u00a0vl\u00e1dy je\u0161t\u011b ani ne\u017eil, kdy\u017e leti\u0161t\u011b\u00a0<span class=\"e0id14 advancedHighlight e-location SearchKeywordHighlight\" data-id=\"1\" data-classic=\"true\">L\u00edn\u011b<\/span>, jako i v\u011bt\u0161ina v\u00fdznamn\u00fdch leti\u0161\u0165 po cel\u00e9 republice, bylo budov\u00e1no. Proto tento spolek\u00a0<span class=\"e5id12 advancedHighlight\" data-id=\"58\" data-classic=\"false\">laik\u016f<\/span>\u00a0nem\u00e1 ani mor\u00e1ln\u00ed ani form\u00e1ln\u00ed pr\u00e1vo rozhodovat o jeho zni\u010den\u00ed. Oni nedok\u00e1\u017e\u00ed n\u011bco kloudn\u00e9ho vytvo\u0159it, tak cht\u011bj\u00ed alespo\u0148 v\u0161e kolem sebe devastovat.Cui\u00a0<span class=\"e0id17 advancedHighlight\" data-id=\"59\" data-classic=\"false\">bono<\/span>?Nech\u00e1pu, jak je mo\u017en\u00e9, \u017ee k tomu ml\u010d\u00ed\u00a0<span class=\"e5id6 advancedHighlight\" data-id=\"60\" data-classic=\"false\">vrchn\u00ed<\/span>\u00a0<span class=\"e5id6 advancedHighlight\" data-id=\"60\" data-classic=\"false\">velitel<\/span>\u00a0ozbrojen\u00fdch sil, prezident\u00a0<span class=\"e0id5 advancedHighlight\" data-id=\"32\" data-classic=\"false\">\u010cesk\u00e9<\/span>\u00a0<span class=\"e0id5 advancedHighlight\" data-id=\"32\" data-classic=\"false\">republiky<\/span>.Kdy\u017e ml\u010d\u00ed on, poj\u010fme neml\u010det my,\u201c za\u010dal sv\u016fj apel\u00a0<span class=\"e5id5 advancedHighlight\" data-id=\"0\" data-classic=\"false\">p\u0159edseda<\/span>\u00a0\u010cesk\u00e9ho svazu letectv\u00ed V\u00e1clav Va\u0161ek.<\/p>\n<p><strong>K protestn\u00ed akci V\u00e1clav Va\u0161ek vyzval:<\/strong><\/p>\n<p>\u2022 v\u0161echny\u00a0<span class=\"e5id11 advancedHighlight\" data-id=\"56\" data-classic=\"false\">\u010dleny<\/span>\u00a0\u010cesk\u00e9ho svazu letectv\u00ed<\/p>\n<p>\u2022 sou\u010dasn\u00e9 i b\u00fdval\u00e9 piloty, techniky a stewardky leteck\u00fdch spole\u010dnost\u00ed\u00a0<span class=\"e1id8 e4id2 advancedHighlight\" data-id=\"66\" data-classic=\"false\">\u010cSA<\/span>,\u00a0<span class=\"e1id7 e4id2 advancedHighlight\" data-id=\"67\" data-classic=\"false\">Smartwings<\/span>\u00a0a ostatn\u00edch leteck\u00fdch dopravc\u016f<\/p>\n<p>\u2022 piloty i techniky\u00a0<span class=\"e1id10 advancedHighlight\" data-id=\"68\" data-classic=\"false\">Aeroklubu<\/span>\u00a0<span class=\"e1id10 advancedHighlight\" data-id=\"68\" data-classic=\"false\">\u010cR<\/span>\u00a0a\u00a0<span class=\"e1id11 advancedHighlight\" data-id=\"70\" data-classic=\"false\">Leteck\u00e9<\/span>\u00a0<span class=\"e1id11 advancedHighlight\" data-id=\"70\" data-classic=\"false\">amat\u00e9rsk\u00e9<\/span>\u00a0<span class=\"e1id11 advancedHighlight\" data-id=\"70\" data-classic=\"false\">asociace<\/span>\u00a0<span class=\"e0id5 advancedHighlight\" data-id=\"32\" data-classic=\"false\">\u010cR<\/span><\/p>\n<p>\u2022 b\u00fdval\u00e9 vojensk\u00e9 piloty a ve\u0161ker\u00fd pozemn\u00ed\u00a0<span class=\"e5id19 advancedHighlight\" data-id=\"74\" data-classic=\"false\">leteck\u00fd<\/span>\u00a0<span class=\"e5id19 advancedHighlight\" data-id=\"74\" data-classic=\"false\">person\u00e1l<\/span><\/p>\n<p>\u2022\u00a0<span class=\"e5id13 advancedHighlight\" data-id=\"76\" data-classic=\"false\">pracovn\u00edky<\/span>\u00a0v\u0161ech \u010desk\u00fdch leti\u0161\u0165<\/p>\n<p>\u2022 v\u0161echny rozumn\u00e9 osoby z ostatn\u00edch leteck\u00fdch obor\u016f<\/p>\n<p>\u201eNen\u00ed n\u00e1s m\u00e1lo. Nebojme se zabr\u00e1nit tomu, aby sou\u010dasn\u00e1 vl\u00e1da, inspirov\u00e1nalikvidac\u00ed leti\u0161t\u011b\u00a0<span class=\"e0id18 advancedHighlight\" data-id=\"25\" data-classic=\"false\">\u017datec<\/span>, stejn\u011b zr\u016fdn\u00fdm zp\u016fsobem vymazala z povrchu zem\u011bkoule i leti\u0161t\u011b\u00a0<span class=\"e0id14 advancedHighlight e-location SearchKeywordHighlight\" data-id=\"1\" data-classic=\"true\">L\u00edn\u011b<\/span>. V\u010dera to byl\u00a0<span class=\"e0id18 advancedHighlight\" data-id=\"25\" data-classic=\"false\">\u017datec<\/span>, dnes\u00a0<span class=\"e0id14 advancedHighlight e-location SearchKeywordHighlight\" data-id=\"1\" data-classic=\"true\">L\u00edn\u011b<\/span>\u00a0a z\u00edtra si ke sv\u00fdm, dozajista ryz\u00edm, demoli\u010dn\u00edm \u00famysl\u016fm vyberou kter\u00e9 leti\u0161t\u011b? T\u0159eba\u00a0<span class=\"e0id3 advancedHighlight\" data-id=\"17\" data-classic=\"false\">Pardubice<\/span>, proto\u017ee n\u011bkdo mocn\u00fd zjist\u00ed, \u017ee je bezpodm\u00edne\u010dn\u011b nutn\u00e9 roz\u0161\u00ed\u0159it dostihov\u00e9 z\u00e1vodi\u0161t\u011b? Pohybujete se po sv\u011bt\u011b a velmi dob\u0159e v\u00edte, \u017ee minim\u00e1ln\u011b evropsk\u00e9 st\u00e1ty udr\u017euj\u00ed v provozuschopn\u00e9m stavu ka\u017ed\u00e9 leti\u0161t\u011b z druh\u00e9 sv\u011btov\u00e9 v\u00e1lky, nato\u017e ta nov\u011bj\u0161\u00ed. Nikde si nedovol\u00ed podobnou nekompetentnost, jako do\u010dasn\u00e9 vl\u00e1dy v\u00a0<span class=\"e0id5 advancedHighlight\" data-id=\"32\" data-classic=\"false\">\u010cesku<\/span>. Poj\u010fme jim, aktu\u00e1ln\u00ed i budouc\u00edm vl\u00e1d\u00e1m, do toho, v z\u00e1jmu republiky,jednou pro v\u017edy hodit vidle, dokud je \u010das, dokud se bagry nezakously do vzletov\u00e9\/p\u0159ist\u00e1vac\u00ed dr\u00e1hy a provozn\u00edch ploch. Proces bour\u00e1n\u00ed vytv\u00e1\u0159\u00ed mnohem p\u0159\u00edzniv\u011bj\u0161\u00ed prostor pro nekontrolovateln\u00e9 finan\u010dn\u00ed toky, ne\u017e proces\u00a0<span class=\"e5id2 advancedHighlight\" data-id=\"40\" data-classic=\"false\">v\u00fdstavby<\/span>,\u201c p\u00ed\u0161e tvrd\u011b V\u00e1clav Va\u0161ek.<\/p>\n<p><span class=\"e5id5 advancedHighlight\" data-id=\"0\" data-classic=\"false\">P\u0159edseda<\/span>\u00a0\u010cesk\u00e9ho svazu letectv\u00ed V\u00e1clav Va\u0161ek apeluje i na sou\u010dasn\u00e9 p\u0159\u00edslu\u0161n\u00edky \u010desk\u00fdch vzdu\u0161n\u00fdch sil.<\/p>\n<p>\u201eVyz\u00fdv\u00e1m V\u00e1s, sou\u010dasn\u00e9 vojensk\u00e9 piloty a techniky ze z\u00e1kladen\u00a0<span class=\"e0id1 advancedHighlight\" data-id=\"12\" data-classic=\"false\">\u010c\u00e1slav<\/span>,\u00a0<span class=\"e0id2 advancedHighlight\" data-id=\"13\" data-classic=\"false\">N\u00e1m\u011b\u0161\u0165<\/span>\u00a0n.\/Osl.,\u00a0<span class=\"e0id16 advancedHighlight\" data-id=\"16\" data-classic=\"false\">Praha-Kbely<\/span>,\u00a0<span class=\"e0id3 advancedHighlight\" data-id=\"17\" data-classic=\"false\">Pardubice<\/span>\u00a0ap., p\u0159esta\u0148te se b\u00e1t vyj\u00e1d\u0159it nahlas sv\u016fj n\u00e1zor. Neohl\u00ed\u017eejte se na odtajn\u011bn\u00e9 ofici\u00e1ln\u00ed stanovisko\u00a0<span class=\"e5id1 advancedHighlight\" data-id=\"18\" data-classic=\"false\">ministryn\u011b<\/span>\u00a0<span class=\"e5id1 advancedHighlight\" data-id=\"18\" data-classic=\"false\">obrany<\/span>, \u017ee\u00a0<span class=\"e1id0 advancedHighlight\" data-id=\"20\" data-classic=\"false\">A\u010cR<\/span>\u00a0leti\u0161t\u011b\u00a0<span class=\"e0id14 advancedHighlight e-location SearchKeywordHighlight\" data-id=\"1\" data-classic=\"true\">L\u00edn\u011b<\/span>\u00a0nepot\u0159ebuje. Toto stanovisko postr\u00e1d\u00e1 ve\u0161kerou vojenskou logiku. Jsem p\u0159esv\u011bd\u010den, \u017ee v\u0161ichni uva\u017eujete selsk\u00fdm rozumem. V p\u0159\u00edprav\u011b na boj to ani jinak nejde. Sami p\u0159ece v\u00edte nejl\u00e9pe, \u017ee likvidace jak\u00e9hokoli vyu\u017eiteln\u00e9ho zodoln\u011bn\u00e9ho leti\u0161t\u011b v obdob\u00ed re\u00e1ln\u00e9 hrozby v\u00e1le\u010dn\u00e9ho konfliktu se rovn\u00e1 zlo\u010dinu na vlastn\u00edm n\u00e1rodu a dal\u0161\u00edmu faktick\u00e9mu oslaben\u00ed u\u017e tak zdecimovan\u00e9 obranyschopnosti na\u0161eho st\u00e1tu. Kdo jin\u00fd, ne\u017e sou\u010dasn\u00fd\u00a0<span class=\"e5id14 advancedHighlight\" data-id=\"93\" data-classic=\"false\">premi\u00e9r<\/span>\u00a0<span class=\"e2id0 advancedHighlight\" data-id=\"94\" data-classic=\"false\">Fiala<\/span>, vytrvale od jara jako jehla na po\u0161kr\u00e1ban\u00e9 gramofonov\u00e9 desce opakuje, \u017ee se nach\u00e1z\u00edme ve v\u00e1lce? Nestrachujte se o pr\u00e1ci. Oni nemaj\u00ed k\u00fdm V\u00e1s nahradit a jsou si toho velice dob\u0159e v\u011bdomi. Ano, pokud p\u0159ijdete jeden \u2013 dva, tak V\u00e1s vyhod\u00ed. Pokud p\u0159ijdete v\u0161ichni, nebo pokud nep\u0159ijdete nikdo, pak V\u00e1s nevyhod\u00ed. Je to pouze Va\u0161e volba.Mimo\u0159\u00e1dn\u00e1 doba vy\u017eaduje mimo\u0159\u00e1dn\u00e9 jedn\u00e1n\u00ed.J\u00e1 a moje generace\u00a0<span class=\"e5id4 advancedHighlight\" data-id=\"4\" data-classic=\"false\">pilot\u016f<\/span>\u00a0a\u00a0<span class=\"e5id20 advancedHighlight\" data-id=\"96\" data-classic=\"false\">technik\u016f<\/span>\u00a0se dodnes styd\u00edme za to, \u017ee jsme tehdy umo\u017enili pr\u016fchod zv\u016fle Klausovy vl\u00e1dy. Nedopus\u0165te, abyste se Vy za p\u00e1r let museli styd\u011bt za to, \u017ee jste ne\u010dinn\u011b p\u0159ihl\u00ed\u017eeli stejn\u00e9 zr\u016fdnosti\u00a0<span class=\"e1id5 advancedHighlight\" data-id=\"51\" data-classic=\"false\">Fialovy<\/span>\u00a0<span class=\"e1id5 advancedHighlight\" data-id=\"51\" data-classic=\"false\">vl\u00e1dy<\/span>\u00a0v ciz\u00edm z\u00e1jmu. Jste\u00a0<span class=\"e5id3 advancedHighlight\" data-id=\"99\" data-classic=\"false\">\u010ce\u0161i<\/span>,\u201c burcuje a\u017e na sam\u00e9 hranici p\u0159im\u011b\u0159enosti protestu\u00a0<span class=\"e5id15 advancedHighlight\" data-id=\"100\" data-classic=\"false\">\u0161\u00e9f<\/span>\u00a0leteck\u00e9ho svazu.<\/p>\n<p>\u201eVzpome\u0148me, \u017ee skoro v\u017edy v krizov\u00fdch dob\u00e1ch na\u0161\u00ed republiky to byli pr\u00e1v\u011b piloti a ostatn\u00ed\u00a0<span class=\"e5id19 advancedHighlight\" data-id=\"74\" data-classic=\"false\">leteck\u00fd<\/span>\u00a0<span class=\"e5id19 advancedHighlight\" data-id=\"74\" data-classic=\"false\">person\u00e1l<\/span>, kte\u0159\u00ed se postavili na stranu spravedlnosti a nev\u00e1hali za ni i bojovat, v tom lep\u0161\u00edm p\u0159\u00edpad\u011b riskovat svoji profesn\u00ed existenci. Dosud jsme jim kladli p\u0159i nejr\u016fzn\u011bj\u0161\u00edch p\u0159\u00edle\u017eitostech v\u011bnce kjejich pomn\u00edk\u016fm a navrhovali jsme je na vyznamen\u00e1n\u00ed in memoriam. Pr\u00e1v\u011b te\u010f m\u00e1me p\u0159\u00edle\u017eitost uk\u00e1zat na\u0161im p\u0159edch\u016fdc\u016fm, v nich\u017e jsme m\u011bli mo\u017enost spat\u0159ovat vzor, jestli jsme opravdu jejich n\u00e1stupci, nebo zda z\u016fstaneme zalezl\u00ed, abychom se v aktu\u00e1ln\u00edm prost\u0159ed\u00ed jedin\u00e9 povolen\u00e9 pravdy n\u00e1hodou nesp\u00e1lili. V\u011b\u0159te mi, \u017ee na\u0161i lete\u010dt\u00ed kolegov\u00e9, kte\u0159\u00ed odevzdali svobod\u011b da\u0148 nej\u010destn\u011bj\u0161\u00ed, n\u00e1s sleduj\u00ed a dr\u017e\u00ed n\u00e1m m\u00edsto u nebesk\u00e9ho leteck\u00e9ho b\u00e1ru. Poka\u017ed\u00e9, od vzniku jejich Pam\u00e1tn\u00edku v\u00a0<span class=\"e0id18 advancedHighlight\" data-id=\"25\" data-classic=\"false\">\u017datci<\/span>\u00a0v roce 2012, s nimi na Den letectva hovo\u0159\u00edm. Vyz\u00fdv\u00e1m tedy V\u00e1s, v\u0161echny osloven\u00e9, abyste si dne15.11.2022ud\u011blali \u010das a dostavili se naleti\u0161t\u011b\u00a0<span class=\"e0id7 advancedHighlight\" data-id=\"53\" data-classic=\"false\">Plze\u0148<\/span>\u00a0\u2013\u00a0<span class=\"e0id14 advancedHighlight e-location SearchKeywordHighlight\" data-id=\"1\" data-classic=\"true\">L\u00edn\u011b<\/span>.Na\u0161e setk\u00e1n\u00ed za\u010dne(s ohledem na platn\u00fd SE\u010c a brzk\u00fd soumrak)u\u017e ve 14.30h. na stoj\u00e1nce p\u0159ed hang\u00e1rem \u010d. 3 \u2013 muzeum Classic Trainers.Po\u0159adatelsk\u00e1 slu\u017eba, zdravotnick\u00e9 zabezpe\u010den\u00ed a bezpe\u010dnostn\u00ed slu\u017eba jsou zaji\u0161t\u011bny,\u201c uzav\u0159el\u00a0<span class=\"e5id5 advancedHighlight\" data-id=\"0\" data-classic=\"false\">p\u0159edseda<\/span>\u00a0\u010cesk\u00e9ho svazu letectv\u00ed\u2013\u00a0<span class=\"e5id18 advancedHighlight\" data-id=\"107\" data-classic=\"false\">plukovn\u00edk<\/span>\u00a0ve v\u00fdslu\u017eb\u011b V\u00e1clav Va\u0161ek.<\/p>\n<p>Podotkl, \u017ee\u00a0<span class=\"e5id16 advancedHighlight\" data-id=\"108\" data-classic=\"false\">provozovatel<\/span>\u00a0leti\u0161t\u011b, firma PlaneStation\u00a0<span class=\"e0id7 advancedHighlight\" data-id=\"53\" data-classic=\"false\">Pilsen<\/span>\u00a0s.r.o., na 15. listopadu upou\u0161t\u00ed od pravideln\u00fdch poplatk\u016f pro v\u0161echny \u00fa\u010dastn\u00edky setk\u00e1n\u00ed, kte\u0159\u00ed cht\u011bj\u00ed p\u0159ilet\u011bt.<\/p>\n<p><strong>Probl\u00e9my s vodou i ubytov\u00e1n\u00edm<\/strong><\/p>\n<p>Proti ob\u0159\u00edmu pl\u00e1nu vystav\u011bt v L\u00edn\u00edch gigafactory protestuje p\u011bt obc\u00ed, kter\u00fdch se bezprost\u0159edn\u011b dot\u00fdk\u00e1. Nap\u0159\u00edklad\u00a0<span class=\"e5id17 advancedHighlight\" data-id=\"110\" data-classic=\"false\">starosta<\/span>\u00a0<span class=\"e0id11 advancedHighlight\" data-id=\"111\" data-classic=\"false\">Dob\u0159an<\/span>\u00a0<span class=\"e2id1 advancedHighlight\" data-id=\"112\" data-classic=\"false\">Martin<\/span>\u00a0<span class=\"e2id1 advancedHighlight\" data-id=\"112\" data-classic=\"false\">Sobotka<\/span>. P\u0159edstavitel\u00e9 obc\u00ed si st\u011b\u017euj\u00ed, \u017ee kraj se k v\u011bci stav\u00ed tak, \u017ee on s projektem likvidace leti\u0161t\u011b v L\u00edn\u00edch a n\u00e1sledn\u00e9\u00a0<span class=\"e5id2 advancedHighlight\" data-id=\"40\" data-classic=\"false\">v\u00fdstavby<\/span>\u00a0t\u00e9m\u011b\u0159 \u010dty\u0159sethektarov\u00e9ho byznys parku nem\u00e1 nic spole\u010dn\u00e9ho a \u017ee je to d\u00edlem vl\u00e1dy.<\/p>\n<p>Proti zva\u017eovan\u00e9mu developersk\u00e9mu z\u00e1m\u011bru i zru\u0161en\u00ed funguj\u00edc\u00edho leti\u0161t\u011b, kter\u00e9 je v majetku\u00a0<span class=\"e1id1 advancedHighlight\" data-id=\"115\" data-classic=\"false\">ministerstva<\/span>\u00a0<span class=\"e1id1 advancedHighlight\" data-id=\"115\" data-classic=\"false\">obrany<\/span>, se stav\u00ed\u00a0<span class=\"e5id16 advancedHighlight\" data-id=\"108\" data-classic=\"false\">provozovatel<\/span>\u00a0leti\u0161t\u011b, firma PlainStation, ale i dal\u0161\u00ed subjekty funguj\u00edc\u00ed v are\u00e1lu leti\u0161t\u011b. V p\u016flce pr\u00e1zdnin m\u00edstn\u00ed\u00a0<span class=\"e1id12 advancedHighlight\" data-id=\"43\" data-classic=\"false\">aerokluby<\/span>\u00a0uspo\u0159\u00e1daly happening, b\u011bhem n\u011bho\u017e na ranvej vystav\u011bly cca pades\u00e1t letadel parkovan\u00fdch v tamn\u00edch hang\u00e1rech, ve snaze pouk\u00e1zat na v\u00fdznam funguj\u00edc\u00edho leti\u0161t\u011b.<\/p>\n<p>A jak\u00e9 by mohla\u00a0<span class=\"e5id2 advancedHighlight\" data-id=\"40\" data-classic=\"false\">v\u00fdstavba<\/span>\u00a0ob\u0159\u00edho projektu p\u0159in\u00e9st probl\u00e9my? Nap\u0159\u00edklad ten, jak by se \u0159e\u0161ily ubytovac\u00ed kapacity pro tis\u00edce nov\u00fdch\u00a0<span class=\"e5id10 advancedHighlight\" data-id=\"46\" data-classic=\"false\">zam\u011bstnanc\u016f<\/span>. A na stole le\u017e\u00ed i ot\u00e1zka, kde vlastn\u011b nov\u00e9\u00a0<span class=\"e5id10 advancedHighlight\" data-id=\"46\" data-classic=\"false\">zam\u011bstnance<\/span>\u00a0vz\u00edt, proto\u017ee pracovn\u00ed trh tolik lid\u00ed prost\u011b nen\u00ed. K tomu se v\u00e1\u017ee dal\u0161\u00ed ot\u00e1zka: Jsou\u00a0<span class=\"advancedHighlight SearchKeywordHighlight\" data-classic=\"true\">L\u00edn\u011b<\/span>\u00a0na takov\u00e9 mno\u017estv\u00ed lid\u00ed p\u0159ipraveny?<\/p>\n<p>Podle\u00a0<span class=\"e5id17 advancedHighlight\" data-id=\"110\" data-classic=\"false\">starosty<\/span>\u00a0<span class=\"e0id11 advancedHighlight\" data-id=\"111\" data-classic=\"false\">Dob\u0159an<\/span>\u00a0<span class=\"e2id1 advancedHighlight\" data-id=\"112\" data-classic=\"false\">Martina<\/span>\u00a0<span class=\"e2id1 advancedHighlight\" data-id=\"112\" data-classic=\"false\">Sobotky<\/span>\u00a0nikoli. V\u00a0<span class=\"e0id0 advancedHighlight\" data-id=\"2\" data-classic=\"false\">Plze\u0148sk\u00e9m<\/span>\u00a0<span class=\"e0id0 advancedHighlight\" data-id=\"2\" data-classic=\"false\">kraji<\/span>\u00a0je podle\u00a0<span class=\"e1id2 e4id0 advancedHighlight\" data-id=\"129\" data-classic=\"false\">\u010cesk\u00e9ho<\/span>\u00a0<span class=\"e1id2 e4id0 advancedHighlight\" data-id=\"129\" data-classic=\"false\">statistick\u00e9ho<\/span>\u00a0<span class=\"e1id2 e4id0 advancedHighlight\" data-id=\"129\" data-classic=\"false\">\u00fa\u0159adu<\/span>\u00a0z 31. \u010dervence leto\u0161n\u00edho roku nezam\u011bstnanost 2,65 procenta. Potenci\u00e1ln\u00ed\u00a0<span class=\"e5id10 advancedHighlight\" data-id=\"46\" data-classic=\"false\">zam\u011bstnanci<\/span>\u00a0tady prost\u011b nejsou. Kde je sehnat? Nab\u00edz\u00ed se mo\u017enost agenturn\u00edch\u00a0<span class=\"e5id10 advancedHighlight\" data-id=\"46\" data-classic=\"false\">zam\u011bstnanc\u016f<\/span>\u00a0ze zahrani\u010d\u00ed. To by ov\u0161em p\u0159edstavovalo velkou z\u00e1t\u011b\u017e pro okoln\u00ed obce kv\u016fli infrastruktu\u0159e a slu\u017eb\u00e1m, ale to kraj ne\u0159e\u0161\u00ed.<\/p>\n<\/div>\n<\/div>\n<\/div>\n<\/div>\n<\/div>\n<\/div>\n<\/div>\n<\/div>\n<\/div>\n<\/article>\n<\/div>\n<\/div>\n<p><!--more--><\/p>\n","protected":false},"excerpt":{"rendered":"<div class=\"mh-excerpt\"><p>P\u0159edseda\u00a0\u010cesk\u00e9ho svazu letectv\u00ed V\u00e1clav Va\u0161ek svol\u00e1v\u00e1 na 15. listopadu \u010desk\u00e9 piloty a aviatiky k celorepublikov\u00e9mu protestu proti likvidaci leti\u0161t\u011b\u00a0L\u00edn\u011b\u00a0na\u00a0Plze\u0148sku, kde by mohla vyr\u016fst gigafactory Vokswagenu <a class=\"mh-excerpt-more\" href=\"https:\/\/www.automakersnews.cz\/index.php\/2022\/11\/08\/piloti-chystaji-demonstraci-proti-gigafactory\/\" title=\"Piloti chystaj\u00ed demonstraci proti Gigafactory\">[&#8230;]<\/a><\/p>\n<\/div>","protected":false},"author":1,"featured_media":2390,"comment_status":"open","ping_status":"open","sticky":false,"template":"","format":"standard","meta":{"footnotes":""},"categories":[9],"tags":[],"class_list":["post-2389","post","type-post","status-publish","format-standard","has-post-thumbnail","hentry","category-investice"],"_links":{"self":[{"href":"https:\/\/www.automakersnews.cz\/index.php\/wp-json\/wp\/v2\/posts\/2389","targetHints":{"allow":["GET"]}}],"collection":[{"href":"https:\/\/www.automakersnews.cz\/index.php\/wp-json\/wp\/v2\/posts"}],"about":[{"href":"https:\/\/www.automakersnews.cz\/index.php\/wp-json\/wp\/v2\/types\/post"}],"author":[{"embeddable":true,"href":"https:\/\/www.automakersnews.cz\/index.php\/wp-json\/wp\/v2\/users\/1"}],"replies":[{"embeddable":true,"href":"https:\/\/www.automakersnews.cz\/index.php\/wp-json\/wp\/v2\/comments?post=2389"}],"version-history":[{"count":0,"href":"https:\/\/www.automakersnews.cz\/index.php\/wp-json\/wp\/v2\/posts\/2389\/revisions"}],"wp:featuredmedia":[{"embeddable":true,"href":"https:\/\/www.automakersnews.cz\/index.php\/wp-json\/wp\/v2\/media\/2390"}],"wp:attachment":[{"href":"https:\/\/www.automakersnews.cz\/index.php\/wp-json\/wp\/v2\/media?parent=2389"}],"wp:term":[{"taxonomy":"category","embeddable":true,"href":"https:\/\/www.automakersnews.cz\/index.php\/wp-json\/wp\/v2\/categories?post=2389"},{"taxonomy":"post_tag","embeddable":true,"href":"https:\/\/www.automakersnews.cz\/index.php\/wp-json\/wp\/v2\/tags?post=2389"}],"curies":[{"name":"wp","href":"https:\/\/api.w.org\/{rel}","templated":true}]}}