{"id":2394,"date":"2022-11-08T07:38:12","date_gmt":"2022-11-08T07:38:12","guid":{"rendered":"https:\/\/www.automakersnews.cz\/?p=2394"},"modified":"2022-11-08T08:57:05","modified_gmt":"2022-11-08T08:57:05","slug":"grand-automotive-importerem-geely-do-ceska","status":"publish","type":"post","link":"https:\/\/www.automakersnews.cz\/index.php\/2022\/11\/08\/grand-automotive-importerem-geely-do-ceska\/","title":{"rendered":"Grand Automotive importuje Geely do \u010cR"},"content":{"rendered":"<div class=\"padding-top\" role=\"tabpanel\">\n<div class=\"tab-content\">\n<div role=\"tabpanel\">\n<p><strong>Po dlouh\u00e9m vyjedn\u00e1v\u00e1n\u00ed se Grand Automotive Central Europe stala 4. listopadu ofici\u00e1ln\u00edm import\u00e9rem zna\u010dky Geely pro Ma\u010farsko, \u010ceskou republiku a Slovensko. Dohodu podepsali nejvy\u0161\u0161\u00ed p\u0159edstavitel\u00e9 obou stran p\u0159ed novin\u00e1\u0159i v hotelu Four Seasons Gresham Palace.<\/strong><\/p>\n<p>Smlouvu podepsali Viktor Moln\u00e1r, gener\u00e1ln\u00ed \u0159editel spole\u010dnosti Grand Automotive Central Europe Ltd., a Cook Xue, v\u00fdkonn\u00fd z\u00e1stupce gener\u00e1ln\u00edho \u0159editele spole\u010dnosti Geely Auto International Corporation. Prvn\u00ed vozy zna\u010dky Geely by m\u011bly vyjet na silnice v \u010cesku, Ma\u010farsku a Slovensku za\u010d\u00e1tkem roku 2023.<\/p>\n<p><img loading=\"lazy\" decoding=\"async\" class=\"alignnone size-medium wp-image-2398\" src=\"http:\/\/www.automakersnews.cz\/wp-content\/uploads\/2022\/11\/Geely-Grand-Geometry-e1667893183512-300x200.jpg\" alt=\"\" width=\"300\" height=\"200\" srcset=\"https:\/\/www.automakersnews.cz\/wp-content\/uploads\/2022\/11\/Geely-Grand-Geometry-e1667893183512-300x200.jpg 300w, https:\/\/www.automakersnews.cz\/wp-content\/uploads\/2022\/11\/Geely-Grand-Geometry-e1667893183512.jpg 500w\" sizes=\"auto, (max-width: 300px) 100vw, 300px\" \/><\/p>\n<p>Prvn\u00edm modelem Geely, kter\u00fd bude uveden na n\u00e1\u0161 trh, bude Geometry C s pln\u011b elektrick\u00fdm pohonem.<\/p>\n<p>&#8222;Tato ud\u00e1lost je v \u017eivot\u011b na\u0161\u00ed skupiny nesm\u00edrn\u011b d\u016fle\u017eit\u00e1, zejm\u00e9na s ohledem na obt\u00ed\u017en\u00e9 v\u00fdzvy, kter\u00fdm v sou\u010dasn\u00e9 dob\u011b \u010del\u00ed automobilov\u00e9 zna\u010dky, kter\u00e9 jsou v Evrop\u011b ji\u017e zn\u00e1m\u00e9 a zaveden\u00e9. Spole\u010dnost Geely, jako jedna z nejv\u011bt\u0161\u00edch \u010d\u00ednsk\u00fdch automobilov\u00fdch zna\u010dek, nejen\u017ee vyr\u00e1b\u00ed vysoce kvalitn\u00ed vozidla, ale m\u00e1 tak\u00e9 v\u00fdrobn\u00ed kapacity, aby mohla z\u00e1kazn\u00edk\u016fm i potenci\u00e1ln\u00edm prodejc\u016fm dod\u00e1vat vozidla v po\u017eadovan\u00e9 kvalit\u011b a mno\u017estv\u00ed.&#8220;\u00a0 \u0159ekl Viktor Moln\u00e1r, gener\u00e1ln\u00ed \u0159editel spole\u010dnosti Grand Automotive Central Europe.<\/p>\n<p><img loading=\"lazy\" decoding=\"async\" class=\"alignnone size-medium wp-image-2432\" src=\"http:\/\/www.automakersnews.cz\/wp-content\/uploads\/2022\/11\/Geely-Molnar_SigningCeremony_web3-300x200.jpg\" alt=\"\" width=\"300\" height=\"200\" srcset=\"https:\/\/www.automakersnews.cz\/wp-content\/uploads\/2022\/11\/Geely-Molnar_SigningCeremony_web3-300x200.jpg 300w, https:\/\/www.automakersnews.cz\/wp-content\/uploads\/2022\/11\/Geely-Molnar_SigningCeremony_web3-1024x683.jpg 1024w, https:\/\/www.automakersnews.cz\/wp-content\/uploads\/2022\/11\/Geely-Molnar_SigningCeremony_web3-768x512.jpg 768w, https:\/\/www.automakersnews.cz\/wp-content\/uploads\/2022\/11\/Geely-Molnar_SigningCeremony_web3-1536x1024.jpg 1536w, https:\/\/www.automakersnews.cz\/wp-content\/uploads\/2022\/11\/Geely-Molnar_SigningCeremony_web3.jpg 1920w\" sizes=\"auto, (max-width: 300px) 100vw, 300px\" \/><\/p>\n<p>&#8222;Po dlouh\u00fdch jedn\u00e1n\u00edch jsme se dohodli se spole\u010dnost\u00ed Geely Auto International Corporation na v\u0161ech bodech distribu\u010dn\u00ed smlouvy pro t\u0159i zem\u011b, tak\u017ee od nyn\u011bj\u0161ka za\u010dneme spole\u010dn\u011b budovat zna\u010dku Geely ve st\u0159edn\u00ed a v\u00fdchodn\u00ed Evrop\u011b. Jsme obzvl\u00e1\u0161t\u011b hrd\u00ed na to, \u017ee Grand Automotive je prvn\u00ed spole\u010dnost\u00ed v Evropsk\u00e9 unii, kter\u00e1 podepsala import\u00e9rskou smlouvu se spole\u010dnost\u00ed Geely, co\u017e jasn\u011b ukazuje, \u017ee na\u0161e dovozn\u00ed aktivity v mnoha zem\u00edch a pro v\u00edce zna\u010dek v regionu je p\u0159esv\u011bd\u010dily, \u017ee jsme hodni zastupovat tuto kardin\u00e1ln\u00ed \u010d\u00ednskou zna\u010dku. V bl\u00edzk\u00e9 budoucnosti je na\u0161\u00edm hlavn\u00edm c\u00edlem spr\u00e1vn\u011b um\u00edstit pozici zna\u010dky, v\u010detn\u011b modelu Geometry C, a vybudovat s\u00ed\u0165 prodejc\u016f a poprodejn\u00edch slu\u017eeb. Vzhledem k tomu, \u017ee v tomto regionu zastupujeme n\u011bkolik zna\u010dek, m\u00e1me mo\u017enost vyu\u017e\u00edt logistick\u00e9 synergie a rychle a efektivn\u011b vybudovat cel\u00fd logistick\u00fd proces, a to jak pro vozy, tak pro d\u00edly,&#8220; dodal Moln\u00e1r.<\/p>\n<p><img loading=\"lazy\" decoding=\"async\" class=\"alignnone size-medium wp-image-2431\" src=\"http:\/\/www.automakersnews.cz\/wp-content\/uploads\/2022\/11\/Geely_-SigningCeremony_web7-e1667897576524-300x200.jpg\" alt=\"\" width=\"300\" height=\"200\" srcset=\"https:\/\/www.automakersnews.cz\/wp-content\/uploads\/2022\/11\/Geely_-SigningCeremony_web7-e1667897576524-300x200.jpg 300w, https:\/\/www.automakersnews.cz\/wp-content\/uploads\/2022\/11\/Geely_-SigningCeremony_web7-e1667897576524-768x512.jpg 768w, https:\/\/www.automakersnews.cz\/wp-content\/uploads\/2022\/11\/Geely_-SigningCeremony_web7-e1667897576524.jpg 920w\" sizes=\"auto, (max-width: 300px) 100vw, 300px\" \/><\/p>\n<p>&#8222;Spole\u010dnost Geely se sna\u017e\u00ed nab\u00edzet z\u00e1kazn\u00edk\u016fm po cel\u00e9m sv\u011bt\u011b vysoce kvalitn\u00ed produkty a \u00fasp\u011b\u0161n\u011b koordinuje v\u00fdvoj se spole\u010dnostmi Volvo, Polestar, Lotus, Smart a dal\u0161\u00edmi zn\u00e1m\u00fdmi automobilov\u00fdmi zna\u010dkami, kter\u00e9 vlastn\u00ed a spravuje skupina Geely Holding Group. Jako glob\u00e1ln\u00ed podnik spole\u010dnost Geely aktivn\u011b sout\u011b\u017e\u00ed na sv\u011btov\u00e9m trhu. Spole\u010dnost Geely vytvo\u0159ila bohatou matici produkt\u016f, kter\u00e1 zahrnuje vozidla na pohonn\u00e9 hmoty, elektromobily, hybridn\u00ed vozidla, vozy na metanol a vozy s v\u00fdm\u011bnn\u00fdmi bateriemi. D\u00edky v\u00fdznamn\u00fdm investic\u00edm do v\u00fdzkumu a v\u00fdvoje a integraci glob\u00e1ln\u00ed moudrosti vytvo\u0159ila spole\u010dnost Geely pro v\u00edce ne\u017e 12 milion\u016f u\u017eivatel\u016f po cel\u00e9m sv\u011bt\u011b tak\u00e9 z\u00e1\u017eitek z cestov\u00e1n\u00ed, kter\u00fd p\u0159ed\u010d\u00ed jejich o\u010dek\u00e1v\u00e1n\u00ed. Vzhledem k tomu, \u017ee zna\u010dka Geely poprv\u00e9 vstupuje na trh Evropsk\u00e9 unie, p\u0159edstavuje toto partnerstv\u00ed se spole\u010dnost\u00ed Grand Automotive Central Europe v\u00fdznamn\u00fd krok vp\u0159ed pro globaliza\u010dn\u00ed ambice spole\u010dnosti Geely. &#8220; \u0159ekl Cook Xue, v\u00fdkonn\u00fd viceprezident spole\u010dnosti Geely Auto International Corporation.<\/p>\n<p>&nbsp;<\/p>\n<\/div>\n<div role=\"tabpanel\"><\/div>\n<\/div>\n<\/div>\n<p><!--more--><\/p>\n","protected":false},"excerpt":{"rendered":"<div class=\"mh-excerpt\"><p>Po dlouh\u00e9m vyjedn\u00e1v\u00e1n\u00ed se Grand Automotive Central Europe stala 4. listopadu ofici\u00e1ln\u00edm import\u00e9rem zna\u010dky Geely pro Ma\u010farsko, \u010ceskou republiku a Slovensko. Dohodu podepsali nejvy\u0161\u0161\u00ed p\u0159edstavitel\u00e9 <a class=\"mh-excerpt-more\" href=\"https:\/\/www.automakersnews.cz\/index.php\/2022\/11\/08\/grand-automotive-importerem-geely-do-ceska\/\" title=\"Grand Automotive importuje Geely do \u010cR\">[&#8230;]<\/a><\/p>\n<\/div>","protected":false},"author":1,"featured_media":2395,"comment_status":"open","ping_status":"open","sticky":false,"template":"","format":"standard","meta":{"footnotes":""},"categories":[9,29],"tags":[],"class_list":["post-2394","post","type-post","status-publish","format-standard","has-post-thumbnail","hentry","category-investice","category-tiskovky"],"_links":{"self":[{"href":"https:\/\/www.automakersnews.cz\/index.php\/wp-json\/wp\/v2\/posts\/2394","targetHints":{"allow":["GET"]}}],"collection":[{"href":"https:\/\/www.automakersnews.cz\/index.php\/wp-json\/wp\/v2\/posts"}],"about":[{"href":"https:\/\/www.automakersnews.cz\/index.php\/wp-json\/wp\/v2\/types\/post"}],"author":[{"embeddable":true,"href":"https:\/\/www.automakersnews.cz\/index.php\/wp-json\/wp\/v2\/users\/1"}],"replies":[{"embeddable":true,"href":"https:\/\/www.automakersnews.cz\/index.php\/wp-json\/wp\/v2\/comments?post=2394"}],"version-history":[{"count":0,"href":"https:\/\/www.automakersnews.cz\/index.php\/wp-json\/wp\/v2\/posts\/2394\/revisions"}],"wp:featuredmedia":[{"embeddable":true,"href":"https:\/\/www.automakersnews.cz\/index.php\/wp-json\/wp\/v2\/media\/2395"}],"wp:attachment":[{"href":"https:\/\/www.automakersnews.cz\/index.php\/wp-json\/wp\/v2\/media?parent=2394"}],"wp:term":[{"taxonomy":"category","embeddable":true,"href":"https:\/\/www.automakersnews.cz\/index.php\/wp-json\/wp\/v2\/categories?post=2394"},{"taxonomy":"post_tag","embeddable":true,"href":"https:\/\/www.automakersnews.cz\/index.php\/wp-json\/wp\/v2\/tags?post=2394"}],"curies":[{"name":"wp","href":"https:\/\/api.w.org\/{rel}","templated":true}]}}