{"id":24059,"date":"2023-02-23T07:50:08","date_gmt":"2023-02-23T07:50:08","guid":{"rendered":"https:\/\/www.automakersnews.cz\/?p=24059"},"modified":"2023-02-23T07:50:08","modified_gmt":"2023-02-23T07:50:08","slug":"olife-energy-s-novym-financnim-reditelem","status":"publish","type":"post","link":"https:\/\/www.automakersnews.cz\/index.php\/2023\/02\/23\/olife-energy-s-novym-financnim-reditelem\/","title":{"rendered":"Olife Energy s nov\u00fdm finan\u010dn\u00edm \u0159editelem"},"content":{"rendered":"<p align=\"JUSTIFY\"><span style=\"font-family: Corbel, serif;\"><b>Nov\u00fdm finan\u010dn\u00edm \u0159editelem Olife Energy se stal Radek Sklen\u00e1\u0159. Do Olife Energy p\u0159i\u0161el ze spole\u010dnosti Eurowag, kde doned\u00e1vna p\u016fsobil jako Finance Business Partner. <\/b><\/span><!--more--><\/p>\n<p align=\"JUSTIFY\"><span style=\"color: #000000;\"><span style=\"font-family: Corbel, serif;\">\u010cesk\u00e1 spole\u010dnost Olife Energy, kter\u00e1 se zab\u00fdv\u00e1 v\u00fdrobou dob\u00edjec\u00edch stanic a infrastrukturn\u00edch syst\u00e9m\u016f pro elektromobily m\u00e1 nov\u00e9ho finan\u010dn\u00edho \u0159editele. Stal se j\u00edm Radek Sklen\u00e1\u0159. <\/span><\/span><\/p>\n<p align=\"JUSTIFY\"><span style=\"color: #000000;\"><span style=\"font-family: Corbel, serif;\">Do Olife Energy p\u0159i\u0161el z pozice Finance Business Partner spole\u010dnosti Eurowag, kde finan\u010dn\u011b \u0159\u00eddil dv\u011b business entity a to Finan\u010dn\u00ed slu\u017eby a IT Technology. Radek Sklen\u00e1\u0159 bude m\u00edt v Olife Energy na starosti hospoda\u0159en\u00ed a agendu financ\u00ed.<\/span><\/span><\/p>\n<p align=\"JUSTIFY\"><span style=\"color: #000000;\"><span style=\"font-family: Corbel, serif;\"><b>Nov\u00fd CFO Radek Sklen\u00e1\u0159 <\/b><\/span><span style=\"font-family: Corbel, serif;\">ke sv\u00e9mu n\u00e1stupu do Olife Energy \u0159ekl: \u201e<\/span><span style=\"font-family: Corbel, serif;\"><i>Posledn\u00edch osm let jsem str\u00e1vil na obdobn\u00fdch pozic\u00edch v \u010desk\u00fdch i zahrani\u010dn\u00edch firm\u00e1ch. Spole\u010dnost Olife Energy se v\u011bnuje velice perspektivn\u00edmu odv\u011btv\u00ed, kter\u00e9 jsem cht\u011bl byznysov\u011b poznat a jedn\u00e1 se nav\u00edc o ryze \u010deskou v\u00fdrobu, co\u017e je podle m\u011b d\u016fle\u017eit\u00e9. V Olife Energy se nyn\u00ed intenzivn\u011b zab\u00fdv\u00e1m zav\u00e1d\u011bn\u00edm nov\u00e9ho podnikov\u00e9ho informa\u010dn\u00edho syst\u00e9mu.\u201d <\/i><\/span><\/span><\/p>\n<p align=\"JUSTIFY\"><span style=\"color: #000000;\"><span style=\"font-family: Corbel, serif;\">Radek Sklen\u00e1\u0159 m\u00e1 za sebou n\u011bkolik zahrani\u010dn\u00edch pracovn\u00edch anga\u017em\u00e1. P\u016fsobil nap\u0159. 6 m\u011bs\u00edc\u016f ve Vietnamu, kde m\u011bl na starost profitabilitu jednotliv\u00fdch produkt\u016f spole\u010dnosti Home Credit. V r\u00e1mci t\u00e9\u017ee spole\u010dnosti pracoval t\u0159i roky i v \u010d\u00ednsk\u00e9m Tchien-\u0165inu. <\/span><\/span><\/p>\n<p align=\"JUSTIFY\"><span style=\"color: #000000;\"><span style=\"font-family: Corbel, serif;\"><b>Technick\u00fd \u0159editel spole\u010dnosti Olife Energy Miroslav Vejman<\/b><\/span><span style=\"font-family: Corbel, serif;\"> \u0159\u00edk\u00e1: <\/span><span style=\"font-family: Corbel, serif;\"><i>\u201eRadek Sklen\u00e1\u0159 je pro Olife Energy rozhodn\u011b v\u00fdznamnou posilou s mezin\u00e1rodn\u00ed zku\u0161enost\u00ed, kter\u00e1 se n\u00e1m bude ur\u010dit\u011b hodit pro na\u0161\u00ed dal\u0161\u00ed pl\u00e1novanou obchodn\u00ed expanzi v zem\u00edch EU i mimo ni. Velmi se t\u011b\u0161\u00edm na na\u0161\u00ed spolupr\u00e1ci.\u201d <\/i><\/span><\/span><\/p>\n","protected":false},"excerpt":{"rendered":"<div class=\"mh-excerpt\"><p>Nov\u00fdm finan\u010dn\u00edm \u0159editelem Olife Energy se stal Radek Sklen\u00e1\u0159. Do Olife Energy p\u0159i\u0161el ze spole\u010dnosti Eurowag, kde doned\u00e1vna p\u016fsobil jako Finance Business Partner.<\/p>\n<\/div>","protected":false},"author":1,"featured_media":24060,"comment_status":"open","ping_status":"open","sticky":false,"template":"","format":"standard","meta":{"footnotes":""},"categories":[52,3],"tags":[],"class_list":["post-24059","post","type-post","status-publish","format-standard","has-post-thumbnail","hentry","category-kariera","category-personalie"],"_links":{"self":[{"href":"https:\/\/www.automakersnews.cz\/index.php\/wp-json\/wp\/v2\/posts\/24059","targetHints":{"allow":["GET"]}}],"collection":[{"href":"https:\/\/www.automakersnews.cz\/index.php\/wp-json\/wp\/v2\/posts"}],"about":[{"href":"https:\/\/www.automakersnews.cz\/index.php\/wp-json\/wp\/v2\/types\/post"}],"author":[{"embeddable":true,"href":"https:\/\/www.automakersnews.cz\/index.php\/wp-json\/wp\/v2\/users\/1"}],"replies":[{"embeddable":true,"href":"https:\/\/www.automakersnews.cz\/index.php\/wp-json\/wp\/v2\/comments?post=24059"}],"version-history":[{"count":0,"href":"https:\/\/www.automakersnews.cz\/index.php\/wp-json\/wp\/v2\/posts\/24059\/revisions"}],"wp:featuredmedia":[{"embeddable":true,"href":"https:\/\/www.automakersnews.cz\/index.php\/wp-json\/wp\/v2\/media\/24060"}],"wp:attachment":[{"href":"https:\/\/www.automakersnews.cz\/index.php\/wp-json\/wp\/v2\/media?parent=24059"}],"wp:term":[{"taxonomy":"category","embeddable":true,"href":"https:\/\/www.automakersnews.cz\/index.php\/wp-json\/wp\/v2\/categories?post=24059"},{"taxonomy":"post_tag","embeddable":true,"href":"https:\/\/www.automakersnews.cz\/index.php\/wp-json\/wp\/v2\/tags?post=24059"}],"curies":[{"name":"wp","href":"https:\/\/api.w.org\/{rel}","templated":true}]}}