{"id":24070,"date":"2023-02-23T08:28:08","date_gmt":"2023-02-23T08:28:08","guid":{"rendered":"https:\/\/www.automakersnews.cz\/?p=24070"},"modified":"2023-02-23T08:31:31","modified_gmt":"2023-02-23T08:31:31","slug":"flotila-fuso-canter-pro-rozvazku-posty","status":"publish","type":"post","link":"https:\/\/www.automakersnews.cz\/index.php\/2023\/02\/23\/flotila-fuso-canter-pro-rozvazku-posty\/","title":{"rendered":"Flotila Fuso Canter pro rozv\u00e1\u017eku po\u0161ty"},"content":{"rendered":"<p align=\"JUSTIFY\"><strong><span style=\"font-family: Daimler CS, serif;\"><span style=\"font-size: medium;\"><span lang=\"cs-CZ\">\u0160\u00e9f Mercedes-Benz Trucks \u010cR Josef Ma\u0159\u00edk p\u0159edal prvn\u00ed \u010dty\u0159i vozidla FUSO Canter 7C15 z celkov\u00e9 p\u0159ipravovan\u00e9 flotily 22 vozidel z\u00e1stupc\u016fm spole\u010dnosti ASTRA TRANS. Firma bude s vozidly zaji\u0161\u0165ovat p\u0159epravu z\u00e1silek \u010cesk\u00e9 Po\u0161ty v severn\u00edch a v\u00fdchodn\u00edch \u010cech\u00e1ch. <\/span><\/span><\/span><\/strong><!--more--><\/p>\n<p align=\"JUSTIFY\"><span style=\"color: #00000a;\"><span style=\"font-family: Daimler CS Light, serif;\"><span style=\"font-size: small;\"><span style=\"font-family: Daimler CS, serif;\"><span style=\"font-size: medium;\"><span lang=\"cs-CZ\">Vozidla byla specifikov\u00e1na v\u00a0konfiguraci, kter\u00e1 respektuje pot\u0159eby p\u0159eprav z\u00e1silek v\u00a0unifikovan\u00fdch p\u0159epravn\u00edch jednotk\u00e1ch \u010cesk\u00e9 Po\u0161ty. P\u0159ed nasazen\u00edm vozidel bylo nutn\u00e9 zohlednit prostorov\u00e9 omezen\u00ed n\u011bkter\u00fdch obsluhovan\u00fdch pobo\u010dek z\u00e1kazn\u00edka, p\u0159edev\u0161\u00edm v\u00a0centrech m\u011bst a historick\u00e9 z\u00e1stavb\u011b. Jako nejvhodn\u011bj\u0161\u00ed pro dan\u00fd typ p\u0159epravy byly vybr\u00e1ny modely Canter 7C15 a 9C18, vybaven\u00e9 valn\u00edkovou n\u00e1stavbou s\u00a0plachtou a zadn\u00ed zvedac\u00ed hydraulickou plo\u0161inou. <\/span><\/span><\/span><\/span><\/span><\/span><\/p>\n<p align=\"JUSTIFY\"><span style=\"color: #00000a;\"><span style=\"font-family: Daimler CS Light, serif;\"><span style=\"font-size: small;\"><span style=\"font-family: Daimler CS, serif;\"><span style=\"font-size: medium;\"><span lang=\"cs-CZ\">Dod\u00e1n\u00ed a mont\u00e1\u017e n\u00e1staveb zajistila spole\u010dnost Marmont z\u00a0Mlad\u00e9 Boleslavi. V\u00fdhodou Canteru je v\u00a0t\u00e9to kategorii celkov\u00e9 hmotnosti 7,5t, resp. 9t p\u0159edev\u0161\u00edm vysok\u00e1 u\u017eite\u010dn\u00e1 hmotnost. <\/span><\/span><\/span><\/span><\/span><\/span><\/p>\n<p align=\"JUSTIFY\"><span style=\"color: #00000a;\"><span style=\"font-family: Daimler CS Light, serif;\"><span style=\"font-size: small;\"><span style=\"font-family: Daimler CS, serif;\"><span style=\"font-size: medium;\"><span lang=\"cs-CZ\">Koncept mal\u00e9ho praktick\u00e9ho n\u00e1kladn\u00edho vozu se sklopnou budkou \u0159idi\u010de a s\u00a0p\u00e1te\u0159ov\u00fdm r\u00e1mem klasick\u00e9 koncepce m\u00e1 oproti klasick\u00fdm dod\u00e1vkov\u00fdm vozidl\u016fm v\u00fdhodu vy\u0161\u0161\u00ed u\u017eite\u010dn\u00e9 hmotnosti p\u0159i kompaktn\u00edch rozm\u011brech a v\u00fdbornou man\u00e9vrovatelnost p\u0159i provozu v\u00a0m\u011bstech a obc\u00edch. <\/span><\/span><\/span><\/span><\/span><\/span><\/p>\n<figure id=\"attachment_24072\" aria-describedby=\"caption-attachment-24072\" style=\"width: 1024px\" class=\"wp-caption alignnone\"><img loading=\"lazy\" decoding=\"async\" class=\"size-large wp-image-24072\" src=\"http:\/\/www.automakersnews.cz\/wp-content\/uploads\/2023\/02\/Fuso-Canter-posta-1024x768.jpg\" alt=\"\" width=\"1024\" height=\"768\" \/><figcaption id=\"caption-attachment-24072\" class=\"wp-caption-text\">Josef Ma\u0159\u00edk, CEO Mercedes-Benz Trucks \u010cR: \u201eP\u0159ed\u00e1n\u00ed prvn\u00edch \u010dty\u0159 vozidel z\u00a0nov\u00e9ho fleetu, kter\u00fd bude jezdit ve v\u00fdrazn\u00fdch barv\u00e1ch spole\u010dnosti ASTRA TRANS, ukazuje, \u017ee lehk\u00e1 n\u00e1kladn\u00ed vozidla Fuso Canter jsou dobr\u00fdm \u0159e\u0161en\u00edm pro rozv\u00e1\u017eku z\u00e1silek.\u201c<\/figcaption><\/figure>\n<h2 class=\"western\" align=\"JUSTIFY\"><span style=\"color: #00000a;\"><span style=\"font-family: Daimler CS, serif;\"><span style=\"font-size: medium;\"><span lang=\"cs-CZ\"><b>Nov\u00e9 FUSO Canter<br \/>\n<\/b><\/span><\/span><\/span><\/span><\/h2>\n<p align=\"JUSTIFY\"><span style=\"color: #00000a;\"><span style=\"font-family: Times New Roman, serif;\"><span style=\"font-size: medium;\"><span style=\"font-family: Daimler CS, serif;\"><span lang=\"cs-CZ\">Nejnov\u011bj\u0161\u00ed generace modelu FUSO Canter ve vyr\u00e1b\u00ed v p\u011bti hmotnostn\u00edch t\u0159\u00edd\u00e1ch (3,5 a\u017e 8,55 tuny), s \u0161esti rozvory n\u00e1prav (2500 a\u017e 4750 milimetr\u016f), t\u0159emi v\u00fdkonn\u00fdmi motory (96 kW a\u017e 129 kW) a t\u0159emi variantami kabin (standardn\u00ed = \u0161\u00ed\u0159ka 1,7 metru, komfortn\u00ed = \u0161\u00ed\u0159ka 2 metry a dvojit\u00e1 kabina = \u0161\u00ed\u0159ka 2 metry).<\/span><\/span><\/span><\/span><\/span><\/p>\n<p align=\"JUSTIFY\"><span style=\"color: #00000a;\"><span style=\"font-family: Times New Roman, serif;\"><span style=\"font-size: medium;\"><span style=\"font-family: Daimler CS, serif;\"><span lang=\"cs-CZ\">Ve variant\u011b 4&#215;4 je Canter d\u00edky p\u0159ipojiteln\u00e9mu pohonu v\u0161ech kol, p\u0159ipojiteln\u00e9 reduk\u010dn\u00ed p\u0159evodovce a samosvorn\u00e9mu diferenci\u00e1lu opravdu v\u0161estrann\u011b talentovan\u00fdm vozidlem pro stavebnictv\u00ed.<\/span><\/span><\/span><\/span><\/span><\/p>\n<h2 class=\"western\"><\/h2>\n","protected":false},"excerpt":{"rendered":"<div class=\"mh-excerpt\"><p>\u0160\u00e9f Mercedes-Benz Trucks \u010cR Josef Ma\u0159\u00edk p\u0159edal prvn\u00ed \u010dty\u0159i vozidla FUSO Canter 7C15 z celkov\u00e9 p\u0159ipravovan\u00e9 flotily 22 vozidel z\u00e1stupc\u016fm spole\u010dnosti ASTRA TRANS. Firma bude <a class=\"mh-excerpt-more\" href=\"https:\/\/www.automakersnews.cz\/index.php\/2023\/02\/23\/flotila-fuso-canter-pro-rozvazku-posty\/\" title=\"Flotila Fuso Canter pro rozv\u00e1\u017eku po\u0161ty\">[&#8230;]<\/a><\/p>\n<\/div>","protected":false},"author":1,"featured_media":24071,"comment_status":"open","ping_status":"open","sticky":false,"template":"","format":"standard","meta":{"footnotes":""},"categories":[25,26],"tags":[],"class_list":["post-24070","post","type-post","status-publish","format-standard","has-post-thumbnail","hentry","category-fleety","category-logistika"],"_links":{"self":[{"href":"https:\/\/www.automakersnews.cz\/index.php\/wp-json\/wp\/v2\/posts\/24070","targetHints":{"allow":["GET"]}}],"collection":[{"href":"https:\/\/www.automakersnews.cz\/index.php\/wp-json\/wp\/v2\/posts"}],"about":[{"href":"https:\/\/www.automakersnews.cz\/index.php\/wp-json\/wp\/v2\/types\/post"}],"author":[{"embeddable":true,"href":"https:\/\/www.automakersnews.cz\/index.php\/wp-json\/wp\/v2\/users\/1"}],"replies":[{"embeddable":true,"href":"https:\/\/www.automakersnews.cz\/index.php\/wp-json\/wp\/v2\/comments?post=24070"}],"version-history":[{"count":0,"href":"https:\/\/www.automakersnews.cz\/index.php\/wp-json\/wp\/v2\/posts\/24070\/revisions"}],"wp:featuredmedia":[{"embeddable":true,"href":"https:\/\/www.automakersnews.cz\/index.php\/wp-json\/wp\/v2\/media\/24071"}],"wp:attachment":[{"href":"https:\/\/www.automakersnews.cz\/index.php\/wp-json\/wp\/v2\/media?parent=24070"}],"wp:term":[{"taxonomy":"category","embeddable":true,"href":"https:\/\/www.automakersnews.cz\/index.php\/wp-json\/wp\/v2\/categories?post=24070"},{"taxonomy":"post_tag","embeddable":true,"href":"https:\/\/www.automakersnews.cz\/index.php\/wp-json\/wp\/v2\/tags?post=24070"}],"curies":[{"name":"wp","href":"https:\/\/api.w.org\/{rel}","templated":true}]}}