{"id":24338,"date":"2023-02-24T07:30:56","date_gmt":"2023-02-24T07:30:56","guid":{"rendered":"https:\/\/www.automakersnews.cz\/?p=24338"},"modified":"2023-02-24T07:31:21","modified_gmt":"2023-02-24T07:31:21","slug":"driving-camp-sosnova-privita-zavodni-veterany","status":"publish","type":"post","link":"https:\/\/www.automakersnews.cz\/index.php\/2023\/02\/24\/driving-camp-sosnova-privita-zavodni-veterany\/","title":{"rendered":"Driving Camp Sosnov\u00e1 chyst\u00e1 z\u00e1vodn\u00ed veter\u00e1ny"},"content":{"rendered":"<p><span style=\"font-size: medium;\"><strong>Po lo\u0148sk\u00e9m \u00fasp\u011b\u0161n\u00e9m prvn\u00edm ro\u010dn\u00edku akce Sosnov\u00e1 Classic se letos o v\u00edkendu 13. \u2013 14. kv\u011btna op\u011bt uskute\u010dn\u00ed festival rychlosti na Driving Campu v\u00a0Sosnov\u00e9, Sosnov\u00e1 Classic 2023.<\/strong> <\/span><!--more--><\/p>\n<p>\u201e<span style=\"font-size: medium;\">V\u00a0lo\u0148sk\u00e9m roce se na okruhu p\u0159edstavilo p\u0159es 200 historick\u00fdch z\u00e1vodn\u00edch voz\u016f, kter\u00e9 se n\u00e1v\u0161t\u011bvn\u00edk\u016fm p\u0159edvedly nejen ve statick\u00fdch expozic\u00edch, ale hlavn\u011b v\u00a0pln\u00e9 rychlosti na z\u00e1vodn\u00ed trati. Unik\u00e1tn\u00ed bylo p\u0159edstaven\u00ed speci\u00e1l\u016f spole\u010dnosti Metalex, Tatra nebo \u0160koda Motorsport. V\u00a0leto\u0161n\u00edm roce jsme se rozhodli pozvat i z\u00e1vodn\u00ed motocykly,\u201c p\u0159edstavuje novinku Pavel Du\u0161\u00e1nek, \u0159editel Driving Campu v\u00a0Sosnov\u00e9. <\/span><\/p>\n<p><span style=\"font-size: medium;\">Leto\u0161n\u00ed ro\u010dn\u00edk je z\u00e1rove\u0148 koncipov\u00e1n jako sraz vozidel a motocykl\u016f Laurin &amp; Klement. Partnerem leto\u0161n\u00edho ro\u010dn\u00edku se toti\u017e stala tak\u00e9 \u0160koda Auto, a.s., div\u00e1ci se tedy mohou t\u011b\u0161it i na klenoty z\u00a0firemn\u00edho \u0160koda Muzea. Z\u00e1rove\u0148 s\u00a0nimi se v\u00a0Sosnov\u00e9 p\u0159edstav\u00ed t\u00e9m\u011b\u0159 30 z\u00e1vodn\u00edch voz\u016f \u0160koda od roku 1949 a\u017e do roku 2023. Krom\u011b historick\u00fdch unik\u00e1t\u016f tedy div\u00e1ci na trati uvid\u00ed i nejnov\u011bj\u0161\u00ed sout\u011b\u017en\u00ed speci\u00e1l \u0160KODA FABIA RS Rally2. <\/span><\/p>\n<p><span style=\"font-size: medium;\">Organiz\u00e1to\u0159i prozat\u00edm eviduj\u00ed t\u00e9m\u011b\u0159 100 p\u0159ihl\u00e1\u0161en\u00fdch veter\u00e1n\u016f, z\u00a0toho je cca 40 motocykl\u016f. Raritou je nap\u0159\u00edklad motocykl Laurin &amp; Klement CCR z\u00a0roku 1906. Mezi automobily bude k\u00a0nejstar\u0161\u00edm expon\u00e1t\u016fm pat\u0159it Laurin &amp; Klement BSC z\u00a0roku 1908. <\/span><\/p>\n<p><img loading=\"lazy\" decoding=\"async\" class=\"alignnone size-large wp-image-24340\" src=\"http:\/\/www.automakersnews.cz\/wp-content\/uploads\/2023\/02\/sosnova-classic-2023-5-tv-108x192-1-576x1024.jpg\" alt=\"\" width=\"576\" height=\"1024\" \/><\/p>\n","protected":false},"excerpt":{"rendered":"<div class=\"mh-excerpt\"><p>Po lo\u0148sk\u00e9m \u00fasp\u011b\u0161n\u00e9m prvn\u00edm ro\u010dn\u00edku akce Sosnov\u00e1 Classic se letos o v\u00edkendu 13. \u2013 14. kv\u011btna op\u011bt uskute\u010dn\u00ed festival rychlosti na Driving Campu v\u00a0Sosnov\u00e9, Sosnov\u00e1 <a class=\"mh-excerpt-more\" href=\"https:\/\/www.automakersnews.cz\/index.php\/2023\/02\/24\/driving-camp-sosnova-privita-zavodni-veterany\/\" title=\"Driving Camp Sosnov\u00e1 chyst\u00e1 z\u00e1vodn\u00ed veter\u00e1ny\">[&#8230;]<\/a><\/p>\n<\/div>","protected":false},"author":1,"featured_media":24339,"comment_status":"open","ping_status":"open","sticky":false,"template":"","format":"standard","meta":{"footnotes":""},"categories":[53],"tags":[],"class_list":["post-24338","post","type-post","status-publish","format-standard","has-post-thumbnail","hentry","category-veterani"],"_links":{"self":[{"href":"https:\/\/www.automakersnews.cz\/index.php\/wp-json\/wp\/v2\/posts\/24338","targetHints":{"allow":["GET"]}}],"collection":[{"href":"https:\/\/www.automakersnews.cz\/index.php\/wp-json\/wp\/v2\/posts"}],"about":[{"href":"https:\/\/www.automakersnews.cz\/index.php\/wp-json\/wp\/v2\/types\/post"}],"author":[{"embeddable":true,"href":"https:\/\/www.automakersnews.cz\/index.php\/wp-json\/wp\/v2\/users\/1"}],"replies":[{"embeddable":true,"href":"https:\/\/www.automakersnews.cz\/index.php\/wp-json\/wp\/v2\/comments?post=24338"}],"version-history":[{"count":0,"href":"https:\/\/www.automakersnews.cz\/index.php\/wp-json\/wp\/v2\/posts\/24338\/revisions"}],"wp:featuredmedia":[{"embeddable":true,"href":"https:\/\/www.automakersnews.cz\/index.php\/wp-json\/wp\/v2\/media\/24339"}],"wp:attachment":[{"href":"https:\/\/www.automakersnews.cz\/index.php\/wp-json\/wp\/v2\/media?parent=24338"}],"wp:term":[{"taxonomy":"category","embeddable":true,"href":"https:\/\/www.automakersnews.cz\/index.php\/wp-json\/wp\/v2\/categories?post=24338"},{"taxonomy":"post_tag","embeddable":true,"href":"https:\/\/www.automakersnews.cz\/index.php\/wp-json\/wp\/v2\/tags?post=24338"}],"curies":[{"name":"wp","href":"https:\/\/api.w.org\/{rel}","templated":true}]}}