{"id":24381,"date":"2023-02-24T08:46:16","date_gmt":"2023-02-24T08:46:16","guid":{"rendered":"https:\/\/www.automakersnews.cz\/?p=24381"},"modified":"2023-02-24T08:48:49","modified_gmt":"2023-02-24T08:48:49","slug":"barna-vetsina-cechu-jeste-nesedela-v-elektromobilu","status":"publish","type":"post","link":"https:\/\/www.automakersnews.cz\/index.php\/2023\/02\/24\/barna-vetsina-cechu-jeste-nesedela-v-elektromobilu\/","title":{"rendered":"Barna: v\u011bt\u0161ina \u010cech\u016f je\u0161t\u011b nesed\u011bla v elektromobilu"},"content":{"rendered":"<div class=\"update-components-text relative feed-shared-update-v2__commentary \" dir=\"ltr\"><strong><span class=\"break-words\"> <span dir=\"ltr\">Zna\u010dka Kia v\u011b\u0159\u00ed elektromobilit\u011b. Do roku 2027 chce uv\u00e1d\u011bt ka\u017ed\u00fd rok dva nov\u00e9 elektrovozy. Rozhovor <\/span><span dir=\"ltr\">s gener\u00e1ln\u00edm \u0159editelem Kia Czech Arno\u0161tem Barnou na t\u00e9ma elektromobility p\u0159inesl port\u00e1l fDrive.cz.<\/span><\/span><\/strong><\/div>\n<p><!--more--><\/p>\n<div dir=\"ltr\"><iframe loading=\"lazy\"  style=\"display: block; margin: 0px auto;\"  id=\"_ytid_38805\"  width=\"800\" height=\"450\"  data-origwidth=\"800\" data-origheight=\"450\" src=\"https:\/\/www.youtube.com\/embed\/vLT7Hj0znyU?enablejsapi=1&autoplay=1&cc_load_policy=0&iv_load_policy=1&loop=1&playlist=vLT7Hj0znyU&modestbranding=0&fs=1&playsinline=0&controls=1&color=red&cc_lang_pref=&rel=1&autohide=2&theme=dark&\" class=\"__youtube_prefs__  no-lazyload\" title=\"YouTube player\"  allow=\"accelerometer; autoplay; clipboard-write; encrypted-media; gyroscope; picture-in-picture\" allowfullscreen data-no-lazy=\"1\" data-skipgform_ajax_framebjll=\"\"><\/iframe><\/div>\n<p>&nbsp;<\/p>\n","protected":false},"excerpt":{"rendered":"<div class=\"mh-excerpt\"><p>Zna\u010dka Kia v\u011b\u0159\u00ed elektromobilit\u011b. Do roku 2027 chce uv\u00e1d\u011bt ka\u017ed\u00fd rok dva nov\u00e9 elektrovozy. Rozhovor s gener\u00e1ln\u00edm \u0159editelem Kia Czech Arno\u0161tem Barnou na t\u00e9ma elektromobility <a class=\"mh-excerpt-more\" href=\"https:\/\/www.automakersnews.cz\/index.php\/2023\/02\/24\/barna-vetsina-cechu-jeste-nesedela-v-elektromobilu\/\" title=\"Barna: v\u011bt\u0161ina \u010cech\u016f je\u0161t\u011b nesed\u011bla v elektromobilu\">[&#8230;]<\/a><\/p>\n<\/div>","protected":false},"author":1,"featured_media":5956,"comment_status":"open","ping_status":"open","sticky":false,"template":"","format":"standard","meta":{"footnotes":""},"categories":[27],"tags":[],"class_list":["post-24381","post","type-post","status-publish","format-standard","has-post-thumbnail","hentry","category-media"],"_links":{"self":[{"href":"https:\/\/www.automakersnews.cz\/index.php\/wp-json\/wp\/v2\/posts\/24381","targetHints":{"allow":["GET"]}}],"collection":[{"href":"https:\/\/www.automakersnews.cz\/index.php\/wp-json\/wp\/v2\/posts"}],"about":[{"href":"https:\/\/www.automakersnews.cz\/index.php\/wp-json\/wp\/v2\/types\/post"}],"author":[{"embeddable":true,"href":"https:\/\/www.automakersnews.cz\/index.php\/wp-json\/wp\/v2\/users\/1"}],"replies":[{"embeddable":true,"href":"https:\/\/www.automakersnews.cz\/index.php\/wp-json\/wp\/v2\/comments?post=24381"}],"version-history":[{"count":0,"href":"https:\/\/www.automakersnews.cz\/index.php\/wp-json\/wp\/v2\/posts\/24381\/revisions"}],"wp:featuredmedia":[{"embeddable":true,"href":"https:\/\/www.automakersnews.cz\/index.php\/wp-json\/wp\/v2\/media\/5956"}],"wp:attachment":[{"href":"https:\/\/www.automakersnews.cz\/index.php\/wp-json\/wp\/v2\/media?parent=24381"}],"wp:term":[{"taxonomy":"category","embeddable":true,"href":"https:\/\/www.automakersnews.cz\/index.php\/wp-json\/wp\/v2\/categories?post=24381"},{"taxonomy":"post_tag","embeddable":true,"href":"https:\/\/www.automakersnews.cz\/index.php\/wp-json\/wp\/v2\/tags?post=24381"}],"curies":[{"name":"wp","href":"https:\/\/api.w.org\/{rel}","templated":true}]}}